{"id":1148,"date":"2013-05-21T21:36:46","date_gmt":"2013-05-21T20:36:46","guid":{"rendered":"http:\/\/www.jochenguertler.de\/?p=1148"},"modified":"2013-05-21T21:37:10","modified_gmt":"2013-05-21T20:37:10","slug":"vortrag-bei-der-thinc-mannheim","status":"publish","type":"post","link":"https:\/\/www.jochenguertler.de\/?p=1148","title":{"rendered":"Vortrag bei thinc! Mannheim"},"content":{"rendered":"<p>Auf Einladung von <strong><a href=\"https:\/\/www.facebook.com\/thinc.e.v\" target=\"_blank\">thinc! Mannheim<\/a><\/strong>, der Studenteninitiative f\u00fcr Gr\u00fcndung und Entrepreneurship an der Universit\u00e4t Mannheim, hatte ich am <strong>07.Mai<\/strong> das Vergn\u00fcgen in Mannheim \u00fcber <a href=\"http:\/\/de.slideshare.net\/jochenguertler\/design-thinking-woher-kommen-eigentlich-die-wirklich-guten-ideen\" target=\"_blank\"><strong>Design Thinking<\/strong><\/a> zu sprechen.<\/p>\n<p><em>Vor gut gef\u00fcllten H\u00f6rsaalr\u00e4ngen und mit einer Powertpoint-Stereo-Show war das ein sehr kurzweiliger Abend mit interessierten Studierenden.<\/em><\/p>\n<p>Vor allem die lebhaften Diskussionen im Anschluss an meinen Vortrag haben mir Spass gemacht und mir die Vorfreude auf die kommenden Semester gemacht, in denen es wieder um Design Thinking, Lean Management und die passenden Kombinationen davon gehen wird.<\/p>\n<p><a href=\"https:\/\/www.jochenguertler.de\/wp-content\/uploads\/2013\/05\/Bildschirmfoto-2013-05-21-um-22.28.58.png\"><img loading=\"lazy\" decoding=\"async\" class=\"aligncenter size-large wp-image-1151\" alt=\"\" src=\"https:\/\/www.jochenguertler.de\/wp-content\/uploads\/2013\/05\/Bildschirmfoto-2013-05-21-um-22.28.58-1024x575.png\" width=\"674\" height=\"378\" srcset=\"https:\/\/www.jochenguertler.de\/wp-content\/uploads\/2013\/05\/Bildschirmfoto-2013-05-21-um-22.28.58-1024x575.png 1024w, https:\/\/www.jochenguertler.de\/wp-content\/uploads\/2013\/05\/Bildschirmfoto-2013-05-21-um-22.28.58-300x168.png 300w, https:\/\/www.jochenguertler.de\/wp-content\/uploads\/2013\/05\/Bildschirmfoto-2013-05-21-um-22.28.58.png 1894w\" sizes=\"auto, (max-width: 674px) 100vw, 674px\" \/><\/a><\/p>\n","protected":false},"excerpt":{"rendered":"<p>Auf Einladung von thinc! Mannheim, der Studenteninitiative f\u00fcr Gr\u00fcndung und Entrepreneurship an der Universit\u00e4t Mannheim, hatte ich am 07.Mai das Vergn\u00fcgen in Mannheim \u00fcber Design Thinking zu sprechen. Vor gut gef\u00fcllten H\u00f6rsaalr\u00e4ngen und mit einer Powertpoint-Stereo-Show war das ein sehr kurzweiliger Abend mit interessierten Studierenden. Vor allem die lebhaften Diskussionen im Anschluss an meinen Vortrag [&hellip;]<\/p>\n","protected":false},"author":1,"featured_media":1150,"comment_status":"open","ping_status":"open","sticky":false,"template":"","format":"standard","meta":{"footnotes":""},"categories":[4],"tags":[27,49,26,51,52,50,125,126],"class_list":["post-1148","post","type-post","status-publish","format-standard","has-post-thumbnail","hentry","category-veranstaltung","tag-design-thinking","tag-entrepreneurship","tag-innovation","tag-lehre","tag-mannheim","tag-universitat","tag-veranstaltung","tag-vortrag"],"_links":{"self":[{"href":"https:\/\/www.jochenguertler.de\/index.php?rest_route=\/wp\/v2\/posts\/1148","targetHints":{"allow":["GET"]}}],"collection":[{"href":"https:\/\/www.jochenguertler.de\/index.php?rest_route=\/wp\/v2\/posts"}],"about":[{"href":"https:\/\/www.jochenguertler.de\/index.php?rest_route=\/wp\/v2\/types\/post"}],"author":[{"embeddable":true,"href":"https:\/\/www.jochenguertler.de\/index.php?rest_route=\/wp\/v2\/users\/1"}],"replies":[{"embeddable":true,"href":"https:\/\/www.jochenguertler.de\/index.php?rest_route=%2Fwp%2Fv2%2Fcomments&post=1148"}],"version-history":[{"count":0,"href":"https:\/\/www.jochenguertler.de\/index.php?rest_route=\/wp\/v2\/posts\/1148\/revisions"}],"wp:featuredmedia":[{"embeddable":true,"href":"https:\/\/www.jochenguertler.de\/index.php?rest_route=\/wp\/v2\/media\/1150"}],"wp:attachment":[{"href":"https:\/\/www.jochenguertler.de\/index.php?rest_route=%2Fwp%2Fv2%2Fmedia&parent=1148"}],"wp:term":[{"taxonomy":"category","embeddable":true,"href":"https:\/\/www.jochenguertler.de\/index.php?rest_route=%2Fwp%2Fv2%2Fcategories&post=1148"},{"taxonomy":"post_tag","embeddable":true,"href":"https:\/\/www.jochenguertler.de\/index.php?rest_route=%2Fwp%2Fv2%2Ftags&post=1148"}],"curies":[{"name":"wp","href":"https:\/\/api.w.org\/{rel}","templated":true}]}}