{"id":1217,"date":"2013-07-09T13:31:27","date_gmt":"2013-07-09T12:31:27","guid":{"rendered":"http:\/\/www.jochenguertler.de\/?p=1217"},"modified":"2013-07-09T13:31:27","modified_gmt":"2013-07-09T12:31:27","slug":"was-ein-design-thinker-vom-therapeuten-lernen-kann-und-umgekehrt","status":"publish","type":"post","link":"https:\/\/www.jochenguertler.de\/?p=1217","title":{"rendered":"Was ein Design Thinker vom Therapeuten lernen kann &#8211; und umgekehrt."},"content":{"rendered":"<p>Im Rahmen eines <strong>Impulsvortrages<\/strong> bei der SAP mit zahlreichen Kolleginnen und Kollegen aus (Design-Thinking-) Coaching, Organisationsentwicklung und HR hatte ich das Vergn\u00fcgen ein paar Gedanken zu teilen, die mich schon l\u00e4nger besch\u00e4ftigen.<\/p>\n<p><strong>Was kann ein Design Thinker von einem (Gestalt-) Therapeuten lernen &#8211; und umgekehrt?<\/strong> Oder konkreter formuliert: was kann ich als Gestalttherapeut in die Arbeit als Design Thinker einbringen, und welche Ideen, Methoden und Ans\u00e4tze, die ich im Design-Thinking kennengelent habe, kann ich andererweits in meinen Coaching-Alltag einfliessen lassen?<\/p>\n<p><a href=\"http:\/\/prezi.com\/ru-z6yhrar5g\/?utm_campaign=share&amp;utm_medium=copy&amp;rc=ex0share\" target=\"_blank\"><img loading=\"lazy\" decoding=\"async\" class=\"aligncenter size-large wp-image-1219\" alt=\"\" src=\"https:\/\/www.jochenguertler.de\/wp-content\/uploads\/2013\/07\/Screen-shot-2013-07-09-at-2.13.06-PM-1024x571.png\" width=\"1024\" height=\"571\" srcset=\"https:\/\/www.jochenguertler.de\/wp-content\/uploads\/2013\/07\/Screen-shot-2013-07-09-at-2.13.06-PM-1024x571.png 1024w, https:\/\/www.jochenguertler.de\/wp-content\/uploads\/2013\/07\/Screen-shot-2013-07-09-at-2.13.06-PM-300x167.png 300w, https:\/\/www.jochenguertler.de\/wp-content\/uploads\/2013\/07\/Screen-shot-2013-07-09-at-2.13.06-PM.png 1677w\" sizes=\"auto, (max-width: 1024px) 100vw, 1024px\" \/><\/a><\/p>\n<p>&nbsp;<\/p>\n<p>Die <strong><a href=\"http:\/\/prezi.com\/ru-z6yhrar5g\/?utm_campaign=share&amp;utm_medium=copy&amp;rc=ex0share\" target=\"_blank\">Prezi<\/a><\/strong> gibt eine kurze Einf\u00fchrung in die Gestalt (-arbeit) &#8211; weniger als therapeutische Methode sonder mehr als grunds\u00e4tzliche Haltung und Einstellung zum Leben. Darauf\u00a0 aufbauend dann ein paar Gedanken, was ich davon in meiner Arbeit als Design Thinker (als Coach aber auch als Teammitglied) &#8222;gebrauchen&#8220; und anwenden kann.<\/p>\n<p>Die anschliessende Diskussion \u00fcber den Einsatz von therapeutischen Ans\u00e4tzen im Berufsalltag, \u00fcber Design Thinking als Change-Management-Methode, \u00fcber die Theorie U und \u00fcber den aktuellen &#8222;Stand&#8220; der Design-Thinking-Einf\u00fchrung bei SAP war spannend und bereichern und ich freue mich schon auf das n\u00e4chste impulsierende Treffen.<\/p>\n<p>&nbsp;<\/p>\n","protected":false},"excerpt":{"rendered":"<p>Im Rahmen eines Impulsvortrages bei der SAP mit zahlreichen Kolleginnen und Kollegen aus (Design-Thinking-) Coaching, Organisationsentwicklung und HR hatte ich das Vergn\u00fcgen ein paar Gedanken zu teilen, die mich schon l\u00e4nger besch\u00e4ftigen. Was kann ein Design Thinker von einem (Gestalt-) Therapeuten lernen &#8211; und umgekehrt? Oder konkreter formuliert: was kann ich als Gestalttherapeut in die [&hellip;]<\/p>\n","protected":false},"author":1,"featured_media":1219,"comment_status":"open","ping_status":"open","sticky":false,"template":"","format":"standard","meta":{"footnotes":""},"categories":[35],"tags":[43,27,17,58,36,126,57],"class_list":["post-1217","post","type-post","status-publish","format-standard","has-post-thumbnail","hentry","category-vortrag","tag-coaching","tag-design-thinking","tag-gestalt","tag-raum-geben","tag-sap","tag-vortrag","tag-wahrnehmung"],"_links":{"self":[{"href":"https:\/\/www.jochenguertler.de\/index.php?rest_route=\/wp\/v2\/posts\/1217","targetHints":{"allow":["GET"]}}],"collection":[{"href":"https:\/\/www.jochenguertler.de\/index.php?rest_route=\/wp\/v2\/posts"}],"about":[{"href":"https:\/\/www.jochenguertler.de\/index.php?rest_route=\/wp\/v2\/types\/post"}],"author":[{"embeddable":true,"href":"https:\/\/www.jochenguertler.de\/index.php?rest_route=\/wp\/v2\/users\/1"}],"replies":[{"embeddable":true,"href":"https:\/\/www.jochenguertler.de\/index.php?rest_route=%2Fwp%2Fv2%2Fcomments&post=1217"}],"version-history":[{"count":0,"href":"https:\/\/www.jochenguertler.de\/index.php?rest_route=\/wp\/v2\/posts\/1217\/revisions"}],"wp:featuredmedia":[{"embeddable":true,"href":"https:\/\/www.jochenguertler.de\/index.php?rest_route=\/wp\/v2\/media\/1219"}],"wp:attachment":[{"href":"https:\/\/www.jochenguertler.de\/index.php?rest_route=%2Fwp%2Fv2%2Fmedia&parent=1217"}],"wp:term":[{"taxonomy":"category","embeddable":true,"href":"https:\/\/www.jochenguertler.de\/index.php?rest_route=%2Fwp%2Fv2%2Fcategories&post=1217"},{"taxonomy":"post_tag","embeddable":true,"href":"https:\/\/www.jochenguertler.de\/index.php?rest_route=%2Fwp%2Fv2%2Ftags&post=1217"}],"curies":[{"name":"wp","href":"https:\/\/api.w.org\/{rel}","templated":true}]}}