{"id":1267,"date":"2013-09-08T14:47:30","date_gmt":"2013-09-08T13:47:30","guid":{"rendered":"http:\/\/www.jochenguertler.de\/?p=1267"},"modified":"2013-09-08T14:47:30","modified_gmt":"2013-09-08T13:47:30","slug":"wo-sind-all-die-jungwahler-hin","status":"publish","type":"post","link":"https:\/\/www.jochenguertler.de\/?p=1267","title":{"rendered":"Wo sind all die Jungw\u00e4hler hin?"},"content":{"rendered":"<p><img loading=\"lazy\" decoding=\"async\" class=\"alignleft size-full wp-image-1277\" alt=\"csm_academy_head_left_01_7e38853a95\" src=\"https:\/\/www.jochenguertler.de\/wp-content\/uploads\/2013\/09\/csm_academy_head_left_01_7e38853a951.png\" width=\"225\" height=\"135\" \/><em>Wie k\u00f6nnen potentielle Erstw\u00e4hler motivert werden, sich wieder mehr f\u00fcr Politik zu interessieren und letztendlich auch w\u00e4hlen zu gehen?<\/em><\/p>\n<p>Diese Frage stand w\u00e4hrend dem <a href=\"http:\/\/www.hpi-academy.de\/design_thinking\/open_courses.html\" target=\"_blank\"><strong>Design Thinking Open Course<\/strong><\/a> am <strong>Hasso-Plattner-Institut (HPI)<\/strong> in Berlin im Mittelpunkt, bei dem ich das Vergn\u00fcgen hatte, ein f\u00fcnf-k\u00f6pfiges internationales und gut gemischtes Team zu coachen.<\/p>\n<p>An\u00a0 drei Tagen haben sich die insgesamt 35 Teilnehmenden zusammen mit ihren Coaches auf diese Fragestellung eingelassen, haben mit (Erst-) W\u00e4hlern und Nichtw\u00e4hlern gesprochen, haben dabei viel gelernt, sich von der einen oder anderen Antwort \u00fcberraschen und inspirieren lassen und zu guter Letzt anfassbare und testbare Prototypen &#8222;ihrer&#8220; L\u00f6sungsidee(n) erzeugt, getestet, iteriert und letztendlich mit viel Energie, Begeisterung und Spass den anderen Teilnehmenden vorgestellt.<\/p>\n<p><em>In Kombination mit energetisierenden und lustigen Warmups. ausreichend M\u00f6glichkeiten f\u00fcr gemeinsame Reflektion des Gelernten, viel Zeit f\u00fcrs gegenseitigen Kennenlernen und Kontakte kn\u00fcpfen und der wunderbaren Berliner (Sp\u00e4t-) Sommersonne waren das drei tolle lehrreiche, inspirierende und motivierende Tage in Berlin. Gerne wieder!<\/em><\/p>\n<p style=\"text-align: center;\"><a href=\"https:\/\/www.jochenguertler.de\/wp-content\/uploads\/2013\/09\/Screen-shot-2013-09-08-at-3.18.11-PM.png\"><img loading=\"lazy\" decoding=\"async\" class=\"size-large wp-image-1270\" alt=\"Screen shot 2013-09-08 at 3.18.11 PM\" src=\"https:\/\/www.jochenguertler.de\/wp-content\/uploads\/2013\/09\/Screen-shot-2013-09-08-at-3.18.11-PM-1024x572.png\" width=\"1024\" height=\"572\" srcset=\"https:\/\/www.jochenguertler.de\/wp-content\/uploads\/2013\/09\/Screen-shot-2013-09-08-at-3.18.11-PM-1024x572.png 1024w, https:\/\/www.jochenguertler.de\/wp-content\/uploads\/2013\/09\/Screen-shot-2013-09-08-at-3.18.11-PM-300x167.png 300w, https:\/\/www.jochenguertler.de\/wp-content\/uploads\/2013\/09\/Screen-shot-2013-09-08-at-3.18.11-PM.png 1384w\" sizes=\"auto, (max-width: 1024px) 100vw, 1024px\" \/><\/a><\/p>\n","protected":false},"excerpt":{"rendered":"<p>Wie k\u00f6nnen potentielle Erstw\u00e4hler motivert werden, sich wieder mehr f\u00fcr Politik zu interessieren und letztendlich auch w\u00e4hlen zu gehen? Diese Frage stand w\u00e4hrend dem Design Thinking Open Course am Hasso-Plattner-Institut (HPI) in Berlin im Mittelpunkt, bei dem ich das Vergn\u00fcgen hatte, ein f\u00fcnf-k\u00f6pfiges internationales und gut gemischtes Team zu coachen. An\u00a0 drei Tagen haben sich [&hellip;]<\/p>\n","protected":false},"author":1,"featured_media":1273,"comment_status":"open","ping_status":"open","sticky":false,"template":"","format":"standard","meta":{"footnotes":""},"categories":[5],"tags":[66,43,27,65,29,25,23],"class_list":["post-1267","post","type-post","status-publish","format-standard","has-post-thumbnail","hentry","category-blog","tag-berlin","tag-coaching","tag-design-thinking","tag-hpi","tag-team","tag-teambuilding","tag-workshop"],"_links":{"self":[{"href":"https:\/\/www.jochenguertler.de\/index.php?rest_route=\/wp\/v2\/posts\/1267","targetHints":{"allow":["GET"]}}],"collection":[{"href":"https:\/\/www.jochenguertler.de\/index.php?rest_route=\/wp\/v2\/posts"}],"about":[{"href":"https:\/\/www.jochenguertler.de\/index.php?rest_route=\/wp\/v2\/types\/post"}],"author":[{"embeddable":true,"href":"https:\/\/www.jochenguertler.de\/index.php?rest_route=\/wp\/v2\/users\/1"}],"replies":[{"embeddable":true,"href":"https:\/\/www.jochenguertler.de\/index.php?rest_route=%2Fwp%2Fv2%2Fcomments&post=1267"}],"version-history":[{"count":0,"href":"https:\/\/www.jochenguertler.de\/index.php?rest_route=\/wp\/v2\/posts\/1267\/revisions"}],"wp:featuredmedia":[{"embeddable":true,"href":"https:\/\/www.jochenguertler.de\/index.php?rest_route=\/wp\/v2\/media\/1273"}],"wp:attachment":[{"href":"https:\/\/www.jochenguertler.de\/index.php?rest_route=%2Fwp%2Fv2%2Fmedia&parent=1267"}],"wp:term":[{"taxonomy":"category","embeddable":true,"href":"https:\/\/www.jochenguertler.de\/index.php?rest_route=%2Fwp%2Fv2%2Fcategories&post=1267"},{"taxonomy":"post_tag","embeddable":true,"href":"https:\/\/www.jochenguertler.de\/index.php?rest_route=%2Fwp%2Fv2%2Ftags&post=1267"}],"curies":[{"name":"wp","href":"https:\/\/api.w.org\/{rel}","templated":true}]}}