{"id":1355,"date":"2013-10-21T13:49:22","date_gmt":"2013-10-21T12:49:22","guid":{"rendered":"http:\/\/www.jochenguertler.de\/?p=1355"},"modified":"2014-03-14T13:42:30","modified_gmt":"2014-03-14T12:42:30","slug":"wie-kommt-das-neue-in-die-welt","status":"publish","type":"post","link":"https:\/\/www.jochenguertler.de\/?p=1355","title":{"rendered":"Wie kommt das Neue in die Welt?"},"content":{"rendered":"<p>Sehr gerne verweise ich an dieser Stelle auf einen Artikel von <a href=\"http:\/\/www.heiko-kleinhanns.de\/\" target=\"_blank\">Heiko Kleinhanns<\/a>, in dem er u.a. auf unser &#8222;Design Thinking in 30 Minuten&#8220; eingeht &#8211; und auf die Kombinationen, die ich in meiner Arbeit aus Design Thinking, Heldenreise, Scrum, Reiss-Profilen und all dem anderen entstehen lassen kann.<\/p>\n<p>&#8212;-<\/p>\n<p><em>Ideen sind \u2013 zumindest im beruflichen Umfeld \u2013 selten reine Zufallsprodukte, meist entstehen sie aus einer strukturierten Herangehensweise heraus, wenn Probleme mit einer bunten Truppe oder abteilungs\u00fcbergreifend gel\u00f6st werden sollen. Das hei\u00dft, \u00fcberall dort, wo das Neue in die Welt kommen soll braucht es Menschen, die einem Projekt oder Ver\u00e4nderungsprozess tatkr\u00e4ftig zur Seite stehen. Einer dieser Geburtshelfer ist <a title=\"www.jochenguertler.de\" href=\"https:\/\/www.jochenguertler.de\/\" target=\"_blank\">Jochen G\u00fcrtler<\/a>. Ihn besch\u00e4ftigt dabei die Frage, was Ver\u00e4nderung braucht, damit sie geschehen kann, sowohl im pers\u00f6nlichen als auch im inhaltlichen und organisatorischen Kontext. Derzeit ist Jochen G\u00fcrtler neben seiner freiberuflichen T\u00e4tigkeit als Coach und Innovationsberater beim gr\u00f6\u00dften deutschen Softwareanbieter besch\u00e4ftigt, und plant, moderiert und begleitet dort Design Thinking Workshop und Co-Innovations-Projekte.<\/em><\/p>\n<p><a href=\"http:\/\/www.heiko-kleinhanns.de\/design-thinking-jochen-gurtlers-praktischer-ratgeber\/\" target=\"_blank\"><em>Weiterlesen &#8230;<\/em><\/a><\/p>\n<p>&nbsp;<\/p>\n<p style=\"text-align: center;\"><img loading=\"lazy\" decoding=\"async\" class=\"aligncenter  wp-image-1356\" alt=\"Design-Thinking-Infografik1\" src=\"https:\/\/www.jochenguertler.de\/wp-content\/uploads\/2013\/10\/Design-Thinking-Infografik1.jpg\" width=\"605\" height=\"1075\" srcset=\"https:\/\/www.jochenguertler.de\/wp-content\/uploads\/2013\/10\/Design-Thinking-Infografik1.jpg 1080w, https:\/\/www.jochenguertler.de\/wp-content\/uploads\/2013\/10\/Design-Thinking-Infografik1-168x300.jpg 168w, https:\/\/www.jochenguertler.de\/wp-content\/uploads\/2013\/10\/Design-Thinking-Infografik1-576x1024.jpg 576w\" sizes=\"auto, (max-width: 605px) 100vw, 605px\" \/><\/p>\n<p>&nbsp;<\/p>\n<p>&nbsp;<\/p>\n","protected":false},"excerpt":{"rendered":"<p>Sehr gerne verweise ich an dieser Stelle auf einen Artikel von Heiko Kleinhanns, in dem er u.a. auf unser &#8222;Design Thinking in 30 Minuten&#8220; eingeht &#8211; und auf die Kombinationen, die ich in meiner Arbeit aus Design Thinking, Heldenreise, Scrum, Reiss-Profilen und all dem anderen entstehen lassen kann. &#8212;- Ideen sind \u2013 zumindest im beruflichen [&hellip;]<\/p>\n","protected":false},"author":1,"featured_media":1356,"comment_status":"open","ping_status":"open","sticky":false,"template":"","format":"standard","meta":{"footnotes":""},"categories":[5],"tags":[77,27,26,61,29],"class_list":["post-1355","post","type-post","status-publish","format-standard","has-post-thumbnail","hentry","category-blog","tag-das-neue","tag-design-thinking","tag-innovation","tag-interview","tag-team"],"_links":{"self":[{"href":"https:\/\/www.jochenguertler.de\/index.php?rest_route=\/wp\/v2\/posts\/1355","targetHints":{"allow":["GET"]}}],"collection":[{"href":"https:\/\/www.jochenguertler.de\/index.php?rest_route=\/wp\/v2\/posts"}],"about":[{"href":"https:\/\/www.jochenguertler.de\/index.php?rest_route=\/wp\/v2\/types\/post"}],"author":[{"embeddable":true,"href":"https:\/\/www.jochenguertler.de\/index.php?rest_route=\/wp\/v2\/users\/1"}],"replies":[{"embeddable":true,"href":"https:\/\/www.jochenguertler.de\/index.php?rest_route=%2Fwp%2Fv2%2Fcomments&post=1355"}],"version-history":[{"count":0,"href":"https:\/\/www.jochenguertler.de\/index.php?rest_route=\/wp\/v2\/posts\/1355\/revisions"}],"wp:featuredmedia":[{"embeddable":true,"href":"https:\/\/www.jochenguertler.de\/index.php?rest_route=\/wp\/v2\/media\/1356"}],"wp:attachment":[{"href":"https:\/\/www.jochenguertler.de\/index.php?rest_route=%2Fwp%2Fv2%2Fmedia&parent=1355"}],"wp:term":[{"taxonomy":"category","embeddable":true,"href":"https:\/\/www.jochenguertler.de\/index.php?rest_route=%2Fwp%2Fv2%2Fcategories&post=1355"},{"taxonomy":"post_tag","embeddable":true,"href":"https:\/\/www.jochenguertler.de\/index.php?rest_route=%2Fwp%2Fv2%2Ftags&post=1355"}],"curies":[{"name":"wp","href":"https:\/\/api.w.org\/{rel}","templated":true}]}}