{"id":1384,"date":"2013-12-03T12:25:26","date_gmt":"2013-12-03T11:25:26","guid":{"rendered":"http:\/\/www.jochenguertler.de\/?p=1384"},"modified":"2013-12-03T14:09:14","modified_gmt":"2013-12-03T13:09:14","slug":"keynote-beim-ess-kongress-in-sindelfingen","status":"publish","type":"post","link":"https:\/\/www.jochenguertler.de\/?p=1384","title":{"rendered":"Keynote beim ESE-Kongress in Sindelfingen"},"content":{"rendered":"<p>Meine<strong> Keynote\u00a0<\/strong>im Rahmen des <strong>Embedded Software Engineering Kongress 2013<\/strong> in <strong>Sindelfingen<\/strong> war eine kleine Reise zur\u00fcck in meine Heimat, bin ich doch in Darmsheim, einem Teil von Sindelfingen aufgewachsen. Und die B\u00fchne der Stadthalle kenne ich sehr gut von zahlreichen Auftritten mit Big Band und Musikverein.<\/p>\n<p>Nichtsdestrotrotz war meine Keynote unter dem Titel <a href=\"http:\/\/www.ese-kongress.de\/kongress\/keynote.php\" target=\"_blank\"><em>Mit Design Thinking zu besserer Software und mehr Innovation.<\/em><\/a> selbstverst\u00e4ndlich auf\u00a0 zuk\u00fcnftige innovative (Software-) L\u00f6sungen ausgerichtet. Anhand vieler Beispiele aus meiner Workshop- und Projektpraxis habe ich die wesentlichen Elemente von Design Thinking erl\u00e4utert und erkl\u00e4rt. Die abschliessende sehr lebhafte Fragerunde war das beste Feedback f\u00fcr mich, das &#8222;was angekommen&#8220; ist beim Publikum, das trotz\u00a0 fr\u00fchem Start doch sehr zahlreich die Stadthallte gef\u00fcllt hat.<\/p>\n<p><strong>Ein sch\u00f6ner Ausflug und eine gelungene Keynote. Gerne wieder.<\/strong><\/p>\n<p style=\"text-align: center;\"><img loading=\"lazy\" decoding=\"async\" class=\"aligncenter  wp-image-1386\" alt=\"Bildschirmfoto 2013-12-03 um 12.16.19\" src=\"https:\/\/www.jochenguertler.de\/wp-content\/uploads\/2013\/12\/Bildschirmfoto-2013-12-03-um-12.16.19.png\" width=\"574\" height=\"576\" srcset=\"https:\/\/www.jochenguertler.de\/wp-content\/uploads\/2013\/12\/Bildschirmfoto-2013-12-03-um-12.16.19.png 717w, https:\/\/www.jochenguertler.de\/wp-content\/uploads\/2013\/12\/Bildschirmfoto-2013-12-03-um-12.16.19-150x150.png 150w, https:\/\/www.jochenguertler.de\/wp-content\/uploads\/2013\/12\/Bildschirmfoto-2013-12-03-um-12.16.19-298x300.png 298w\" sizes=\"auto, (max-width: 574px) 100vw, 574px\" \/><\/p>\n","protected":false},"excerpt":{"rendered":"<p>Meine Keynote\u00a0im Rahmen des Embedded Software Engineering Kongress 2013 in Sindelfingen war eine kleine Reise zur\u00fcck in meine Heimat, bin ich doch in Darmsheim, einem Teil von Sindelfingen aufgewachsen. Und die B\u00fchne der Stadthalle kenne ich sehr gut von zahlreichen Auftritten mit Big Band und Musikverein. Nichtsdestrotrotz war meine Keynote unter dem Titel Mit Design [&hellip;]<\/p>\n","protected":false},"author":1,"featured_media":1386,"comment_status":"open","ping_status":"open","sticky":false,"template":"","format":"standard","meta":{"footnotes":""},"categories":[35],"tags":[27,79,38,126],"class_list":["post-1384","post","type-post","status-publish","format-standard","has-post-thumbnail","hentry","category-vortrag","tag-design-thinking","tag-sindelfingen","tag-software","tag-vortrag"],"_links":{"self":[{"href":"https:\/\/www.jochenguertler.de\/index.php?rest_route=\/wp\/v2\/posts\/1384","targetHints":{"allow":["GET"]}}],"collection":[{"href":"https:\/\/www.jochenguertler.de\/index.php?rest_route=\/wp\/v2\/posts"}],"about":[{"href":"https:\/\/www.jochenguertler.de\/index.php?rest_route=\/wp\/v2\/types\/post"}],"author":[{"embeddable":true,"href":"https:\/\/www.jochenguertler.de\/index.php?rest_route=\/wp\/v2\/users\/1"}],"replies":[{"embeddable":true,"href":"https:\/\/www.jochenguertler.de\/index.php?rest_route=%2Fwp%2Fv2%2Fcomments&post=1384"}],"version-history":[{"count":0,"href":"https:\/\/www.jochenguertler.de\/index.php?rest_route=\/wp\/v2\/posts\/1384\/revisions"}],"wp:featuredmedia":[{"embeddable":true,"href":"https:\/\/www.jochenguertler.de\/index.php?rest_route=\/wp\/v2\/media\/1386"}],"wp:attachment":[{"href":"https:\/\/www.jochenguertler.de\/index.php?rest_route=%2Fwp%2Fv2%2Fmedia&parent=1384"}],"wp:term":[{"taxonomy":"category","embeddable":true,"href":"https:\/\/www.jochenguertler.de\/index.php?rest_route=%2Fwp%2Fv2%2Fcategories&post=1384"},{"taxonomy":"post_tag","embeddable":true,"href":"https:\/\/www.jochenguertler.de\/index.php?rest_route=%2Fwp%2Fv2%2Ftags&post=1384"}],"curies":[{"name":"wp","href":"https:\/\/api.w.org\/{rel}","templated":true}]}}