{"id":1417,"date":"2014-02-21T14:10:22","date_gmt":"2014-02-21T13:10:22","guid":{"rendered":"http:\/\/www.jochenguertler.de\/?p=1417"},"modified":"2014-02-21T14:10:22","modified_gmt":"2014-02-21T13:10:22","slug":"30-minuten-design-thinking-jetzt-zum-anhoren","status":"publish","type":"post","link":"https:\/\/www.jochenguertler.de\/?p=1417","title":{"rendered":"30 Minuten Design Thinking &#8211; jetzt zum Anh\u00f6ren."},"content":{"rendered":"<p>Unser <em><a href=\"http:\/\/www.amazon.de\/Minuten-Design-Thinking-Jochen-G%C3%BCrtler\/dp\/3869364866\" target=\"_blank\">&#8222;30 Minuten Design Thinking&#8220;<\/a><\/em> Buch ist nun zum Anh\u00f6ren verf\u00fcgbar. Unterlegt mit Musik und passenden Ger\u00e4uschen sprechen die 3 Sprecher \u00fcber Innovation, interdisziplin\u00e4re Teams, flexibel R\u00e4ume und die richtige Herangehensweise, um innovative L\u00f6sungen f\u00fcr komplexe Probleme zu finden.<\/p>\n<p><a href=\"https:\/\/www.dropbox.com\/s\/7x24ocqlemtfrrp\/01%20Titel%2001.mp3\" target=\"_blank\">Hier<\/a> kann man in das erste Kapitel reinzuh\u00f6ren. Wir w\u00fcnsche viel Spass.<\/p>\n<p><a href=\"http:\/\/www.amazon.de\/Minuten-Design-Thinking-Jochen-G%C3%BCrtler\/dp\/3869365803\/ref=tmm_abk_title_0\" target=\"_blank\"><\/p>\n<p style=\"text-align: center;\"><img loading=\"lazy\" decoding=\"async\" class=\"aligncenter size-full wp-image-1419\" alt=\"Bildschirmfoto 2014-02-21 um 13.27.08\" src=\"https:\/\/www.jochenguertler.de\/wp-content\/uploads\/2014\/02\/Bildschirmfoto-2014-02-21-um-13.27.081.png\" width=\"374\" height=\"376\" srcset=\"https:\/\/www.jochenguertler.de\/wp-content\/uploads\/2014\/02\/Bildschirmfoto-2014-02-21-um-13.27.081.png 374w, https:\/\/www.jochenguertler.de\/wp-content\/uploads\/2014\/02\/Bildschirmfoto-2014-02-21-um-13.27.081-150x150.png 150w, https:\/\/www.jochenguertler.de\/wp-content\/uploads\/2014\/02\/Bildschirmfoto-2014-02-21-um-13.27.081-298x300.png 298w\" sizes=\"auto, (max-width: 374px) 100vw, 374px\" \/><\/p>\n<p><\/a><\/p>\n","protected":false},"excerpt":{"rendered":"<p>Unser &#8222;30 Minuten Design Thinking&#8220; Buch ist nun zum Anh\u00f6ren verf\u00fcgbar. Unterlegt mit Musik und passenden Ger\u00e4uschen sprechen die 3 Sprecher \u00fcber Innovation, interdisziplin\u00e4re Teams, flexibel R\u00e4ume und die richtige Herangehensweise, um innovative L\u00f6sungen f\u00fcr komplexe Probleme zu finden. Hier kann man in das erste Kapitel reinzuh\u00f6ren. Wir w\u00fcnsche viel Spass.<\/p>\n","protected":false},"author":1,"featured_media":1418,"comment_status":"open","ping_status":"open","sticky":false,"template":"","format":"standard","meta":{"footnotes":""},"categories":[1,5],"tags":[64,27,26],"class_list":["post-1417","post","type-post","status-publish","format-standard","has-post-thumbnail","hentry","category-allgemein","category-blog","tag-buch","tag-design-thinking","tag-innovation"],"_links":{"self":[{"href":"https:\/\/www.jochenguertler.de\/index.php?rest_route=\/wp\/v2\/posts\/1417","targetHints":{"allow":["GET"]}}],"collection":[{"href":"https:\/\/www.jochenguertler.de\/index.php?rest_route=\/wp\/v2\/posts"}],"about":[{"href":"https:\/\/www.jochenguertler.de\/index.php?rest_route=\/wp\/v2\/types\/post"}],"author":[{"embeddable":true,"href":"https:\/\/www.jochenguertler.de\/index.php?rest_route=\/wp\/v2\/users\/1"}],"replies":[{"embeddable":true,"href":"https:\/\/www.jochenguertler.de\/index.php?rest_route=%2Fwp%2Fv2%2Fcomments&post=1417"}],"version-history":[{"count":0,"href":"https:\/\/www.jochenguertler.de\/index.php?rest_route=\/wp\/v2\/posts\/1417\/revisions"}],"wp:featuredmedia":[{"embeddable":true,"href":"https:\/\/www.jochenguertler.de\/index.php?rest_route=\/wp\/v2\/media\/1418"}],"wp:attachment":[{"href":"https:\/\/www.jochenguertler.de\/index.php?rest_route=%2Fwp%2Fv2%2Fmedia&parent=1417"}],"wp:term":[{"taxonomy":"category","embeddable":true,"href":"https:\/\/www.jochenguertler.de\/index.php?rest_route=%2Fwp%2Fv2%2Fcategories&post=1417"},{"taxonomy":"post_tag","embeddable":true,"href":"https:\/\/www.jochenguertler.de\/index.php?rest_route=%2Fwp%2Fv2%2Ftags&post=1417"}],"curies":[{"name":"wp","href":"https:\/\/api.w.org\/{rel}","templated":true}]}}