{"id":1549,"date":"2014-06-23T12:50:21","date_gmt":"2014-06-23T11:50:21","guid":{"rendered":"http:\/\/www.jochenguertler.de\/?p=1549"},"modified":"2014-06-23T12:51:58","modified_gmt":"2014-06-23T11:51:58","slug":"von-helden-die-nicht-gegen-drachen-kampfen","status":"publish","type":"post","link":"https:\/\/www.jochenguertler.de\/?p=1549","title":{"rendered":"Von Helden, die nicht gegen Drachen k\u00e4mpfen."},"content":{"rendered":"<p>Ganz klar, in diesem Tagen sind vor allem die (<strong>Fussball-) Helden<\/strong> in aller Munde, die sich im fernen Brasilien zwar ohne Superkr\u00e4fte aber daf\u00fcr mit umso mehr Ballgef\u00fchl, Laufleistung\u00a0 taktischer Ausrichtung und hoffentlich auch mit &#8222;h\u00f6chschter Konzentration&#8220; mit den Fussballhelden andere Nationen meist mehr oder weniger friedlich messen. M\u00f6ge der bessere gewinnen!<\/p>\n<p>Dar\u00fcberhinaus finde ich es &#8222;h\u00f6chscht&#8220; spannend, dass ein Thema, das ich aus meiner Gestalt-Ausbildung sehr gut kenne, mittlerweile auch im professionellen Umfeld immer \u00f6fters auftaucht und diskutiert wird: <strong>Joseph Campell\u00b4s <a href=\"http:\/\/de.wikipedia.org\/wiki\/Heldenreise\" target=\"_blank\">Monomythos<\/a><\/strong>, der das immer wiederkehrende Abenteuer des &#8222;Helden&#8220; beschreibt.<\/p>\n<p>Der einen <strong>Ruf<\/strong> erh\u00e4lt, der den Helden veranlasst, sein wohlbekanntes aber oft auch einengendes Dorf zu verlassen: Auf der Suche nach der Prinzessin, dem lang gesuchten heiligen Gral oder um &#8222;den einen Ring&#8220; entg\u00fcltig zu vernichten.<\/p>\n<p>Der bei seinem Heldenabenteuer Unters\u00fctzung bekommt von einem <strong>Mentor<\/strong> (der zumindest in Filmen dann doch des \u00f6fteren mit dem grauen Rauschebart in Aktion tritt) und meist auch weiteren Gef\u00e4hrten. Der <strong>Schwellenh\u00fcter<\/strong> \u00fcberwinden muss beim Eintritt in die unbekannte Welt. der auf seinem Weg viele Abenteuer und <strong>Pr\u00fcfungen<\/strong> bew\u00e4ltigen muss, dabei Siege feiern darf und Niederlagen verdauen muss, bevor er dann in seiner <strong>gr\u00f6sssten Pr\u00fcfung<\/strong> seinen gr\u00f6ssten \u00c4ngsten, dem ultimativen B\u00f6sen, dem Drachen gegen\u00fcbersteht und auch diese Pr\u00fcfung besteht.<\/p>\n<p>Und der dann zu guter Letzt mit seinem neu gewonnenen Wissen, dem Elixier, der geretteten Prinzessin, als &#8222;neu-geboreren&#8220; Mensch in seine wohlbekannte Heimat zur\u00fcckkehrt um dort am Ende als <strong>&#8222;Meister zweier Welten&#8220;<\/strong> das Neue und das Alte integriert.<\/p>\n<p>Die von Campell untersuchten Legenden, Mythen und Geschichten beinhalten fast unendliches Wissen dar\u00fcber, wie Menschen in allen Zeiten und Kulturen mit Ver\u00e4nderungsprozessen umgegangen sind. Sowohl im pers\u00f6nlichen aber auch im sozialen oder organisatorischen Umfeld. <em>Warum dieses Wissen dann nicht auch heute nutzen f\u00fcr eben solche Ver\u00e4nderungsprozesse, denen wir alle in einer immer schneller werdenden Welt nat\u00fcrlich tagt\u00e4glich ausgesetzt sind?<\/em><\/p>\n<p>Sei es in der von <strong>Paul Rebelliot<\/strong> entwickelten <a href=\"http:\/\/de.wikipedia.org\/wiki\/Heldenreise\" target=\"_blank\"><strong>&#8222;Heldenreise&#8220;<\/strong><\/a>, bei der sich der innere Held auf den Weg macht um pers\u00f6hnlich zu wachsen. Eine Reise, die ich im <strong><a href=\"https:\/\/www.jochenguertler.de\/?p=613\" target=\"_blank\">Rahmen meiner Gestalt-Ausbildung<\/a><\/strong> als sehr sehr kraftvolle und bewegende Selbsterfahrung erleben durfte, und die ich jedem Helden und jeder Heldin nur ans Herz legen kann.<\/p>\n<p>Oder eben im mehr organisatorischen Kontext, f\u00fcr das das u.a. von <strong>Nina Trobisch<\/strong> entwickelte<a href=\"http:\/\/www.innovation-heldenprinzip.de\/\" target=\"_blank\"> <strong>&#8222;Heldenprinzip&#8220;<\/strong><\/a> einen Leitfaden bietet, der Einzelen, Teams oder ganze Firmen durch meist notwenige aber oft auch schmerzvolle Ver\u00e4nderungsprozesse begleiten kann.<\/p>\n<p>Und auch in den Design-Thinking- und Innovations-Workshops, die ich als Coach (und Mentor?) begleiten darf, stellen sich die aus dem Monomythos allzu bekannten Fragen, wie beispielsweise die Folgenden:<\/p>\n<ul>\n<li>Was ist denn unser Ruf? Warum sind wir zusammengekommen? Was ist unser Ziel, wenn wir denn ein gemeinsames haben?<\/li>\n<li>Welche Hindernisse gilt es zu \u00fcberwinden bei unserem Heldenabenteuer? Welche Schwellenh\u00fcter in Form von &#8222;eingefahrenen Prozessen&#8220;, Nein-Sagern oder &#8222;Haben wir noch nie so gemacht&#8220;&#8220; gilt es zu \u00fcberwinden?<\/li>\n<li>Und wenn wir am Ende mit einer neuen Idee, einen Prototypen oder einfach mit \u00fcberraschenden Antworten &#8222;zur\u00fcck&#8220; ins &#8222;heimische Dorf&#8220;, in den beruflichen Alltag wollen und m\u00fcssen &#8211; wie kann der Weg zur\u00fcck gelingen, damit wir am Ende &#8222;Helden zweier Welten&#8220; sind?<\/li>\n<\/ul>\n<p>Bekannte Fragen und Herausforderungen, oder nicht? Und zwar ganz unabh\u00e4ngig davon ob &#8222;der Held&#8220; dann jeder Einzelne ist, das neu formierte Innovationsteam, die etablierte Entwicklergruppe oder eine ganze Abteilung oder gar Firma.<\/p>\n<p><strong>Ich bin jedenfalls sehr gespannt, wie das Ver\u00e4nderungswissen aus Campell\u00b4s Monomythos Schritt f\u00fcr Schritt auch im professiollen Umfeld\u00a0 mehr und mehr Beachtung finden wird, und freue mich dar\u00fcber, dass ich daf\u00fcr auch u.a. mit Nina Trobisch im sehr inspirierenden und lehrreichen Austausch bin.<\/strong><\/p>\n<p><img loading=\"lazy\" decoding=\"async\" class=\"aligncenter size-large wp-image-1557\" alt=\"DSC07647\" src=\"https:\/\/www.jochenguertler.de\/wp-content\/uploads\/2014\/06\/DSC07647-1024x576.jpg\" width=\"1024\" height=\"576\" srcset=\"https:\/\/www.jochenguertler.de\/wp-content\/uploads\/2014\/06\/DSC07647-1024x576.jpg 1024w, https:\/\/www.jochenguertler.de\/wp-content\/uploads\/2014\/06\/DSC07647-300x169.jpg 300w\" sizes=\"auto, (max-width: 1024px) 100vw, 1024px\" \/><\/p>\n<p>&nbsp;<\/p>\n","protected":false},"excerpt":{"rendered":"<p>Ganz klar, in diesem Tagen sind vor allem die (Fussball-) Helden in aller Munde, die sich im fernen Brasilien zwar ohne Superkr\u00e4fte aber daf\u00fcr mit umso mehr Ballgef\u00fchl, Laufleistung\u00a0 taktischer Ausrichtung und hoffentlich auch mit &#8222;h\u00f6chschter Konzentration&#8220; mit den Fussballhelden andere Nationen meist mehr oder weniger friedlich messen. M\u00f6ge der bessere gewinnen! Dar\u00fcberhinaus finde ich [&hellip;]<\/p>\n","protected":false},"author":1,"featured_media":1557,"comment_status":"open","ping_status":"open","sticky":false,"template":"","format":"standard","meta":{"footnotes":""},"categories":[5],"tags":[74,27,89,22,26,90,91],"class_list":["post-1549","post","type-post","status-publish","format-standard","has-post-thumbnail","hentry","category-blog","tag-design","tag-design-thinking","tag-heldenprinzip","tag-heldenreise","tag-innovation","tag-joseph-campell","tag-monomythos"],"_links":{"self":[{"href":"https:\/\/www.jochenguertler.de\/index.php?rest_route=\/wp\/v2\/posts\/1549","targetHints":{"allow":["GET"]}}],"collection":[{"href":"https:\/\/www.jochenguertler.de\/index.php?rest_route=\/wp\/v2\/posts"}],"about":[{"href":"https:\/\/www.jochenguertler.de\/index.php?rest_route=\/wp\/v2\/types\/post"}],"author":[{"embeddable":true,"href":"https:\/\/www.jochenguertler.de\/index.php?rest_route=\/wp\/v2\/users\/1"}],"replies":[{"embeddable":true,"href":"https:\/\/www.jochenguertler.de\/index.php?rest_route=%2Fwp%2Fv2%2Fcomments&post=1549"}],"version-history":[{"count":0,"href":"https:\/\/www.jochenguertler.de\/index.php?rest_route=\/wp\/v2\/posts\/1549\/revisions"}],"wp:featuredmedia":[{"embeddable":true,"href":"https:\/\/www.jochenguertler.de\/index.php?rest_route=\/wp\/v2\/media\/1557"}],"wp:attachment":[{"href":"https:\/\/www.jochenguertler.de\/index.php?rest_route=%2Fwp%2Fv2%2Fmedia&parent=1549"}],"wp:term":[{"taxonomy":"category","embeddable":true,"href":"https:\/\/www.jochenguertler.de\/index.php?rest_route=%2Fwp%2Fv2%2Fcategories&post=1549"},{"taxonomy":"post_tag","embeddable":true,"href":"https:\/\/www.jochenguertler.de\/index.php?rest_route=%2Fwp%2Fv2%2Ftags&post=1549"}],"curies":[{"name":"wp","href":"https:\/\/api.w.org\/{rel}","templated":true}]}}