{"id":1675,"date":"2014-09-26T11:47:50","date_gmt":"2014-09-26T10:47:50","guid":{"rendered":"http:\/\/www.jochenguertler.de\/?p=1675"},"modified":"2014-09-26T11:47:50","modified_gmt":"2014-09-26T10:47:50","slug":"der-sprung-ins-kreative","status":"publish","type":"post","link":"https:\/\/www.jochenguertler.de\/?p=1675","title":{"rendered":"Der Sprung ins Kreative"},"content":{"rendered":"<p style=\"text-align: center;\"><img loading=\"lazy\" decoding=\"async\" class=\"aligncenter  wp-image-1681\" alt=\"Bildschirmfoto 2014-09-26 um 12.44.16\" src=\"https:\/\/www.jochenguertler.de\/wp-content\/uploads\/2014\/09\/Bildschirmfoto-2014-09-26-um-12.44.16.png\" width=\"696\" height=\"463\" srcset=\"https:\/\/www.jochenguertler.de\/wp-content\/uploads\/2014\/09\/Bildschirmfoto-2014-09-26-um-12.44.16.png 994w, https:\/\/www.jochenguertler.de\/wp-content\/uploads\/2014\/09\/Bildschirmfoto-2014-09-26-um-12.44.16-300x199.png 300w\" sizes=\"auto, (max-width: 696px) 100vw, 696px\" \/><\/p>\n<p>Auf Einladung von <strong>Gerhard Pfau<\/strong> war ich am 19. September eingeladen zur <strong>Er\u00f6ffnung des IBM Design Studios<\/strong> in B\u00f6blingen. Neben viel informativem Networking hatte ich die Gelegenheit w\u00e4hrend einem kurzen Grusswort den anwesenden G\u00e4sten aus allen Teilen der Welt <strong>3 gute Gr\u00fcnde<\/strong> zu nennen, warum mir die Arbeit mit Design Thinking so Spass macht:<\/p>\n<ol>\n<li>Ich habe durch die vielen Projekte und Workshops immer wieder aufs Neue Gelegenheit in f\u00fcr mich neue Themen einzutauchen, neue Arbeitswelten kennenzulernen und vor allem immer wieder mit interessanten Menschen zusammenzukommen, von denen ich lernen kann.<\/li>\n<li>Mir als &#8222;Kopfmensch&#8220; wird die Arbeit mit den H\u00e4nden immer wichtiger. Das Erstellen von einfachen und unfertigen Prototypen wird daher f\u00fcr mich mehr und mehr zu einem zentralen Schritt im Design Thinking. &#8222;Don\u00b4t tell &#8211; show&#8220;- das ist die Devise die Spass macht und uns alle ein wenig vom endlosen Diskutieren und Lamentieren abhalten kann<\/li>\n<li>Neben der Arbeit an den Inhalten, an neuen Ideen, an innovativen L\u00f6sungen oft komplexer Probleme ergeben sich im Design Thinking vielerlei M\u00f6glichkeiten jeden Einzelnen, die beteiligten Teams und letztendlich damit auch die gesamte Organisation weiterzuentwickeln und wachsen zu lassen hin zu einer kreativeren, agileren, und damit auch innovativeren Arbeitsweise.<\/li>\n<\/ol>\n<p><strong>Ich w\u00fcnsche Gerhard und seinem Team viel Spass beim Design Thinken und freue mich auf zuk\u00fcnftige gemeinsame Aktivit\u00e4ten und eine regen Austausch \u00fcber Post-It\u00b4s und Co.<\/strong><\/p>\n<p style=\"text-align: center;\"><img loading=\"lazy\" decoding=\"async\" class=\"aligncenter size-full wp-image-1682\" alt=\"Bildschirmfoto 2014-09-26 um 12.44.28\" src=\"https:\/\/www.jochenguertler.de\/wp-content\/uploads\/2014\/09\/Bildschirmfoto-2014-09-26-um-12.44.28.png\" width=\"800\" height=\"450\" srcset=\"https:\/\/www.jochenguertler.de\/wp-content\/uploads\/2014\/09\/Bildschirmfoto-2014-09-26-um-12.44.28.png 800w, https:\/\/www.jochenguertler.de\/wp-content\/uploads\/2014\/09\/Bildschirmfoto-2014-09-26-um-12.44.28-300x168.png 300w\" sizes=\"auto, (max-width: 800px) 100vw, 800px\" \/><\/p>\n","protected":false},"excerpt":{"rendered":"<p>Auf Einladung von Gerhard Pfau war ich am 19. September eingeladen zur Er\u00f6ffnung des IBM Design Studios in B\u00f6blingen. Neben viel informativem Networking hatte ich die Gelegenheit w\u00e4hrend einem kurzen Grusswort den anwesenden G\u00e4sten aus allen Teilen der Welt 3 gute Gr\u00fcnde zu nennen, warum mir die Arbeit mit Design Thinking so Spass macht: Ich [&hellip;]<\/p>\n","protected":false},"author":1,"featured_media":1679,"comment_status":"open","ping_status":"open","sticky":false,"template":"","format":"standard","meta":{"footnotes":""},"categories":[5],"tags":[95,27,93,94,125,126],"class_list":["post-1675","post","type-post","status-publish","format-standard","has-post-thumbnail","hentry","category-blog","tag-boblingen","tag-design-thinking","tag-ibm","tag-space","tag-veranstaltung","tag-vortrag"],"_links":{"self":[{"href":"https:\/\/www.jochenguertler.de\/index.php?rest_route=\/wp\/v2\/posts\/1675","targetHints":{"allow":["GET"]}}],"collection":[{"href":"https:\/\/www.jochenguertler.de\/index.php?rest_route=\/wp\/v2\/posts"}],"about":[{"href":"https:\/\/www.jochenguertler.de\/index.php?rest_route=\/wp\/v2\/types\/post"}],"author":[{"embeddable":true,"href":"https:\/\/www.jochenguertler.de\/index.php?rest_route=\/wp\/v2\/users\/1"}],"replies":[{"embeddable":true,"href":"https:\/\/www.jochenguertler.de\/index.php?rest_route=%2Fwp%2Fv2%2Fcomments&post=1675"}],"version-history":[{"count":0,"href":"https:\/\/www.jochenguertler.de\/index.php?rest_route=\/wp\/v2\/posts\/1675\/revisions"}],"wp:featuredmedia":[{"embeddable":true,"href":"https:\/\/www.jochenguertler.de\/index.php?rest_route=\/wp\/v2\/media\/1679"}],"wp:attachment":[{"href":"https:\/\/www.jochenguertler.de\/index.php?rest_route=%2Fwp%2Fv2%2Fmedia&parent=1675"}],"wp:term":[{"taxonomy":"category","embeddable":true,"href":"https:\/\/www.jochenguertler.de\/index.php?rest_route=%2Fwp%2Fv2%2Fcategories&post=1675"},{"taxonomy":"post_tag","embeddable":true,"href":"https:\/\/www.jochenguertler.de\/index.php?rest_route=%2Fwp%2Fv2%2Ftags&post=1675"}],"curies":[{"name":"wp","href":"https:\/\/api.w.org\/{rel}","templated":true}]}}