{"id":1720,"date":"2014-10-29T09:19:32","date_gmt":"2014-10-29T08:19:32","guid":{"rendered":"http:\/\/www.jochenguertler.de\/?p=1720"},"modified":"2014-10-29T09:19:32","modified_gmt":"2014-10-29T08:19:32","slug":"design-thinking-mit-und-bei-der-enbw","status":"publish","type":"post","link":"https:\/\/www.jochenguertler.de\/?p=1720","title":{"rendered":"Design Thinking mit und bei der EnBW"},"content":{"rendered":"<p style=\"text-align: center;\"><img loading=\"lazy\" decoding=\"async\" class=\"aligncenter size-full wp-image-1724\" alt=\"2014 EnBW Training September-001\" src=\"https:\/\/www.jochenguertler.de\/wp-content\/uploads\/2014\/10\/2014-EnBW-Training-September-001.jpg\" width=\"1000\" height=\"563\" srcset=\"https:\/\/www.jochenguertler.de\/wp-content\/uploads\/2014\/10\/2014-EnBW-Training-September-001.jpg 1000w, https:\/\/www.jochenguertler.de\/wp-content\/uploads\/2014\/10\/2014-EnBW-Training-September-001-300x168.jpg 300w\" sizes=\"auto, (max-width: 1000px) 100vw, 1000px\" \/><\/p>\n<p><i><strong>Preisfrage:<\/strong> Wie bringt man Design Thinking in ein sehr etabliertes Unternehmen und wie kann man Management und Mitarbeiter von der &#8222;etwas anderen Art&#8220; der (Zusammen-) Arbeit \u00fcberzeugen und daf\u00fcr begeistern? Indem man dar\u00fcber spricht? Indem es von &#8222;obnen nach unten&#8220; befehlt wird? Indem man das dem Zufall \u00fcberl\u00e4sst? Leider nein!<br \/>\n<\/i><\/p>\n<div><i><i><strong>Denn Design Thinking wird bekanntermassen am Besten dadurch vermittelt in dem man es erlebbar macht! <\/strong><\/i><\/i> Deswegen stand in meiner Zusammenarbeit mit der <strong>EnBW<\/strong>, bei der es darum ging ein <strong>halb-t\u00e4giges Einstiegstraining <\/strong>zum Thema &#8222;Design Thinking&#8220; zu erstellen, auch der <strong>&#8222;Erlebnisfaktor&#8220;<\/strong> im Vordergrund und nicht die reine Wissensvermittlung.<\/div>\n<div><\/div>\n<p><div><i><i>Zusammen mit <strong>Manuela Mauru<\/strong>s und <strong>Lutz Ehrlich<\/strong> von Seiten der EnBW ist dabei ein Format entstanden, das es den Teilnehmenden erlaubt, Design Thinking direkt anzuwenden, dabei neue KollegenInnen aus anderen Bereichen des Unternehmens kennenzulernen und last but not least auch die neugestalteten R\u00e4ume im <strong>EnBW Innovations-Campus<\/strong> kennenzulernen.<\/i><\/i><\/div>\n<p><div><\/div>\n<div style=\"text-align: center;\"><img loading=\"lazy\" decoding=\"async\" class=\"aligncenter size-full wp-image-1725\" alt=\"2014 EnBW Training September-002\" src=\"https:\/\/www.jochenguertler.de\/wp-content\/uploads\/2014\/10\/2014-EnBW-Training-September-002.jpg\" width=\"1000\" height=\"563\" srcset=\"https:\/\/www.jochenguertler.de\/wp-content\/uploads\/2014\/10\/2014-EnBW-Training-September-002.jpg 1000w, https:\/\/www.jochenguertler.de\/wp-content\/uploads\/2014\/10\/2014-EnBW-Training-September-002-300x168.jpg 300w\" sizes=\"auto, (max-width: 1000px) 100vw, 1000px\" \/><\/div>\n<div><\/div>\n<p><div>Anhand f\u00fcr die EnBW relevanter Fragestellungen rund um die Themen nachhaltige Energien und Mobilit\u00e4t konnten die Teilnehmenden erleben, wie schnell es m\u00f6glich ist, in ein Problemfeld einzutauchen, einen konkretne Bedarf zu bestimmen und darauf aufbauend\u00a0 Ideen und erste Prototypen zu erstellen. Dass dabei der Spass nicht auf der Strecken bleiben muss, war dann sozusagen noch das S\u00e4hneh\u00e4ubchen.<\/div>\n<div><\/div>\n<p><div><strong><i>Die ersten Trainings im September verliefen sehr positiv und rufen nach m\u00f6glichst vielen Fortsetzungen. Daher freue ich mich, wenn nun m\u00f6glichst viele ENBW-ler zu &#8222;Design Thinkern&#8220; werden und das von mir mitentwickelte Training dabei einen kleinen Beitrag leisten kann.<\/i><\/strong><\/div>\n<p><div><\/div>\n<div style=\"text-align: center;\"><img loading=\"lazy\" decoding=\"async\" class=\"aligncenter size-full wp-image-1726\" alt=\"2014 EnBW Training September-003\" src=\"https:\/\/www.jochenguertler.de\/wp-content\/uploads\/2014\/10\/2014-EnBW-Training-September-003.jpg\" width=\"1000\" height=\"563\" srcset=\"https:\/\/www.jochenguertler.de\/wp-content\/uploads\/2014\/10\/2014-EnBW-Training-September-003.jpg 1000w, https:\/\/www.jochenguertler.de\/wp-content\/uploads\/2014\/10\/2014-EnBW-Training-September-003-300x168.jpg 300w\" sizes=\"auto, (max-width: 1000px) 100vw, 1000px\" \/><\/div>\n","protected":false},"excerpt":{"rendered":"<p>Preisfrage: Wie bringt man Design Thinking in ein sehr etabliertes Unternehmen und wie kann man Management und Mitarbeiter von der &#8222;etwas anderen Art&#8220; der (Zusammen-) Arbeit \u00fcberzeugen und daf\u00fcr begeistern? Indem man dar\u00fcber spricht? Indem es von &#8222;obnen nach unten&#8220; befehlt wird? Indem man das dem Zufall \u00fcberl\u00e4sst? Leider nein! Denn Design Thinking wird bekanntermassen [&hellip;]<\/p>\n","protected":false},"author":1,"featured_media":1724,"comment_status":"open","ping_status":"open","sticky":false,"template":"","format":"standard","meta":{"footnotes":""},"categories":[1],"tags":[101,27,100,26,44,29,87],"class_list":["post-1720","post","type-post","status-publish","format-standard","has-post-thumbnail","hentry","category-allgemein","tag-ausbildung","tag-design-thinking","tag-enbw","tag-innovation","tag-karlsruhe","tag-team","tag-training"],"_links":{"self":[{"href":"https:\/\/www.jochenguertler.de\/index.php?rest_route=\/wp\/v2\/posts\/1720","targetHints":{"allow":["GET"]}}],"collection":[{"href":"https:\/\/www.jochenguertler.de\/index.php?rest_route=\/wp\/v2\/posts"}],"about":[{"href":"https:\/\/www.jochenguertler.de\/index.php?rest_route=\/wp\/v2\/types\/post"}],"author":[{"embeddable":true,"href":"https:\/\/www.jochenguertler.de\/index.php?rest_route=\/wp\/v2\/users\/1"}],"replies":[{"embeddable":true,"href":"https:\/\/www.jochenguertler.de\/index.php?rest_route=%2Fwp%2Fv2%2Fcomments&post=1720"}],"version-history":[{"count":0,"href":"https:\/\/www.jochenguertler.de\/index.php?rest_route=\/wp\/v2\/posts\/1720\/revisions"}],"wp:featuredmedia":[{"embeddable":true,"href":"https:\/\/www.jochenguertler.de\/index.php?rest_route=\/wp\/v2\/media\/1724"}],"wp:attachment":[{"href":"https:\/\/www.jochenguertler.de\/index.php?rest_route=%2Fwp%2Fv2%2Fmedia&parent=1720"}],"wp:term":[{"taxonomy":"category","embeddable":true,"href":"https:\/\/www.jochenguertler.de\/index.php?rest_route=%2Fwp%2Fv2%2Fcategories&post=1720"},{"taxonomy":"post_tag","embeddable":true,"href":"https:\/\/www.jochenguertler.de\/index.php?rest_route=%2Fwp%2Fv2%2Ftags&post=1720"}],"curies":[{"name":"wp","href":"https:\/\/api.w.org\/{rel}","templated":true}]}}