{"id":1754,"date":"2014-11-04T10:41:11","date_gmt":"2014-11-04T09:41:11","guid":{"rendered":"http:\/\/www.jochenguertler.de\/?p=1754"},"modified":"2014-11-04T15:09:16","modified_gmt":"2014-11-04T14:09:16","slug":"keynote-auf-der-transhal-2014","status":"publish","type":"post","link":"https:\/\/www.jochenguertler.de\/?p=1754","title":{"rendered":"Keynote auf der transHal 2014"},"content":{"rendered":"<p><img loading=\"lazy\" decoding=\"async\" class=\"aligncenter size-full wp-image-1800\" alt=\"Bildschirmfoto 2014-11-04 um 15.06.31\" src=\"https:\/\/www.jochenguertler.de\/wp-content\/uploads\/2014\/11\/Bildschirmfoto-2014-11-04-um-15.06.311.png\" width=\"1000\" height=\"564\" srcset=\"https:\/\/www.jochenguertler.de\/wp-content\/uploads\/2014\/11\/Bildschirmfoto-2014-11-04-um-15.06.311.png 1000w, https:\/\/www.jochenguertler.de\/wp-content\/uploads\/2014\/11\/Bildschirmfoto-2014-11-04-um-15.06.311-300x169.png 300w\" sizes=\"auto, (max-width: 1000px) 100vw, 1000px\" \/><\/p>\n<p>Im Rahmen der diesj\u00e4hrigen <strong><a href=\"http:\/\/transfer.uni-halle.de\/veranstaltungen\/transhal14\/\" target=\"_blank\">transHal 2014<\/a> <\/strong>hatte ich das Vergn\u00fcgen vor ca. 150 Zuh\u00f6rern aus Wirtschaft, Wissenschaft und Verwaltung in meiner Keynote \u00fcber Design Thinking zu erz\u00e4hlen und zu erl\u00e4utern, wie Design Thinking als Herangehensweise und viel mehr noch als Arbeitskultur helfen kann, innovative L\u00f6sungen f\u00fcr komplexe Probleme zu finden.<\/p>\n<p><strong>Aufgelockert durch mehrere kleinere interaktive \u00dcbungen f\u00fcr das Auditorium war das eine sehr unterhaltsame Stunde.<\/strong><\/p>\n<p style=\"text-align: center;\"><a href=\"http:\/\/www.slideshare.net\/jochenguertler\/design-thinking-transhal-halle-28oktober-2014\" target=\"_blank\"><img loading=\"lazy\" decoding=\"async\" class=\"aligncenter  wp-image-1759\" alt=\"Bildschirmfoto 2014-11-04 um 10.35.29\" src=\"https:\/\/www.jochenguertler.de\/wp-content\/uploads\/2014\/11\/Bildschirmfoto-2014-11-04-um-10.35.29.png\" width=\"569\" height=\"572\" srcset=\"https:\/\/www.jochenguertler.de\/wp-content\/uploads\/2014\/11\/Bildschirmfoto-2014-11-04-um-10.35.29.png 1582w, https:\/\/www.jochenguertler.de\/wp-content\/uploads\/2014\/11\/Bildschirmfoto-2014-11-04-um-10.35.29-150x150.png 150w, https:\/\/www.jochenguertler.de\/wp-content\/uploads\/2014\/11\/Bildschirmfoto-2014-11-04-um-10.35.29-298x300.png 298w, https:\/\/www.jochenguertler.de\/wp-content\/uploads\/2014\/11\/Bildschirmfoto-2014-11-04-um-10.35.29-1018x1024.png 1018w\" sizes=\"auto, (max-width: 569px) 100vw, 569px\" \/><\/a><\/p>\n<p style=\"text-align: left;\">Das komplexe Problem einer zuverl\u00e4ssigen Zugverbindung, auch bei mehrmaligem Umsteigen, zu erm\u00f6glichen, war allerdings noch nicht ganz realisiert &#8211; vielleicht sollte die Deutsche Bahn auch einmal Design Thinking ausprobieren. Andererseits hatte ich dadurch auch endlich mal wieder richtiv viel Zeit f\u00fcr einen guten Krimi &#8211; so hat also wie immer alles zwei Seiten.<\/p>\n","protected":false},"excerpt":{"rendered":"<p>Im Rahmen der diesj\u00e4hrigen transHal 2014 hatte ich das Vergn\u00fcgen vor ca. 150 Zuh\u00f6rern aus Wirtschaft, Wissenschaft und Verwaltung in meiner Keynote \u00fcber Design Thinking zu erz\u00e4hlen und zu erl\u00e4utern, wie Design Thinking als Herangehensweise und viel mehr noch als Arbeitskultur helfen kann, innovative L\u00f6sungen f\u00fcr komplexe Probleme zu finden. Aufgelockert durch mehrere kleinere interaktive [&hellip;]<\/p>\n","protected":false},"author":1,"featured_media":1756,"comment_status":"open","ping_status":"open","sticky":false,"template":"","format":"standard","meta":{"footnotes":""},"categories":[35],"tags":[27,96,26,97,29,126],"class_list":["post-1754","post","type-post","status-publish","format-standard","has-post-thumbnail","hentry","category-vortrag","tag-design-thinking","tag-halle","tag-innovation","tag-keynote","tag-team","tag-vortrag"],"_links":{"self":[{"href":"https:\/\/www.jochenguertler.de\/index.php?rest_route=\/wp\/v2\/posts\/1754","targetHints":{"allow":["GET"]}}],"collection":[{"href":"https:\/\/www.jochenguertler.de\/index.php?rest_route=\/wp\/v2\/posts"}],"about":[{"href":"https:\/\/www.jochenguertler.de\/index.php?rest_route=\/wp\/v2\/types\/post"}],"author":[{"embeddable":true,"href":"https:\/\/www.jochenguertler.de\/index.php?rest_route=\/wp\/v2\/users\/1"}],"replies":[{"embeddable":true,"href":"https:\/\/www.jochenguertler.de\/index.php?rest_route=%2Fwp%2Fv2%2Fcomments&post=1754"}],"version-history":[{"count":0,"href":"https:\/\/www.jochenguertler.de\/index.php?rest_route=\/wp\/v2\/posts\/1754\/revisions"}],"wp:featuredmedia":[{"embeddable":true,"href":"https:\/\/www.jochenguertler.de\/index.php?rest_route=\/wp\/v2\/media\/1756"}],"wp:attachment":[{"href":"https:\/\/www.jochenguertler.de\/index.php?rest_route=%2Fwp%2Fv2%2Fmedia&parent=1754"}],"wp:term":[{"taxonomy":"category","embeddable":true,"href":"https:\/\/www.jochenguertler.de\/index.php?rest_route=%2Fwp%2Fv2%2Fcategories&post=1754"},{"taxonomy":"post_tag","embeddable":true,"href":"https:\/\/www.jochenguertler.de\/index.php?rest_route=%2Fwp%2Fv2%2Ftags&post=1754"}],"curies":[{"name":"wp","href":"https:\/\/api.w.org\/{rel}","templated":true}]}}