{"id":1769,"date":"2014-11-04T16:35:02","date_gmt":"2014-11-04T15:35:02","guid":{"rendered":"http:\/\/www.jochenguertler.de\/?p=1769"},"modified":"2015-01-05T13:40:15","modified_gmt":"2015-01-05T12:40:15","slug":"augen-auf-ohren-auf-herz-auf-ein-interview-mit-der-glucksministerin-gina-scholer","status":"publish","type":"post","link":"https:\/\/www.jochenguertler.de\/?p=1769","title":{"rendered":"&#8222;Augen auf. Ohren auf. Herz auf.&#8220;"},"content":{"rendered":"<address><img loading=\"lazy\" decoding=\"async\" class=\"alignleft  wp-image-1812\" alt=\"IMG_6420_web-001\" src=\"https:\/\/www.jochenguertler.de\/wp-content\/uploads\/2014\/11\/IMG_6420_web-001.jpg\" width=\"170\" height=\"240\" srcset=\"https:\/\/www.jochenguertler.de\/wp-content\/uploads\/2014\/11\/IMG_6420_web-001.jpg 472w, https:\/\/www.jochenguertler.de\/wp-content\/uploads\/2014\/11\/IMG_6420_web-001-212x300.jpg 212w\" sizes=\"auto, (max-width: 170px) 100vw, 170px\" \/><strong>Gina Sch\u00f6ler<\/strong>, <strong>Gl\u00fccksministerin und<\/strong> <strong>Kommunikationsdesignerin M.A.<\/strong><\/address>\n<address>&#8222;Seit 2014 f\u00fchre ich als selbst\u00e4ndige Kommunikationsdesignerin und Gl\u00fccksministerin, die sich mit ganzem Herzen dem Gl\u00fcck und der Gestaltung widmet, diese gro\u00dfartige Kampagne weiter. Als Kommunikationsdesignerin behandle ich das Thema \u201eGl\u00fcck und Wohlbefinden\u201c von einem ganz anderen Blickwinkel aus: Mit viel Kreativit\u00e4t, spielerischem Herangehen, Humor und Interaktivit\u00e4t fordere ich mit dieser Kampagne die Menschen heraus, sich mit diesem wesentlichen Thema zu besch\u00e4ftigen. Als Gl\u00fccksministerin m\u00f6chte ich mit meiner Arbeit einen sinnvollen, nachhaltigen und gl\u00fccklichen Beitrag zu unserer Gesellschaft leisten. Im Rahmen dieser T\u00e4tigkeit biete ich u.a. Seminare, Workshops, Vortr\u00e4ge und Veranstaltungen an, die zu den Ideen und Zielen der Kampagne \u201e<a href=\"http:\/\/ministeriumfuerglueck.de\/\" target=\"_blank\">Ministerium f\u00fcr Gl\u00fcck und Wohlbefinden\u201c<\/a> beitragen.&#8220;<\/address>\n<address>\u00a0<\/address>\n<p style=\"text-align: left;\"><b>Jochen: Hi Gina, vielen Dank, dass Du Dir die Zeit nimmst f\u00fcr ein Interview. Du strahlst wie immer mit der Sonne da draussen um die Wette, darum er\u00fcbrigt sich meine erste Frage vielleicht fast schon: wann warst Du zuletzt gl\u00fccklich?<\/b><\/p>\n<p style=\"text-align: left;\">Gina: Ich habe das gro\u00dfe Gl\u00fcck, eine kleine Pausen-Heldin zu haben, die mich regelm\u00e4\u00dfig daran erinnert, abzuschalten, rauszugehen und die kleinen Momente wertzusch\u00e4tzen. Gretel ist ein fr\u00f6hlicher Stra\u00dfenmix aus Rum\u00e4nien und wei\u00df das Leben wirklich zu sch\u00e4tzen. Und wenn man gerade wieder vertieft in die Arbeit ist und sie dich anstubst, ist die Welt in Ordnung, egal, wie hektisch es gerade au\u00dfenrum ist. Das letzte Mal gl\u00fccklich war ich heute Morgen (Montag!) \u2013 eine Powerwoche liegt vor mir, aber wenn man im Nebel am Neckar entlang l\u00e4uft und die Sonne sich durchk\u00e4mpft, kann man nur gl\u00fccklich sein.<\/p>\n<p style=\"text-align: left;\"><b>Jochen: Was hei\u00dft es denn f\u00fcr Dich &#8222;gl\u00fccklich&#8220; zu sein?<\/b><\/p>\n<p style=\"text-align: left;\">Gina: In eben diesem Moment zufrieden sein, sich wohl f\u00fchlen, den Kopf auch mal abschalten k\u00f6nnen (nicht immer leicht\u2026), Sorgen vergessen, dem Leben vertrauen, das Positive sehen und st\u00e4rken, anderen etwas Gutes tun, Freude in den kleinen Dingen finden. Gl\u00fccklich sein bedeutet f\u00fcr mich, die Balance f\u00fcr mich pers\u00f6nlich zu finden zwischen Gas geben und bremsen, Freude und Ungl\u00fcck, Ruhe und Aktion. Auf sein Bauchgef\u00fchl h\u00f6ren, W\u00fcnsche erf\u00fcllen, Entscheidungen treffen, im Hier und Jetzt leben.<\/p>\n<p style=\"text-align: left;\"><b>Jochen: Du m\u00f6chtest mit Deinem Ministerium f\u00fcr Gl\u00fcck Menschen dazu ermutigen um- und neu-zudenken. Wie ist diese Initiative entstanden?<\/b><\/p>\n<p style=\"text-align: left;\">Gina: Das ganze Projekt entstand aus einer Semesteraufgabe im Masterstudiengang Kommunikationsdesign an der Hochschule Mannheim im November 2012. Ich feiere mit dem MfG also 2j\u00e4hriges, Wahnsinn!<br \/>\nAufgabe war es, eine Kampagne zu gestalten, die in unserer Gesellschaft einen Wertewandel initiiert, anst\u00f6\u00dft und begleitet. Wie k\u00f6nnen wir auch in Zukunft nachhaltig, gut und somit auch gl\u00fccklich leben? Was m\u00fcssen wir daf\u00fcr tun und \u00e4ndern? Sich auf das Wesentlich zur\u00fcckbesinnen, nicht im Hamsterrad durchdrehen, vor lauter Konkurrenz- und Leistungsdruck den Blick f\u00fcr das Sch\u00f6ne im Leben verlieren\u2026 So ist die Metapher des MfG entstanden, anhand der die gro\u00dfe Frage nach dem guten Leben transmedial nach au\u00dfen kommuniziert wird und Deutschland sich auf kreative Weise fragen kann, was uns denn eigentlich gl\u00fccklich macht.<\/p>\n<p style=\"text-align: left;\"><b>Jochen: Ja, was macht uns denn gl\u00fccklich? Kann man &#8222;gl\u00fccklich sein&#8220; vielleicht sogar lernen? <\/b><\/p>\n<p style=\"text-align: left;\">Gina: Ja, definitiv. \u00dcben kann man es zumindest prima! Hier verweise ich gerne auf das Gl\u00fccksspiel des MfG, es enth\u00e4lt mittlerweile bis zu 75 verschiedene Alltagsaufgaben, die einem mit den verschiedensten Mitteln klarmachen, wie einfach es sein kann, etwas f\u00fcr das eigene und das Gl\u00fcck der anderen beizutragen. Manchmal ist es der selbstgebackene Kuchen, der Tag Auszeit, eine Kissenschlacht oder ehrenamtliche Hilfe, eine nette Notiz im Briefkasten oder ein Kompliment. Sich selbst und anderen eine Freude machen, unverhofft und selbstverst\u00e4ndlich, macht m\u00e4chtig Spa\u00df und vor allem nachhaltig gl\u00fccklich. Und wenn man sich einfach bestimmte Gewohnheiten antrainiert, dann steigert sich das Wohlbefinden ma\u00dfgeblich!<br \/>\nUnd mit einer Portion Kreativit\u00e4t findet man ganz schnell selbst noch jede Menge Aufgaben und Gl\u00fcckspotenzial f\u00fcr den eigenen Alltag!<\/p>\n<p style=\"text-align: left;\"><b>Jochen: Du bist Gl\u00fccksministerin UND Designerin und damit auch von Berufswegen kreativ. Was bedeutet es denn f\u00fcr Dich &#8222;kreativ&#8220; zu sein?<br \/>\n<\/b><\/p>\n<p style=\"text-align: left;\">Gina: Ich finde, kreativ sein bezieht sich nicht nur auf das Gestalterische oder Grafische, es bezieht sich auf fast jede Lebenslage. Querdenken, um die Ecke denken, vorausdenken, mitdenken und vor allem auch -f\u00fchlen. Neugierig sein. Wahrnehmen. Wenn man Empathie mit Kreativit\u00e4t vereint, wird es richtig spannend! Vielleicht ist es wirklich das Geheimrezept, was dieses Projekt f\u00fcr mich zu einem \u201eLebensprojekt\u201c hat werden lassen, zumindest vom Thema her!<\/p>\n<p style=\"text-align: left;\"><strong>Jochen: Empathie mit Kreativit\u00e4t verbinden, da lacht nat\u00fcrlich mein Design-Thinker-Herz. Und was brauchst Du um kreativ sein zu k\u00f6nnen?<\/strong><\/p>\n<p style=\"text-align: left;\">Gina: Ruhe, Spannung, Aktion, Pausen, Reisen, Menschen, Eindr\u00fccke, Sinneswahrnehmungen, Natur \u2013 das sind ein paar Sachen, die ich \u201ebrauche\u201c bzw. die mir helfen, neue Ideen entstehen zu lassen. Manchmal reicht aber auch eine Badewanne oder eine Portion Halbschlaf.<\/p>\n<p style=\"text-align: left;\"><b>Jochen: Macht kreativ sein gl\u00fccklich?<\/b><\/p>\n<p style=\"text-align: left;\">Gina: Daf\u00fcr m\u00fcsste man vielleicht erst einmal \u201ekreativ\u201c definieren. Aber ich denke, Menschen, die wirklich von innen heraus kreativ sind, Ideen haben, Innovationen entstehen lassen und somit im Flow sind, sind daher auch gl\u00fccklich. Vielleicht nur f\u00fcr den Moment, in dem die Idee entsteht, aber etwas Neues schaffen und erleben ist ein wichtiger Teil zum Gl\u00fccklich(er) werden, auch laut der Positiven Psychologie.<\/p>\n<p style=\"text-align: left;\"><b>Jochen: Oder sind gar nur gl\u00fcckliche Menschen kreativ?<\/b><\/p>\n<p style=\"text-align: left;\">Gina: Nein, das denke ich nicht. Es gab seit jeher schon immer kreative K\u00fcnstler, die sogar auch schwer depressiv waren. Bei mir pers\u00f6nlich ist es aber so, dass am besten authentische Ideen entstehen, die Hirn und Herz beinhalten, wenn ich mit allem im Reinen, ausgeglichen und fr\u00f6hlich bin. Wenn dann noch ein gutes Team au\u00dfenrum ist und man sich gegenseitig die B\u00e4lle zuspielen kann, kann eigentlich fast nichts mehr schief gehen.<\/p>\n<p style=\"text-align: left;\"><b>Jochen: Zu guter Letzt: ein Tipp von der Expertin f\u00fcr ein kleines bisschen mehr Gl\u00fcck?<\/b><\/p>\n<p style=\"text-align: left;\">Gina: Augen auf. Ohren auf. Herz auf.<\/p>\n<p style=\"text-align: left;\"><img loading=\"lazy\" decoding=\"async\" class=\"aligncenter size-large wp-image-1822\" alt=\"Bildschirmfoto 2014-11-04 um 16.32.31\" src=\"https:\/\/www.jochenguertler.de\/wp-content\/uploads\/2014\/11\/Bildschirmfoto-2014-11-04-um-16.32.31-1024x743.png\" width=\"1024\" height=\"743\" srcset=\"https:\/\/www.jochenguertler.de\/wp-content\/uploads\/2014\/11\/Bildschirmfoto-2014-11-04-um-16.32.31-1024x743.png 1024w, https:\/\/www.jochenguertler.de\/wp-content\/uploads\/2014\/11\/Bildschirmfoto-2014-11-04-um-16.32.31-300x217.png 300w, https:\/\/www.jochenguertler.de\/wp-content\/uploads\/2014\/11\/Bildschirmfoto-2014-11-04-um-16.32.31.png 1146w\" sizes=\"auto, (max-width: 1024px) 100vw, 1024px\" \/><\/p>\n","protected":false},"excerpt":{"rendered":"<p>Gina Sch\u00f6ler, Gl\u00fccksministerin und Kommunikationsdesignerin M.A. &#8222;Seit 2014 f\u00fchre ich als selbst\u00e4ndige Kommunikationsdesignerin und Gl\u00fccksministerin, die sich mit ganzem Herzen dem Gl\u00fcck und der Gestaltung widmet, diese gro\u00dfartige Kampagne weiter. Als Kommunikationsdesignerin behandle ich das Thema \u201eGl\u00fcck und Wohlbefinden\u201c von einem ganz anderen Blickwinkel aus: Mit viel Kreativit\u00e4t, spielerischem Herangehen, Humor und Interaktivit\u00e4t fordere ich [&hellip;]<\/p>\n","protected":false},"author":1,"featured_media":1772,"comment_status":"open","ping_status":"open","sticky":false,"template":"","format":"standard","meta":{"footnotes":""},"categories":[85],"tags":[102,61,103,28],"class_list":["post-1769","post","type-post","status-publish","format-standard","has-post-thumbnail","hentry","category-jochen-trifft","tag-glucklich-sein","tag-interview","tag-jochen-trifft-2","tag-kreativitaet"],"_links":{"self":[{"href":"https:\/\/www.jochenguertler.de\/index.php?rest_route=\/wp\/v2\/posts\/1769","targetHints":{"allow":["GET"]}}],"collection":[{"href":"https:\/\/www.jochenguertler.de\/index.php?rest_route=\/wp\/v2\/posts"}],"about":[{"href":"https:\/\/www.jochenguertler.de\/index.php?rest_route=\/wp\/v2\/types\/post"}],"author":[{"embeddable":true,"href":"https:\/\/www.jochenguertler.de\/index.php?rest_route=\/wp\/v2\/users\/1"}],"replies":[{"embeddable":true,"href":"https:\/\/www.jochenguertler.de\/index.php?rest_route=%2Fwp%2Fv2%2Fcomments&post=1769"}],"version-history":[{"count":0,"href":"https:\/\/www.jochenguertler.de\/index.php?rest_route=\/wp\/v2\/posts\/1769\/revisions"}],"wp:featuredmedia":[{"embeddable":true,"href":"https:\/\/www.jochenguertler.de\/index.php?rest_route=\/wp\/v2\/media\/1772"}],"wp:attachment":[{"href":"https:\/\/www.jochenguertler.de\/index.php?rest_route=%2Fwp%2Fv2%2Fmedia&parent=1769"}],"wp:term":[{"taxonomy":"category","embeddable":true,"href":"https:\/\/www.jochenguertler.de\/index.php?rest_route=%2Fwp%2Fv2%2Fcategories&post=1769"},{"taxonomy":"post_tag","embeddable":true,"href":"https:\/\/www.jochenguertler.de\/index.php?rest_route=%2Fwp%2Fv2%2Ftags&post=1769"}],"curies":[{"name":"wp","href":"https:\/\/api.w.org\/{rel}","templated":true}]}}