{"id":1928,"date":"2015-01-02T17:44:42","date_gmt":"2015-01-02T16:44:42","guid":{"rendered":"http:\/\/www.jochenguertler.de\/?p=1928"},"modified":"2015-01-02T17:44:42","modified_gmt":"2015-01-02T16:44:42","slug":"gluck-ist-leicht-oder","status":"publish","type":"post","link":"https:\/\/www.jochenguertler.de\/?p=1928","title":{"rendered":"Gl\u00fcck ist leicht, oder?"},"content":{"rendered":"<p><strong>Neues Jahr, neues Gl\u00fcck. Oder? <\/strong>Das mit dem gl\u00fccklichen Leben ist aber ja immer so eine Sache. Irgendwie sind wir ja alle auf der Suche danach, wenn wir &#8222;es&#8220; noch nicht gefunden haben. Wobe die Vorstellung von &#8222;ihm&#8220; sicherlich oft genauso im Nebel liegt, wie gerade die Karlsruher Strassen vorm Fenster. Denn was ist schon ein gl\u00fcckliches Leben?<\/p>\n<p>Ich hab in 2014 irgendwann begonnen <strong>Gl\u00fccksmomente<\/strong> aufzuschreiben und zu sammeln, und wenn ich diese nun r\u00fcckblickend auspacke und durchst\u00f6bere,\u00a0 sind viele davon auf den ersten Blick &#8222;Kleinigkeiten&#8220;, die mich aber gl\u00fccklich gemacht haben &#8211; nicht f\u00fcr immer und ewig, aber f\u00fcr den Moment, den Augenblick. <strong>Aber vielleicht ist Gl\u00fcck genau das?<\/strong><\/p>\n<p>Das sch\u00f6ne Gespr\u00e4ch mit einem guten Freund. Die durchtanzte Nacht. Die Butterbrezel zum frischen Kaffee. Die Sonne am Morgen. Die Cabriofahrt \u00fcber die Alpen. Das Konzert, bei dem der Funke \u00fcberspringt. Der Workshop, bei dem die Teilnehmenden\u00a0 am Abend mit einem L\u00e4cheln auf den Lippen nach Hause gehen. Das nett gemeinte Kompliment, das auch so ankommt. Der Kuss nach einer sch\u00f6nen Nacht. Eine echte Umarmung. Das Schaukeln auf dem Spielplatz.<\/p>\n<p><strong>Was waren denn Deine Gl\u00fccksmomente im vergangenen Jahr?<\/strong><\/p>\n<p><img loading=\"lazy\" decoding=\"async\" class=\"alignleft  wp-image-1931\" style=\"border: 4px solid white;\" alt=\"IMG_1236\" src=\"https:\/\/www.jochenguertler.de\/wp-content\/uploads\/2015\/01\/IMG_12361.jpg\" width=\"1175\" height=\"1567\" \/><\/p>\n<p><strong>Roger Cicero<\/strong> hat das in <a href=\"http:\/\/www.amazon.de\/immer-auch-kommt-Roger-Cicero\/dp\/B00HF70DDU\/ref=sr_1_1?ie=UTF8&amp;qid=1420216033&amp;sr=8-1&amp;keywords=roger+cicero+was+immer+auch+kommt\" target=\"_blank\">&#8222;Gl\u00fcck ist leicht&#8220;<\/a> auch sehr passend beschrieben:<\/p>\n<p><em>Ein Knistern von Vinyl<\/em><br \/>\n<em>Die erste laue Fr\u00fchlingsabendluft<\/em><br \/>\n<em>Ein unverhofft freier Tag<\/em><br \/>\n<em>Der langersehnte Regen im August<\/em><\/p>\n<p><em>Der Abschied auf dem Bahnsteig<\/em><br \/>\n<em>und das Wiederseh&#8217;n danach<\/em><br \/>\n<em>Ein missgl\u00fccktes Kompliment<\/em><br \/>\n<em>und wenn sie trotzdem dr\u00fcber lacht<\/em><br \/>\n<em>Gl\u00fcck ist leicht<\/em><\/p>\n<p><em>Deiner heimlich gro\u00dfe Liebe<\/em><br \/>\n<em>nach all den Jahr&#8217;n zur Hochzeit zu gratulieren<\/em><br \/>\n<em>Gl\u00fcck ist leicht<\/em><br \/>\n<em>Der Moment in dem Du siehst<\/em><br \/>\n<em>um zu wachsen musst du manchmal auch verlieren<\/em><br \/>\n<em>Gl\u00fcck ist leicht<\/em><\/p>\n<p><em>Wenn dich jemand zu gut kennt<\/em><br \/>\n<em>Ein ernst gemeintes &#8222;tut mir leid&#8220;<\/em><br \/>\n<em>&#8222;My funniest valentines&#8220; von Miles<\/em><br \/>\n<em>und ein Tanz zu zweit<\/em><br \/>\n<em>Gl\u00fcck ist leicht<\/em><\/p>\n<p><em>Du kannst es anschrei&#8217;n und verfluchen<\/em><br \/>\n<em>und verzweifelt nach ihm suchen<\/em><br \/>\n<em>Wenn du&#8217;s erzwingen willst, dann bleibt es unerreicht<\/em><br \/>\n<em>Kannst dich in deiner Suche baden<\/em><br \/>\n<em>und es mit Tiefsinn \u00fcberladen<\/em><br \/>\n<em>Es l\u00f6st sich einfach auf, wenn du nach ihm greifst<\/em><\/p>\n<p><em>Eine Stra\u00dfe deiner Kindheit<\/em><br \/>\n<em>Eine Melodie, die sich von selber singt<\/em><br \/>\n<em>Gl\u00fcck ist leicht<\/em><br \/>\n<em>Wenn du mit den Tr\u00e4nen k\u00e4mpfst<\/em><br \/>\n<em>und dich ein guter Freund zum Lachen bringt<\/em><br \/>\n<em>Gl\u00fcck ist leicht<\/em><\/p>\n<p><em>Deine alte Lieblingsjacke<\/em><br \/>\n<em>die dein Sohn auf einmal tr\u00e4gt<\/em><br \/>\n<em>Der Moment, in dem er dich<\/em><br \/>\n<em>zum ersten Mal beim Fu\u00dfball schl\u00e4gt<\/em><br \/>\n<em>Gl\u00fcck ist leicht<\/em><\/p>\n<p><em>Du kannst es anschrei&#8217;n und verfluchen&#8230;<\/em><br \/>\n<em>Gl\u00fcck ist leicht&#8230;<\/em><\/p>\n<p><em>Wenn du ganz alleine bist<\/em><br \/>\n<em>und der n\u00e4chste Mensch ist meilenweit entfernt<\/em><br \/>\n<em>Wenn dein gro\u00dfer Plan aufgeht<\/em><br \/>\n<em>und du merkst wie du grad&#8216; loszulassen lernst<\/em><\/p>\n<p><em>Eine lange Nacht zu Ende<\/em><br \/>\n<em>und ein neuer Tag f\u00e4ngt an<\/em><br \/>\n<em>Das Gef\u00fchl es gibt da Dinge<\/em><br \/>\n<em>die man nicht erkl\u00e4ren kann<\/em><br \/>\n<em>Gl\u00fcck ist leicht<\/em><\/p>\n<p>In diesem Sinne w\u00fcnsche ich mir und allen in 2015 nicht nur &#8222;gl\u00fccklich zu sein&#8220;, sondern ganz ganz viele einfache und echte <strong>Gl\u00fccksmomente<\/strong>.<\/p>\n<p><strong>Aber Vorsicht &#8211; ab und an verpasst man die bei aller Umtriebigkeit im Alltag ganz schnell &#8211; also immer sch\u00f6n wachsam sein, denn Gl\u00fcck kann ganz leicht sein.<\/strong><\/p>\n","protected":false},"excerpt":{"rendered":"<p>Neues Jahr, neues Gl\u00fcck. Oder? Das mit dem gl\u00fccklichen Leben ist aber ja immer so eine Sache. Irgendwie sind wir ja alle auf der Suche danach, wenn wir &#8222;es&#8220; noch nicht gefunden haben. Wobe die Vorstellung von &#8222;ihm&#8220; sicherlich oft genauso im Nebel liegt, wie gerade die Karlsruher Strassen vorm Fenster. Denn was ist schon [&hellip;]<\/p>\n","protected":false},"author":1,"featured_media":1931,"comment_status":"open","ping_status":"open","sticky":false,"template":"","format":"standard","meta":{"footnotes":""},"categories":[5],"tags":[102,28,106],"class_list":["post-1928","post","type-post","status-publish","format-standard","has-post-thumbnail","hentry","category-blog","tag-glucklich-sein","tag-kreativitaet","tag-re-design-you"],"_links":{"self":[{"href":"https:\/\/www.jochenguertler.de\/index.php?rest_route=\/wp\/v2\/posts\/1928","targetHints":{"allow":["GET"]}}],"collection":[{"href":"https:\/\/www.jochenguertler.de\/index.php?rest_route=\/wp\/v2\/posts"}],"about":[{"href":"https:\/\/www.jochenguertler.de\/index.php?rest_route=\/wp\/v2\/types\/post"}],"author":[{"embeddable":true,"href":"https:\/\/www.jochenguertler.de\/index.php?rest_route=\/wp\/v2\/users\/1"}],"replies":[{"embeddable":true,"href":"https:\/\/www.jochenguertler.de\/index.php?rest_route=%2Fwp%2Fv2%2Fcomments&post=1928"}],"version-history":[{"count":0,"href":"https:\/\/www.jochenguertler.de\/index.php?rest_route=\/wp\/v2\/posts\/1928\/revisions"}],"wp:featuredmedia":[{"embeddable":true,"href":"https:\/\/www.jochenguertler.de\/index.php?rest_route=\/wp\/v2\/media\/1931"}],"wp:attachment":[{"href":"https:\/\/www.jochenguertler.de\/index.php?rest_route=%2Fwp%2Fv2%2Fmedia&parent=1928"}],"wp:term":[{"taxonomy":"category","embeddable":true,"href":"https:\/\/www.jochenguertler.de\/index.php?rest_route=%2Fwp%2Fv2%2Fcategories&post=1928"},{"taxonomy":"post_tag","embeddable":true,"href":"https:\/\/www.jochenguertler.de\/index.php?rest_route=%2Fwp%2Fv2%2Ftags&post=1928"}],"curies":[{"name":"wp","href":"https:\/\/api.w.org\/{rel}","templated":true}]}}