{"id":2002,"date":"2015-02-10T15:06:50","date_gmt":"2015-02-10T14:06:50","guid":{"rendered":"http:\/\/www.jochenguertler.de\/?p=2002"},"modified":"2015-02-11T10:19:16","modified_gmt":"2015-02-11T09:19:16","slug":"design-thinking-wie-ein-besuch-beim-optiker","status":"publish","type":"post","link":"https:\/\/www.jochenguertler.de\/?p=2002","title":{"rendered":"&#8222;Design Thinking ist wie ein Besuch beim Optiker&#8220;"},"content":{"rendered":"<div>\n<div dir=\"ltr\">\n<div>\n<p><a href=\"https:\/\/www.jochenguertler.de\/wp-content\/uploads\/2015\/02\/10408959_659774987437364_6505923088150168669_n.jpg\"><img loading=\"lazy\" decoding=\"async\" class=\" wp-image-2014 size-full alignnone\" src=\"https:\/\/www.jochenguertler.de\/wp-content\/uploads\/2015\/02\/10408959_659774987437364_6505923088150168669_n.jpg\" alt=\"10408959_659774987437364_6505923088150168669_n\" width=\"475\" height=\"268\" srcset=\"https:\/\/www.jochenguertler.de\/wp-content\/uploads\/2015\/02\/10408959_659774987437364_6505923088150168669_n.jpg 475w, https:\/\/www.jochenguertler.de\/wp-content\/uploads\/2015\/02\/10408959_659774987437364_6505923088150168669_n-300x169.jpg 300w\" sizes=\"auto, (max-width: 475px) 100vw, 475px\" \/><\/a><\/p>\n<p><em>Der Design Thinking Coach Ferdinand Grah ist ein Kind des Ruhrgebiets und inspiriert von der stetigen Neuerfindung dieser Region. Er fand fr\u00fch seine\u00a0Leidenschaft\u00a0zur Kreativit\u00e4t und Innovation. Dies spiegelte sich u.a. in seiner T\u00e4tigkeit als\u00a0Kabarettist und Musiker\u00a0wieder. Er hat insgesamt 4 B\u00fchnenprogramme geschrieben, so dass Storytelling, kreatives Schreiben, Improvisation und Spontanit\u00e4t absolut keine Fremdw\u00f6rter f\u00fcr ihn sind.<\/em><\/p>\n<p><em>Ach ja, und die typischen Eigenschaften des \u201cRuhrp\u00f6ttler\u201d besitzt er nat\u00fcrlich auch. Er tr\u00e4gt sein Herz am rechten Fleck, ist direkt, mit beiden Beinen auf dem Boden und ein klein wenig verliebt in diesen Dortmunder Fu\u00dfballverein.<\/em><\/p>\n<p><em>In seiner beruflichen T\u00e4tigkeit als\u00a0Senior Expert, in den Bereichen\u00a0 Produkt-, Prozess- und Service Design, war er u.a. bei\u00a0IBM\u00a0und\u00a0Porsche\u00a0besch\u00e4ftigt und hat mit \u00fcber\u00a018 Berufsjahren\u00a0ein breites Spektrum an\u00a0Erfahrungen\u00a0gesammelt.<\/em><\/p>\n<p><em>Ferdinand Grah ist Absolvent des Professional Education Program der\u00a0<a href=\"http:\/\/www.hpi-academy.de\/willkommen.html\"><strong>HPI School of Design Thinking<\/strong><\/a>\u00a0in Potsdam, einem Schwesterinstitut der\u00a0<a href=\"http:\/\/dschool.stanford.edu\/\"><strong>d.school in Stanford<\/strong><\/a>, sowie Absolvent der\u00a0<a href=\"http:\/\/www.porscheconsulting.com\/pco\/de\/services\/porscheakademie\/\"><strong>Porsche Akademie<\/strong><\/a>\u00a0zum Thema Lean Management und schlanke Produktentstehung.<\/em><\/p>\n<p><em>Daneben verf\u00fcgt er \u00fcber ein\u00a0<\/em><strong><em>ausgepr\u00e4gtes Netzwerk<\/em><\/strong><em>\u00a0zu Design Thinkern und Lean Experten in der ganzen Welt. Auf Symposien und Veranstaltungen spricht er regelm\u00e4\u00dfig \u00a0zu den Themen Innovation, Design Thinking, Lean Thinking und Kreativit\u00e4t.<\/em><\/p>\n<p><em>\u2026und wenn er mal nicht \u00fcber neue Ideen redet, liebt er drei Dinge: Seine Familie, Jazz und B\u00fccher.<\/em><\/p>\n<p><em><strong>\u00a0<\/strong><\/em><\/p>\n<p><em><strong>Jochen: Hi Ferdi, vielen Dank, dass Du Dir ein wenig Zeit nimmst f\u00fcr ein paar Fragen von mir. Da ich weiss, wof\u00fcr Dein Fussballherz schl\u00e4gt, liegt die erste Frage auf der Hand: was ist mit Deinem BVB los?<\/strong><\/em><\/p>\n<p>Ferdi:\u00a0 Also da sag ich nur \u201cFail early and often\u201d, wobei die Betonung ganz klar auf \u00a0\u201coften\u201d liegt! Bloss nicht nerv\u00f6s werden!<\/p>\n<p><em><strong>Jochen:\u00a0 Kann da vielleicht Design Thinking helfen?<\/strong><\/em><\/p>\n<p>Ferdi: Ja nat\u00fcrlich, alleine die Erkenntnis, dass man aus den Fehler lernt. Wobei mir wichtig ist, dass die Betonung darauf liegt, AUCH aus Fehlern zu lernen, da man immer nat\u00fcrlich auch aus den Dingen lernt, die man richtig gemacht hat. Hier hilft mir immer das Feedback Grid\u00a0 (\u201cI like, I wish, Ideas, Questions) Aber auch das nicht zu schnell Aufgeben ist hier sicherlich eine Hilfe, Geduld haben und immer wieder iterieren, ausprobieren, lernen und reflektieren.<\/p>\n<p><em><strong>Jochen: Wobei kann denn Design Thinking grunds\u00e4tzlich helfen?<\/strong><\/em><\/p>\n<p>Ferdi: Bei ganz vielen Dingen finde ich. F\u00fcr mich ist das eine Art Struktur oder Leitplanke, in der ich mich austoben kann mit meiner Kreativit\u00e4t. Dinge einfach zu tun und nicht nur dar\u00fcber zu sprechen. Design Thinking hilft hier zu lernen und Dinge anders zu sehen. F\u00fcr mich ist Design Thinking wie ein Besuch beim Optiker, der mir eine neue Brille verpasst: Du siehst auf einmal Dinge, die du vorher nicht gesehen hast. Daher bedeutet f\u00fcr mich Design Thinking auch \u201eSehen lernen\u201c. Design Thinking sollte man nicht nur auf den Output beschr\u00e4nken. Lerneffekte hast Du \u00fcber den gesamten Prozess!<\/p>\n<p><em><strong>Jochen: Und warum st\u00f6ren dabei\u00a0<\/strong><\/em><em><strong><a href=\"http:\/\/www.slideshare.net\/FerdinandGrah\/eine-kurze-geschichte-ber-kreativitt-und-design-thinking-version-4-41597070?from=ss_embed\">Krawatten<\/a>?<\/strong><\/em><\/p>\n<p>Ferdi: Weil diese die Sauerstoffzufuhr zum Hirn einschn\u00fcren! Ich k\u00f6nnte jetzt noch etwas dazu sagen &#8211; aber weniger ist ja manchmal mehr \u2013 ich lasse das mal einfach so stehen.<\/p>\n<p><em><strong>Jochen: Du bist Design Thinker UND Lean Thinker. Wie passt das eine mit dem anderen zusammen?<\/strong><\/em><\/p>\n<p>Ferdi: Weniger ist mehr, Dinge zu vereinfachen, zu verschlanken ist im Lean Management sehr wichtig. Dies spielt auch im Design eine wichtige Rolle. Auch das Hinterfragen, so kommt z.B. die Methode 5 Whys aus dem Lean Management. Die verwende ich und andere auch im Design Thinking in der Research Phase. Aber am meisten verbindet die beiden Mind Sets das\u00a0\u201eJust Do it\u201c bzw. das \u201cGo and See\u201d<\/p>\n<p><em><strong>Jochen:\u00a0 Thema Kreativit\u00e4t: wie und wann und wo bist Du kreativ?<\/strong><\/em><\/p>\n<p>Ferdi: Beim Spazierengehen, beim Musik machen aber eigentlich immer und \u00fcberall. Manchmal stehe ich sogar nachts auf und schreibe mir Ideen in mein kleines schwarzes Notizb\u00fcchlein.<\/p>\n<p><em><strong>Jochen: Kann man kreativ sein Deiner Meinung nach lernen?<\/strong><\/em><\/p>\n<p>Ferdi: Ja, kann man schon, wobei ich sagen muss, dass ich mich mit dem \u201eja das kann jeder\u201c schwer tue, da man auch bestimmte Eigenschaften braucht, wie Empathie, neugierig sein, \u00fcber den Tellerrand blicken, usw. Diese Eigenschaften hat nicht jeder, so dass ich sagen w\u00fcrde, lernen kann es jeder aber jeder ist dann nicht auf dem gleichen kreativen Level.<\/p>\n<p><em><strong>Jochen: Und warum haben wir das verlernt?<\/strong><\/em><\/p>\n<p>Ferdi: Wir haben verlernt miteinander zu kommunizieren, ich meine hier miteinander zu sprechen. Mein Jahrgang wird sich wahrscheinlich noch daran erinnern an dieses \u201emiteinander Reden\u201c. Unsere Gesellschaft heute ist hektisch und die Kommunikation findet meistens \u00fcber Social Media statt und verr\u00fcckte Dinge zu tun oder auszuprobieren hat keinen Platz.<\/p>\n<p><em><strong>Jochen: Du machst ja auch Musik \u2013\u00a0 was kann der Musiker lernen vom Design Thinker? Und umgekehrt?<\/strong><\/em><\/p>\n<p>Ferdi: Um Brad Mehldau zu zitieren:\u00a0\u201cIm Akt des Versuchens liegt eine wunderbare, starke Erfahrung des Ausdrucks\u201d<\/p>\n<p><em><strong>Jochen: Letzte Frage: wie geht es aus mit dem BVB? Abstieg oder Champions League?\u00a0<\/strong><\/em><\/p>\n<p>Ferdi: N\u00e4chste Frage bitte! &#8211; Nat\u00fcrlich Champions League!<\/p>\n<p><em>\u201eAnyone can make the simple complicated. Creativity is making the complicated\u00a0simple.\u201c\u2028\u00a0\u2013 Charles Mingus\u00a0<\/em><\/p>\n<p><a href=\"https:\/\/www.jochenguertler.de\/wp-content\/uploads\/2015\/02\/imm006_16.jpg\"><img loading=\"lazy\" decoding=\"async\" class=\"alignleft size-full wp-image-2033\" src=\"https:\/\/www.jochenguertler.de\/wp-content\/uploads\/2015\/02\/imm006_16.jpg\" alt=\"imm006_16\" width=\"530\" height=\"1018\" srcset=\"https:\/\/www.jochenguertler.de\/wp-content\/uploads\/2015\/02\/imm006_16.jpg 530w, https:\/\/www.jochenguertler.de\/wp-content\/uploads\/2015\/02\/imm006_16-156x300.jpg 156w\" sizes=\"auto, (max-width: 530px) 100vw, 530px\" \/><\/a><\/p>\n<p>&nbsp;<\/p>\n<\/div>\n<\/div>\n<\/div>\n","protected":false},"excerpt":{"rendered":"<p>Der Design Thinking Coach Ferdinand Grah ist ein Kind des Ruhrgebiets und inspiriert von der stetigen Neuerfindung dieser Region. Er fand fr\u00fch seine\u00a0Leidenschaft\u00a0zur Kreativit\u00e4t und Innovation. Dies spiegelte sich u.a. in seiner T\u00e4tigkeit als\u00a0Kabarettist und Musiker\u00a0wieder. Er hat insgesamt 4 B\u00fchnenprogramme geschrieben, so dass Storytelling, kreatives Schreiben, Improvisation und Spontanit\u00e4t absolut keine Fremdw\u00f6rter f\u00fcr ihn [&hellip;]<\/p>\n","protected":false},"author":1,"featured_media":2014,"comment_status":"open","ping_status":"open","sticky":false,"template":"","format":"standard","meta":{"footnotes":""},"categories":[85],"tags":[27,61,103,28,40,60],"class_list":["post-2002","post","type-post","status-publish","format-standard","has-post-thumbnail","hentry","category-jochen-trifft","tag-design-thinking","tag-interview","tag-jochen-trifft-2","tag-kreativitaet","tag-lean","tag-lean-management"],"_links":{"self":[{"href":"https:\/\/www.jochenguertler.de\/index.php?rest_route=\/wp\/v2\/posts\/2002","targetHints":{"allow":["GET"]}}],"collection":[{"href":"https:\/\/www.jochenguertler.de\/index.php?rest_route=\/wp\/v2\/posts"}],"about":[{"href":"https:\/\/www.jochenguertler.de\/index.php?rest_route=\/wp\/v2\/types\/post"}],"author":[{"embeddable":true,"href":"https:\/\/www.jochenguertler.de\/index.php?rest_route=\/wp\/v2\/users\/1"}],"replies":[{"embeddable":true,"href":"https:\/\/www.jochenguertler.de\/index.php?rest_route=%2Fwp%2Fv2%2Fcomments&post=2002"}],"version-history":[{"count":0,"href":"https:\/\/www.jochenguertler.de\/index.php?rest_route=\/wp\/v2\/posts\/2002\/revisions"}],"wp:featuredmedia":[{"embeddable":true,"href":"https:\/\/www.jochenguertler.de\/index.php?rest_route=\/wp\/v2\/media\/2014"}],"wp:attachment":[{"href":"https:\/\/www.jochenguertler.de\/index.php?rest_route=%2Fwp%2Fv2%2Fmedia&parent=2002"}],"wp:term":[{"taxonomy":"category","embeddable":true,"href":"https:\/\/www.jochenguertler.de\/index.php?rest_route=%2Fwp%2Fv2%2Fcategories&post=2002"},{"taxonomy":"post_tag","embeddable":true,"href":"https:\/\/www.jochenguertler.de\/index.php?rest_route=%2Fwp%2Fv2%2Ftags&post=2002"}],"curies":[{"name":"wp","href":"https:\/\/api.w.org\/{rel}","templated":true}]}}