{"id":2037,"date":"2015-02-17T11:29:17","date_gmt":"2015-02-17T10:29:17","guid":{"rendered":"http:\/\/www.jochenguertler.de\/?p=2037"},"modified":"2015-02-17T11:29:17","modified_gmt":"2015-02-17T10:29:17","slug":"redesign-you-das-eigene-glueck-finden-und-gestalten","status":"publish","type":"post","link":"https:\/\/www.jochenguertler.de\/?p=2037","title":{"rendered":"redesign YOU: Das eigene Gl\u00fcck finden und gestalten"},"content":{"rendered":"<p>Ich freue mich sehr auf ein neues Workshop-Format, das ich zusammen mit der <a href=\"http:\/\/ministeriumfuerglueck.de\/\" target=\"_blank\">Gl\u00fccksministerin Gina Sch\u00f6ler<\/a> entwickle und durchf\u00fchre. <em>Warum nicht sein eigenes Gl\u00fcck selbst in die Hand nehmen und gestalten?<\/em><\/p>\n<p><a href=\"https:\/\/dl.dropboxusercontent.com\/u\/55498602\/RedesignYOU.pdf\" target=\"_blank\"><img loading=\"lazy\" decoding=\"async\" class=\" size-large wp-image-2038 aligncenter\" src=\"https:\/\/www.jochenguertler.de\/wp-content\/uploads\/2015\/02\/Bildschirmfoto-2015-02-17-um-11.11.02-1008x1024.png\" alt=\"Bildschirmfoto 2015-02-17 um 11.11.02\" width=\"1008\" height=\"1024\" srcset=\"https:\/\/www.jochenguertler.de\/wp-content\/uploads\/2015\/02\/Bildschirmfoto-2015-02-17-um-11.11.02-1008x1024.png 1008w, https:\/\/www.jochenguertler.de\/wp-content\/uploads\/2015\/02\/Bildschirmfoto-2015-02-17-um-11.11.02-295x300.png 295w, https:\/\/www.jochenguertler.de\/wp-content\/uploads\/2015\/02\/Bildschirmfoto-2015-02-17-um-11.11.02.png 1630w\" sizes=\"auto, (max-width: 1008px) 100vw, 1008px\" \/><\/a><\/p>\n<p><strong><a href=\"https:\/\/dl.dropboxusercontent.com\/u\/55498602\/RedesignYOU.pdf\" target=\"_blank\">REDESIGN YOU<\/a> \u2013 DAS EIGENE GLU\u0308CK FINDEN UND GESTALTEN<\/strong><\/p>\n<div class=\"page\" title=\"Page 2\">\n<div class=\"section\">\n<div class=\"layoutArea\">\n<div class=\"column\">\n<p>Wofu\u0308r brennst du? Was bringt dein Herz zum Singen? Wie mo\u0308chtest du deine Zeit nutzen und womit dein Leben verbringen? Welchen Weg mo\u0308chtest du gehen? Was sind deine Tra\u0308ume, Wu\u0308nsche, Bedu\u0308rfnisse und Sehnsu\u0308chte? Welche Fa\u0308higkeiten, Talente und Sta\u0308rken hast du? Und was hindert dich daran, glu\u0308cklich zu sein? Was kannst und willst du anpacken, a\u0308ndern oder ausprobieren?<\/p>\n<p><strong>WIE WILLST DU LEBEN UND WAS MACHT DICH GLU\u0308CKLICH?<\/strong><\/p>\n<p>Redesign YOU \u2013 Dieses Seminar bietet dir Raum fu\u0308r deine Fragen. Mit Aktionen und Aufgaben, die dich, deinen Ko\u0308rper, Herz und Geist aktiv miteinbeziehen, um sich deinen Antworten, Werten und Visionen zu na\u0308hern. Wir arbeiten mit viel Spa\u00df und Interaktion daran, vom passivem Erdulder und strikten Planer zum optimistischen und glu\u0308cklichen Gestalter des Lebens zu werden.<\/p>\n<p>Dieser Workshop hat zum Ziel, sich als ganzen Menschen wahrzunehmen, Sta\u0308rken zu finden und Schwa\u0308chen akzeptieren zu ko\u0308nnen.<\/p>\n<p><strong>MIT HERZ, HAND UND VERSTAND<\/strong><\/p>\n<p>Wir arbeiten mit Methoden aus dem Design Thinking, dem systemischen Arbeiten, der humanistischen Psychologie und der Gestaltarbeit. Wir arbeiten ku\u0308nstlerisch-kreativ, binden K\u00f6rper, Herz und Verstand ein und lassen Raum fu\u0308r Aktion, Bewegung, echte Begegnung und Stille.<\/p>\n<p>Beim Design Thinking steht das Tun immer u\u0308ber der Theorie.<br \/>\nEs o\u0308ffnet den Raum fu\u0308r neue Perspektiven und oft u\u0308berraschende Antworten, bietet eine Spielwiese, auf der man alles, gerne auch im wahrsten Sinne des Wortes, auf den Kopf stellen kann \u2013 sich selbst und das bisherige Denken und Handeln.<br \/>\nDesign Thinking scha\u0308rft den Blick auf die Welt um uns herum und fo\u0308rdert und fordert kreatives Arbeiten, Ausprobieren und eine schrittweise Anna\u0308hrung an Lo\u0308sungen, bei denen der Mensch im Vordergrund steht. Diese Herangehensweise la\u0308dt zum stetigen Lernen und Experimentieren ein und weckt eine erstaunliche Neugierde und Begeisterung auf Neues.<br \/>\nUnd genau dieser neugierige Blick auf sich selbst und die Welt ist essentiell fu\u0308r eine positive Entwicklung in uns und unserer Gesellschaft.<\/p>\n<p><strong>KREATIVER PERSPEKTIVENWECHSEL<\/strong><\/p>\n<p>Wir bieten mit diesem Seminar au\u00dfergewo\u0308hnliche Herangehensweisen an, genau dies in Angriff zu nehmen und mit Leichtigkeit, Achtsamkeit, Aktion, Humor und Freude das perso\u0308nliche Glu\u0308ck greifbar und erlebbar zu machen. Es geht darum, die ta\u0308gliche Herausforderung mit Bravour und Spa\u00df zu meistern, sein eigenes Leben so zu gestalten, dass es den perso\u0308nlichen Bedu\u0308rfnissen, Mo\u0308glichkeiten und Werten entspricht.<\/p>\n<p>Was du brauchst, ist eine Portion Mut, Neugierde und Offenheit, du solltest gerne auspro- bieren, deine Grenzen ausloten wollen, Entscheidungen in Frage stellen, alte Muster beiseite legen, adaptieren und neu ansetzen.<br \/>\nLass uns gemeinsam dieses bunte Experiment mit offenem Ausgang wagen \u2013 Hinein in ein Abenteuer des Alltags!<\/p>\n<p><strong>JETZT MITMACHEN UND DIESES EXPERIMENT STARTEN<\/strong><\/p>\n<div class=\"page\" title=\"Page 2\">\n<div class=\"section\">\n<div class=\"layoutArea\">\n<div class=\"column\">\n<p><em>Das <a href=\"https:\/\/dl.dropboxusercontent.com\/u\/55498602\/RedesignYOU.pdf\" target=\"_blank\">Seminar<\/a> findet in einem kleinen und perso\u0308nlichen Rahmen von ca. 15\u201320 Teilnehmern statt. Jeder bringt ein, was ihm am Herzen liegt, was er herausfinden und preisgeben mo\u0308chte. Bitte bring eine Kernfrage oder ein Problem mit, was dich bescha\u0308ftigt und dessen Antwort bzw. Lo\u0308sung du dich spielerisch na\u0308hern mo\u0308chtest.<\/em><\/p>\n<p><em>Du mo\u0308chtest mitmachen oder hast Fragen? Dann melde dich und informiere dich u\u0308ber die na\u0308chsten Termine in deiner Umgebung! Schicke uns jetzt eine &gt;&gt; <strong><a href=\"mailto:jochen.guertler@googlemail.com\">Mail<\/a><\/strong><\/em><\/p>\n<\/div>\n<\/div>\n<\/div>\n<\/div>\n<\/div>\n<\/div>\n<\/div>\n<\/div>\n","protected":false},"excerpt":{"rendered":"<p>Ich freue mich sehr auf ein neues Workshop-Format, das ich zusammen mit der Gl\u00fccksministerin Gina Sch\u00f6ler entwickle und durchf\u00fchre. Warum nicht sein eigenes Gl\u00fcck selbst in die Hand nehmen und gestalten? REDESIGN YOU \u2013 DAS EIGENE GLU\u0308CK FINDEN UND GESTALTEN Wofu\u0308r brennst du? Was bringt dein Herz zum Singen? Wie mo\u0308chtest du deine Zeit nutzen [&hellip;]<\/p>\n","protected":false},"author":1,"featured_media":2038,"comment_status":"open","ping_status":"open","sticky":false,"template":"","format":"standard","meta":{"footnotes":""},"categories":[5],"tags":[43,27,110,111,109,23],"class_list":["post-2037","post","type-post","status-publish","format-standard","has-post-thumbnail","hentry","category-blog","tag-coaching","tag-design-thinking","tag-gina-schoeler","tag-glueck","tag-redesign-you","tag-workshop"],"_links":{"self":[{"href":"https:\/\/www.jochenguertler.de\/index.php?rest_route=\/wp\/v2\/posts\/2037","targetHints":{"allow":["GET"]}}],"collection":[{"href":"https:\/\/www.jochenguertler.de\/index.php?rest_route=\/wp\/v2\/posts"}],"about":[{"href":"https:\/\/www.jochenguertler.de\/index.php?rest_route=\/wp\/v2\/types\/post"}],"author":[{"embeddable":true,"href":"https:\/\/www.jochenguertler.de\/index.php?rest_route=\/wp\/v2\/users\/1"}],"replies":[{"embeddable":true,"href":"https:\/\/www.jochenguertler.de\/index.php?rest_route=%2Fwp%2Fv2%2Fcomments&post=2037"}],"version-history":[{"count":0,"href":"https:\/\/www.jochenguertler.de\/index.php?rest_route=\/wp\/v2\/posts\/2037\/revisions"}],"wp:featuredmedia":[{"embeddable":true,"href":"https:\/\/www.jochenguertler.de\/index.php?rest_route=\/wp\/v2\/media\/2038"}],"wp:attachment":[{"href":"https:\/\/www.jochenguertler.de\/index.php?rest_route=%2Fwp%2Fv2%2Fmedia&parent=2037"}],"wp:term":[{"taxonomy":"category","embeddable":true,"href":"https:\/\/www.jochenguertler.de\/index.php?rest_route=%2Fwp%2Fv2%2Fcategories&post=2037"},{"taxonomy":"post_tag","embeddable":true,"href":"https:\/\/www.jochenguertler.de\/index.php?rest_route=%2Fwp%2Fv2%2Ftags&post=2037"}],"curies":[{"name":"wp","href":"https:\/\/api.w.org\/{rel}","templated":true}]}}