{"id":2107,"date":"2015-08-31T10:36:42","date_gmt":"2015-08-31T09:36:42","guid":{"rendered":"http:\/\/www.jochenguertler.de\/?p=2107"},"modified":"2015-08-31T10:36:42","modified_gmt":"2015-08-31T09:36:42","slug":"du-spuerst-wenn-die-kreativitaet-raus-will","status":"publish","type":"post","link":"https:\/\/www.jochenguertler.de\/?p=2107","title":{"rendered":"&#8222;Du sp\u00fcrst, wenn die Kreativit\u00e4t raus will&#8220;"},"content":{"rendered":"<p><a href=\"https:\/\/www.jochenguertler.de\/wp-content\/uploads\/2015\/08\/IMG_1974.jpeg\"><img loading=\"lazy\" decoding=\"async\" class=\"aligncenter  wp-image-2108\" src=\"https:\/\/www.jochenguertler.de\/wp-content\/uploads\/2015\/08\/IMG_1974.jpeg\" alt=\"IMG_1974\" width=\"785\" height=\"524\" srcset=\"https:\/\/www.jochenguertler.de\/wp-content\/uploads\/2015\/08\/IMG_1974.jpeg 1280w, https:\/\/www.jochenguertler.de\/wp-content\/uploads\/2015\/08\/IMG_1974-300x200.jpeg 300w, https:\/\/www.jochenguertler.de\/wp-content\/uploads\/2015\/08\/IMG_1974-1024x683.jpeg 1024w\" sizes=\"auto, (max-width: 785px) 100vw, 785px\" \/><\/a><\/p>\n<p><em>Der deutsche Trompeter Thomas Siffling ist bekannt f\u00fcr den progressiven Einsatz elektronischer Erweiterungen im Jazz. Seit Jahren geh\u00f6rt zu den Vorreitern und Wegbereitern der &#8222;Jungen&#8220; deutschen Jazzszene und machte sich einen Namen bei unz\u00e4hligen Gastauftritten auf der ganzen Welt (Russland, Indien, Sri Lanka, Kanada und ganz Europa).<\/em><\/p>\n<p><em> Selbst sieht er sich als Grenzg\u00e4nger, der Genres verbindet und Rahmen sprengt, Jazz und Popmusik aufeinander treffen l\u00e4sst, diese durch elektronische Elemente erweitert und aber nie seine musikalischen Wurzeln au\u00dfer Acht l\u00e4sst.<\/em><\/p>\n<p><em> Thomas Siffling kreiert eine wundervolle, intensive Klangerfahrung, die durch die Verschmelzung nat\u00fcrlicher und elektronischer Sounds entsteht. Eine Klangerfahrung, die nicht zuletzt dank seiner eigenen Kompositionen weltweit Anerkennung findet. <\/em><\/p>\n<p><em> Seit\u00a02004, also nunmehr 10 Jahren,\u00a0ist er als Kurator f\u00fcr diverse Projekte im Bereich Musik, Kunst und Kultur t\u00e4tig, immer mit der Maxime Raum f\u00fcr Innovation, Kreativit\u00e4t und Begegnung zu schaffen.<\/em><\/p>\n<p>&nbsp;<\/p>\n<p><strong>Jochen: Hi Thomas, vielen Dank, dass Du Dir Zeit nimmst f\u00fcr ein paar Fragen von mir. Du bist Trompeter, Bandleader, Komponist, hast ein eigenes Label, organisiert Festivals &#8211; bei solch einer Vielfalt: ist das mehr Stress oder willkommene Abwechslung f\u00fcr Dich?<\/strong><\/p>\n<p>Thomas: Na \u00fcber all zu viel Freizeit kann ich mich sicherlich nicht beklagen &#8211;\u00a0 aber Spa\u00df beiseite: Meine wirklich vielf\u00e4ltigen Bet\u00e4tigungsfelder erfordern einen strikt durchgeplanten Tagesablauf, denn sonst w\u00e4re das alles nicht zu bewerkstelligen. Da ich aber ein\u00a0strukturierter\u00a0Mensch bin, f\u00e4llt mir das nicht allzu schwer.<\/p>\n<p>Interessant wird es nat\u00fcrlich auf Konzertreisen, da man da die t\u00e4gliche Routine nicht mehr hat. Daf\u00fcr habe ich ein\u00a0System,\u00a0dass ich immer und von \u00fcberall auf alle meine Daten zugreifen kann. Insofern ist das arbeiten von fast jedem Platz in der Welt m\u00f6glich. Sicherlich hilft mir aber auch ein gut funktionierendes B\u00fcro mit meiner Assistentin Laura und meinem Pressechef Christian sehr.<\/p>\n<p><strong>Jochen: Du bist von berufswegen kreativ &#8211; f\u00e4llt Dir das immer leicht? Bzw. was brauchst Du, um kreativ zu sein?<\/strong><\/p>\n<p>Thomas: Nein ganz und gar nicht. Denn Kreativit\u00e4t braucht eigentlich Zeit, und das ist das, was ich in der Regel sehr wenig habe.<\/p>\n<p>Ich muss mir von daher die Zeit nehmen kreativ zu sein. Der erste Schritt muss aber im Kopf passieren. Du musst auch bereit sein, kreativ zu werden. Man kann das nicht erzwingen. Ich brauche, sehr zu meinem Leidwesen, immer einen relativ hohen Druck bis ich wirklich anfange kreativ im musikalischen Prozess zu werden. Die allt\u00e4gliche Kreativit\u00e4t im kuratieren im Marketing und in der Label Arbeit f\u00e4llt mir da schon einfacher.<\/p>\n<p><strong>Jochen: Wie w\u00fcrdest Du denn Kreativit\u00e4t definieren?<\/strong><\/p>\n<p>Thomas: Du sp\u00fcrst Sie, wenn Sie da ist oder besser gesagt raus will. Raus will sie z.B. beim Komponieren oder bei Erschaffen von etwas neuem. Pl\u00f6tzlich ist es da und du sp\u00fcrst es und es f\u00fchlt sich gut an. Sei es eine tolle Melodie oder eine Idee f\u00fcr eine Konzertreihe. Ist egal du sp\u00fcrst dass es da ist. Sei es bei einem Konzert, wenn du in der Musik aufgehst, und sp\u00fcrst, dass es wie von alleine l\u00e4uft.<\/p>\n<p><strong>Jochen Du machst Dir neben Deiner Musik auch viele Gedanken, wie Du davon gut leben kannst. Wie kommt es, \u00a0wo doch die viele Musiker sich ganz ihrer Kunst widmen? <\/strong><\/p>\n<p>Thomas: Ich will mich nat\u00fcrlich auch ganz der Kunst widmen, aber will dabei auch nicht auf ein f\u00fcr mich \u201egutes\u201c Leben verzichten. Durch meine Vita habe ich schon fr\u00fch vielseitige k\u00fcnstlerische Bet\u00e4tigungsfelder gehabt, die mir sicherlich dabei helfen meinen\/unseren\u00a0Lebensstandard\u00a0aufrecht zu halten.<\/p>\n<p>Generell geht es aber auch da immer um Kunst und Kreativit\u00e4t. Denn meiner Meinung nach, gen\u00fcgt es Heute auch nicht mehr,\u00a0\u201enur\u201c noch K\u00fcnstler zu sein. Du musst lernen dich selbst zu vermarkten, Dir Gedanken machen \u00fcber eine Karriereplanung, Konzerte organisieren, Musik schreiben etc. pp. Also ein vielschichtiger Beruf.<\/p>\n<p>Allerdings bewundere ich auch die Kolleginnen und Kollegen, die nicht bereit sind Kompromisse zu machen und die wirklich nur f\u00fcr Ihre Musik leben.<\/p>\n<p><strong>Jochen: Also muss ein Musiker heutzutage auch Gesch\u00e4ftsmann sein? Und wenn wo kann er das dann lernen?<\/strong><\/p>\n<p>Thomas: Wie oben beschrieben geh\u00f6rt meiner Meinung nach Heute viel mehr dazu als \u201enur\u201c ein guter und toller Musiker zu sein. Du muss heutzutage auch einen gewissen Sinn f\u00fcrs Gesch\u00e4ft haben. Anders wirst du dich sonst aus der gro\u00dfen Masse nur noch mit sehr sehr viel Gl\u00fcck hervorheben k\u00f6nnen.<\/p>\n<p>Das ist meiner Meinung nach das gro\u00dfe Problem an unserem Ausbildungssystem. Der neuen Situation wird, wenn \u00fcberhaupt nur am Rande, Rechnung getragen. Es wird viel zu viel ausgebildet, und dabei vergessen, dass man eben neben seinem Handwerk auch das Drumherum lernen muss.<\/p>\n<p><strong>Jochen: Dein Sohn trommelt ja schon eifrig auf seinem ersten Schlagzeug \u2013 kann er da was von seinem Vater dem Musiker lernen? <\/strong><\/p>\n<p>Thomas: Na ja der erste Hype ist schon wieder vorbei. Er trommelt nur noch wenn Freunde da sind um anzugeben.<\/p>\n<p>Aber das kommt sicherlich wieder wenn er wieder regelm\u00e4\u00dfig auf Konzerten ist.<\/p>\n<p>Ich denke er lernt keine Kreativit\u00e4t, er sieht eher wie sein Vater viele Sachen vielleicht etwas anders und entspannter macht. Wir versuchen im viel Freiheit zu lassen aber doch auch klare Grenzen zu ziehen, damit er sich\u00a0entfalten\u00a0kann und dann auch nat\u00fcrlich in einer Art und Weise kreativ wird. Er darf uns soll viel ausprobieren und wir trauen ihm auch viel zu bzw. lassen ihn Sachen auch ausprobieren.<\/p>\n<p><strong>Jochen: Du hast als Leiter der SAP Big Band mit ganz viel IT-Experten in der Band zu tun &#8211; Gl\u00fcck oder Herausforderung?<\/strong><\/p>\n<p>Thomas: Beides. Gl\u00fcck dass ich das Gl\u00fcck, habe eine Big Band formen und musikalisch nach vorne bringen zu d\u00fcrfen, was mir\u00a0immer noch sehr viel Spa\u00df macht.<\/p>\n<p>Herausforderung sicherlich ab und zu mit der Mentalit\u00e4t, die dann doch ab und zu sehr verschieden zu meiner sein kann. Aber alles in allem ist es eine wirklich gl\u00fcckliche Ehe mit ganz normalen Hochs und Tiefs. Ich von meiner Seite kann und will nicht klagen.<\/p>\n<p><strong>Jochen: Last but not least: ich spiele ja bald das gleiche Instrument wie Du und freue mich riesig drauf. Wie wichtig ist denn gutes Werkzeug f\u00fcr die Kunst?<\/strong><\/p>\n<p>Thomas: Das Werkzeug wie Du so sch\u00f6n sagst gibt uns ja erst die M\u00f6glichkeit unsere Kreativit\u00e4t oder unsere Musik in unserer pers\u00f6nlichen Art erklingen und erstrahlen zu lassen.<\/p>\n<p>Insofern ist es ganz wichtig das richtige Werkzeug zu haben um sich auf der Seite sehr wohl zu f\u00fchlen und das Gef\u00fchl zu haben alles auch so ausdr\u00fccken zu k\u00f6nnen wie man es sich musikalisch vorstellt. Ohne Kompromisse. Auch wenn die Trompete ein Instrument ist das immer wieder neu erobert werden will und muss J<\/p>\n<p>Manchmal ist die Reise eine lange und schmerzvolle und manchmal will es der Zufall dass man gleich zum richtigen Material gef\u00fchrt wird. Wobei man bei seiner musikalischen Entwicklung durchaus das Ein oder Andere mal nachjustieren muss und darf.<\/p>\n<p><strong>Jochen: Dank Dir und ich freue mich bald wieder was Neues von Dir zu h\u00f6ren.<\/strong><\/p>\n<p>&nbsp;<\/p>\n","protected":false},"excerpt":{"rendered":"<p>Der deutsche Trompeter Thomas Siffling ist bekannt f\u00fcr den progressiven Einsatz elektronischer Erweiterungen im Jazz. Seit Jahren geh\u00f6rt zu den Vorreitern und Wegbereitern der &#8222;Jungen&#8220; deutschen Jazzszene und machte sich einen Namen bei unz\u00e4hligen Gastauftritten auf der ganzen Welt (Russland, Indien, Sri Lanka, Kanada und ganz Europa). Selbst sieht er sich als Grenzg\u00e4nger, der Genres [&hellip;]<\/p>\n","protected":false},"author":1,"featured_media":2108,"comment_status":"open","ping_status":"open","sticky":false,"template":"","format":"standard","meta":{"footnotes":""},"categories":[85],"tags":[61,103,28,52,84],"class_list":["post-2107","post","type-post","status-publish","format-standard","has-post-thumbnail","hentry","category-jochen-trifft","tag-interview","tag-jochen-trifft-2","tag-kreativitaet","tag-mannheim","tag-musik"],"_links":{"self":[{"href":"https:\/\/www.jochenguertler.de\/index.php?rest_route=\/wp\/v2\/posts\/2107","targetHints":{"allow":["GET"]}}],"collection":[{"href":"https:\/\/www.jochenguertler.de\/index.php?rest_route=\/wp\/v2\/posts"}],"about":[{"href":"https:\/\/www.jochenguertler.de\/index.php?rest_route=\/wp\/v2\/types\/post"}],"author":[{"embeddable":true,"href":"https:\/\/www.jochenguertler.de\/index.php?rest_route=\/wp\/v2\/users\/1"}],"replies":[{"embeddable":true,"href":"https:\/\/www.jochenguertler.de\/index.php?rest_route=%2Fwp%2Fv2%2Fcomments&post=2107"}],"version-history":[{"count":0,"href":"https:\/\/www.jochenguertler.de\/index.php?rest_route=\/wp\/v2\/posts\/2107\/revisions"}],"wp:featuredmedia":[{"embeddable":true,"href":"https:\/\/www.jochenguertler.de\/index.php?rest_route=\/wp\/v2\/media\/2108"}],"wp:attachment":[{"href":"https:\/\/www.jochenguertler.de\/index.php?rest_route=%2Fwp%2Fv2%2Fmedia&parent=2107"}],"wp:term":[{"taxonomy":"category","embeddable":true,"href":"https:\/\/www.jochenguertler.de\/index.php?rest_route=%2Fwp%2Fv2%2Fcategories&post=2107"},{"taxonomy":"post_tag","embeddable":true,"href":"https:\/\/www.jochenguertler.de\/index.php?rest_route=%2Fwp%2Fv2%2Ftags&post=2107"}],"curies":[{"name":"wp","href":"https:\/\/api.w.org\/{rel}","templated":true}]}}