{"id":2134,"date":"2015-10-04T14:01:58","date_gmt":"2015-10-04T13:01:58","guid":{"rendered":"http:\/\/www.jochenguertler.de\/?p=2134"},"modified":"2015-10-04T14:01:58","modified_gmt":"2015-10-04T13:01:58","slug":"redesign-you-die-dritte","status":"publish","type":"post","link":"https:\/\/www.jochenguertler.de\/?p=2134","title":{"rendered":"redesign YOU &#8211; die Dritte!"},"content":{"rendered":"<p><span class=\"fbPhotoCaptionText\">Am Samstag, den 03. Oktober 2015, fanden sich knapp 20 neugierige Teilnehmer aus ganz Deutschland und sogar aus der Schweiz in den kreativen R\u00e4umlichkeiten des <a href=\"https:\/\/www.facebook.com\/clubspeicher7\" data-hovercard=\"\/ajax\/hovercard\/page.php?id=1593682420897718&amp;extragetparams=%7B%22directed_target_id%22%3A0%7D\">Business Club Speicher 7<\/a> in Mannheim ein, um mit spannenden Methoden des Design Thinkings das eigene Gl\u00fcck zu finden und zu gestalten.<\/span><\/p>\n<p>Zusammen mit der wunderbaren <a href=\"http:\/\/ministeriumfuerglueck.de\/\" target=\"_blank\"><strong>Gl\u00fccksministerin Gina Sch\u00f6ler<\/strong><\/a> arbeiteten wir mit den Teilnehmenden an deren Fragen und Herausforderungen rund ums &#8222;gl\u00fccklich sein und werden&#8220;.<\/p>\n<p>Wie immer stand das Tun \u00fcber aller Theorie: Ausprobieren, visualisieren, greifbar machen \u2013 offen sein und in kleinen Schritten dem pers\u00f6nlichen Gl\u00fcck n\u00e4her kommen. Ins Gespr\u00e4ch kommen, Feedback geben, Ratschl\u00e4ge einholen und verteilen, zur Ruhe kommen und reflektieren \u2013 und das alles mit einer gro\u00dfen Portion Spa\u00df und mit viel Farbe und Mut zu einer etwas anderen Herangehensweise!<\/p>\n<p>Ger\u00fchrt von all dem wunderbaren Feedback geht es nun in die weitere Planung: Am 07. Dezember 2015 findet in Mannheim der n\u00e4chste <a href=\"http:\/\/www.redesign-you.de\/\" target=\"_blank\">redesign YOU<\/a> Workshop statt, dieses Mal im <a href=\"https:\/\/www.facebook.com\/businessdesigncampus\" data-hovercard=\"\/ajax\/hovercard\/page.php?id=456675154481583&amp;extragetparams=%7B%22directed_target_id%22%3A0%7D\">business design campus<\/a>.<\/p>\n<p>Weitere Infos zum Event im Dezember gibt es hier: <a href=\"https:\/\/www.facebook.com\/events\/1478359899146060\/\" rel=\"nofollow\">https:\/\/www.facebook.com\/<wbr \/>events\/1478359899146060\/<\/a><\/p>\n<p><strong><a href=\"https:\/\/www.jochenguertler.de\/wp-content\/uploads\/2015\/10\/12072684_973195482703271_7411144639849383627_n.jpg\"><img loading=\"lazy\" decoding=\"async\" class=\"aligncenter size-full wp-image-2142\" src=\"https:\/\/www.jochenguertler.de\/wp-content\/uploads\/2015\/10\/12072684_973195482703271_7411144639849383627_n.jpg\" alt=\"12072684_973195482703271_7411144639849383627_n\" width=\"681\" height=\"440\" srcset=\"https:\/\/www.jochenguertler.de\/wp-content\/uploads\/2015\/10\/12072684_973195482703271_7411144639849383627_n.jpg 681w, https:\/\/www.jochenguertler.de\/wp-content\/uploads\/2015\/10\/12072684_973195482703271_7411144639849383627_n-300x194.jpg 300w\" sizes=\"auto, (max-width: 681px) 100vw, 681px\" \/><\/a><\/strong><\/p>\n<p><strong>Hier ein paar Stimmen der gl\u00fccklichen Teilnehmer:<\/strong><\/p>\n<p><em>&#8222;Ich habe heute komplett das Zeitgef\u00fchl verloren und war im Dauerflow&#8220;. <\/em>\u2013 Helge<\/p>\n<p><em>&#8222;Ohne Worte, was ihr hier geschaffen habt.&#8220; <\/em>\u2013 Carsten<\/p>\n<p><em>&#8222;Ich war schon auf vielen Seminaren, aber dieses hier war endlich mal nicht esoterisch, sondern menschlich, echt und realistisch. So richtig alltagstauglich, Gl\u00fcck zum Anfassen \u2013 auf einem ganz anderen Weg f\u00fcr alle verst\u00e4ndlich und erlebbar gemacht!&#8220; <\/em>\u2013 Ingrid,<\/p>\n<p><em>&#8222;Super, dass ich da war \u2013 das werde ich meinen Kindern irgendwann mal erz\u00e4hlen!&#8220; <\/em>\u2013 Hanah (15 Jahre),<\/p>\n<p><em>&#8222;Mein Traum ist es, bevor ich erwachsen, alt und langweilig bin, nach Alaska zu reisen und heute habe ich sehr viel dazugelernt!&#8220;<\/em> \u2013 Paul (12 Jahre)<\/p>\n<p><em>&#8222;Eine sch\u00f6ne Stimmung, die ihr in diesen Raum gezaubert habt, eure herzliche und zugleich stringente Art durch den Workshop zu f\u00fchren, gefiel mir sehr gut! Ihr seid ein wunderbares Team, das sich in seinen Unterschieden erg\u00e4nzt, befl\u00fcgelt, Frische und Vertrauen ausstrahlt.&#8220;\u00a0 <\/em>\u2013 Marita<\/p>\n<p><em>&#8222;Dieser Tag war lebendig, kreativ, strukturiert und auf den Punkt gebracht, danke!&#8220; <\/em>\u2013 Helge<\/p>\n<p><em>&#8222;Heute habe ich viele Dinge aus dem Kopf auf das Papier gebracht und das gibt enorm viel Klarheit!<\/em><br \/>\n<em> Unser Leben ist wie eine Schnitzeljagd mit vielen Hinweisen \u2013 manche verstehen wir gleich und manche sp\u00e4ter.&#8220; <\/em>\u2013 Stephie<\/p>\n<p><em>&#8222;Ich gehen mit frohen, leichten, vertrauensvollen und mutigen Gedanken nach Hause. Danke.&#8220; <\/em>\u2013 Gunda<\/p>\n<p><em>&#8222;Toll fand ich es, mit den H\u00e4nden zu denken und die Leute hier in der Gruppe \u2013 ich w\u00fcnsche mir ein Follow up und dass wir verbunden bleiben! Danke f\u00fcr euren Mut, Neues auszuprobieren!&#8220; <\/em>\u2013 Carsten<\/p>\n<p><em>&#8222;Ein sehr interaktiver Tag \u2013 endlich mal was Neues! Handarbeit statt Kopfarbeit! Ihr solltet redesign YOU unbedingt auch in der Schweiz anbieten!&#8220; <\/em>\u2013 Suzana<\/p>\n<p><em>&#8222;Was redesign YOU ausmacht, ist die aktive Teilnahme! Es gibt so viel Theorie zum Thema, aber wirklich aktiv zu gestalten hat es f\u00fcr mich wesentlich greifbarer gemacht! Vielen Dank f\u00fcr die sehr strukturierte, sympathische Art und Leichtigkeit, mit der ihr durch den Tag gef\u00fchrt habt.&#8220; <\/em>\u2013 Silky<\/p>\n<p><em>&#8222;Besonders toll fand ich eure positive Ausstrahlung, die leichte Herangehensweise und die kreative und bunte Aufmachung mit viel Interaktionsm\u00f6glichkeit. Ihr seid einfach toll und habt mein Leben positiv ver\u00e4ndert, danke!&#8220; <\/em>\u2013 Katja<\/p>\n<p><em>&#8222;Eine tolle Location und eine bunt-kreative Atmosph\u00e4re, eine gute Auszeit vom Alltag! Ich habe Menschen kennengelernt, die am gleichen Strang ziehen und habe f\u00fcr meine Ideen Energie getankt!&#8220; <\/em>\u2013 Frank<\/p>\n","protected":false},"excerpt":{"rendered":"<p>Am Samstag, den 03. Oktober 2015, fanden sich knapp 20 neugierige Teilnehmer aus ganz Deutschland und sogar aus der Schweiz in den kreativen R\u00e4umlichkeiten des Business Club Speicher 7 in Mannheim ein, um mit spannenden Methoden des Design Thinkings das eigene Gl\u00fcck zu finden und zu gestalten. Zusammen mit der wunderbaren Gl\u00fccksministerin Gina Sch\u00f6ler arbeiteten [&hellip;]<\/p>\n","protected":false},"author":1,"featured_media":2141,"comment_status":"open","ping_status":"open","sticky":false,"template":"","format":"standard","meta":{"footnotes":""},"categories":[5],"tags":[27,111,52,109,23],"class_list":["post-2134","post","type-post","status-publish","format-standard","has-post-thumbnail","hentry","category-blog","tag-design-thinking","tag-glueck","tag-mannheim","tag-redesign-you","tag-workshop"],"_links":{"self":[{"href":"https:\/\/www.jochenguertler.de\/index.php?rest_route=\/wp\/v2\/posts\/2134","targetHints":{"allow":["GET"]}}],"collection":[{"href":"https:\/\/www.jochenguertler.de\/index.php?rest_route=\/wp\/v2\/posts"}],"about":[{"href":"https:\/\/www.jochenguertler.de\/index.php?rest_route=\/wp\/v2\/types\/post"}],"author":[{"embeddable":true,"href":"https:\/\/www.jochenguertler.de\/index.php?rest_route=\/wp\/v2\/users\/1"}],"replies":[{"embeddable":true,"href":"https:\/\/www.jochenguertler.de\/index.php?rest_route=%2Fwp%2Fv2%2Fcomments&post=2134"}],"version-history":[{"count":0,"href":"https:\/\/www.jochenguertler.de\/index.php?rest_route=\/wp\/v2\/posts\/2134\/revisions"}],"wp:featuredmedia":[{"embeddable":true,"href":"https:\/\/www.jochenguertler.de\/index.php?rest_route=\/wp\/v2\/media\/2141"}],"wp:attachment":[{"href":"https:\/\/www.jochenguertler.de\/index.php?rest_route=%2Fwp%2Fv2%2Fmedia&parent=2134"}],"wp:term":[{"taxonomy":"category","embeddable":true,"href":"https:\/\/www.jochenguertler.de\/index.php?rest_route=%2Fwp%2Fv2%2Fcategories&post=2134"},{"taxonomy":"post_tag","embeddable":true,"href":"https:\/\/www.jochenguertler.de\/index.php?rest_route=%2Fwp%2Fv2%2Ftags&post=2134"}],"curies":[{"name":"wp","href":"https:\/\/api.w.org\/{rel}","templated":true}]}}