{"id":2214,"date":"2015-12-08T22:50:06","date_gmt":"2015-12-08T21:50:06","guid":{"rendered":"http:\/\/www.jochenguertler.de\/?p=2214"},"modified":"2015-12-08T22:50:06","modified_gmt":"2015-12-08T21:50:06","slug":"das-erste-haus-am-platz","status":"publish","type":"post","link":"https:\/\/www.jochenguertler.de\/?p=2214","title":{"rendered":"Das erste Haus am Platz"},"content":{"rendered":"<p><a href=\"https:\/\/www.jochenguertler.de\/wp-content\/uploads\/2015\/12\/SoluKhumbu2015-057.jpg\"><img decoding=\"async\" class=\"aligncenter size-full wp-image-2223\" src=\"https:\/\/www.jochenguertler.de\/wp-content\/uploads\/2015\/12\/SoluKhumbu2015-057.jpg\" alt=\"SoluKhumbu2015-057\" \/><\/a><\/p>\n<p>Die gemischten Wettervorhersagen vom Vorabend haben sich als vor allem nicht ganz richtig herausgestellt, und so war es heute vor allem eines: sehr sonnig.<\/p>\n<p>Und so sch\u00f6n mit Schneezuckerguss \u00fcberzogen machen die Berge um uns herum gleich noch eine viel bessere Figur. Hat sich also alles zum Besten gewendet \u2013 und ohne zu viel vorweg zu nehmen: daran wird sich wettertechnisch bis zum Ende unserer gemeinsamen Tage absolut nichts mehr \u00e4ndern.<\/p>\n<p>Unser Weg f\u00fchrt uns \u00fcber die alte tibetische Handelsroute Richtung Norden \u00fcber den Nanga Pa zwar gem\u00e4chlich aber doch stetig aufw\u00e4rts bis wir am fr\u00fchen Nachmittag Lunghen auf 4400 Meter H\u00f6he erreichen, unser heutiges Etappenziel. Die wenigen und sehr einfachen Lodges liegen mehr zuf\u00e4llig als geplant am Wege und zum Gl\u00fcck haben unsere vorausgeeilten Tr\u00e4ger schon reserviert. Wohl nicht im ersten Haus am Platz, wobei es dies heute wohl auch nicht gibt, denn unsere Behausung ist mit \u201eschlicht und einfach\u201c doch recht passend beschrieben.<\/p>\n<p>Aber der <em>dining room<\/em> ist nat\u00fcrlich beheizt, und wie f\u00fcr diese H\u00f6he typisch wird der Bollerofen, um den sich alle scharen, mit Eimer voller getrocknetem und gepressten Yak-Mist betrieben.<\/p>\n<p>Nach den f\u00fcr nepalesische Verh\u00e4ltnisse fast schon luxuri\u00f6se Lodges der ersten Tage sind wir nun, wohl auch in Anbetracht der immer gr\u00f6\u00dferen H\u00f6he, doch sehr spartanisch untergebracht. Da muss die n\u00e4chste warme Dusche noch ein wenig warten und wieder einmal platziere ich in meiner imagin\u00e4ren Liste von all den Dingen, die ich aus der Zivilisation mitnehmen m\u00f6chte, die \u201ehei\u00dfe Dusche\u201c an allerallererste Stelle.<\/p>\n<p>Um aber mein Loblied auf meinen Schlafsack erneut anzustimmen: die Anschaffung hat sich wirklich gelohnt. Genauso wie meine wollenen Wandersocken, die dieses Mal die \u201eWollenen\u201c von Mama ersetzen und so tadellos ihren Dienst versehen, dass ich un-getaped und v\u00f6llig blasenfrei \u00fcber Berg und Tal komme.<\/p>\n<p>F\u00fcrs n\u00e4chste Mal werde ich dann in Merino-Unterw\u00e4sche investieren, das danken mir glaube ich dann auch meine Mitwanderer.<\/p>\n<p>Getreu dem Motto \u201ehoch wandern und tief schlafen\u201c sind Ellen, Peter, Pradap und ich am sp\u00e4ten Nachmittag nochmals losgezogen und haben ein wenig die H\u00e4ngen rund um unsere Lodge erkundet. Dass dann die Wolken endg\u00fcltig aufrei\u00dfen, und wir noch einen wunderbaren Sonnenuntergang erleben d\u00fcrfen, ist ein sch\u00f6nes Schmackerl, das wir gerne mitnehmen.<\/p>\n<p>Mittlerweile sind wir eine Woche unterwegs, und so langsam wird es ernst. Morgen geht es \u00fcber den Renjo La Pass, der mit 5475 Meter H\u00f6he fast schon so hoch ist wie der Thorong La Pass w\u00e4hrend der Annapurna-Runde in 2010. H\u00f6her, schneller, weiter &#8211; ganz im olympische Sinne versteht sich, denn nat\u00fcrlich ist der \u201eWeg das Ziel\u201c und nach so vielen Phrasen ist es nun doch Zeit zum Schlafgehen und Kr\u00e4fte sammeln f\u00fcr die zuk\u00fcnftigen H\u00f6henmeter.<\/p>\n<p><a href=\"https:\/\/www.jochenguertler.de\/wp-content\/uploads\/2015\/12\/SoluKhumbu2015-062.jpg\"><img decoding=\"async\" class=\"aligncenter size-full wp-image-2224\" src=\"https:\/\/www.jochenguertler.de\/wp-content\/uploads\/2015\/12\/SoluKhumbu2015-062.jpg\" alt=\"SoluKhumbu2015-062\" \/><\/a><\/p>\n","protected":false},"excerpt":{"rendered":"<p>Die gemischten Wettervorhersagen vom Vorabend haben sich als vor allem nicht ganz richtig herausgestellt, und so war es heute vor allem eines: sehr sonnig. Und so sch\u00f6n mit Schneezuckerguss \u00fcberzogen machen die Berge um uns herum gleich noch eine viel bessere Figur. Hat sich also alles zum Besten gewendet \u2013 und ohne zu viel vorweg [&hellip;]<\/p>\n","protected":false},"author":1,"featured_media":2223,"comment_status":"open","ping_status":"open","sticky":false,"template":"","format":"standard","meta":{"footnotes":""},"categories":[5,117],"tags":[118,119,120],"class_list":["post-2214","post","type-post","status-publish","format-standard","has-post-thumbnail","hentry","category-blog","category-solu-khumbu-2015","tag-nepal","tag-reisebericht","tag-solu-khumbu"],"_links":{"self":[{"href":"https:\/\/www.jochenguertler.de\/index.php?rest_route=\/wp\/v2\/posts\/2214","targetHints":{"allow":["GET"]}}],"collection":[{"href":"https:\/\/www.jochenguertler.de\/index.php?rest_route=\/wp\/v2\/posts"}],"about":[{"href":"https:\/\/www.jochenguertler.de\/index.php?rest_route=\/wp\/v2\/types\/post"}],"author":[{"embeddable":true,"href":"https:\/\/www.jochenguertler.de\/index.php?rest_route=\/wp\/v2\/users\/1"}],"replies":[{"embeddable":true,"href":"https:\/\/www.jochenguertler.de\/index.php?rest_route=%2Fwp%2Fv2%2Fcomments&post=2214"}],"version-history":[{"count":0,"href":"https:\/\/www.jochenguertler.de\/index.php?rest_route=\/wp\/v2\/posts\/2214\/revisions"}],"wp:featuredmedia":[{"embeddable":true,"href":"https:\/\/www.jochenguertler.de\/index.php?rest_route=\/wp\/v2\/media\/2223"}],"wp:attachment":[{"href":"https:\/\/www.jochenguertler.de\/index.php?rest_route=%2Fwp%2Fv2%2Fmedia&parent=2214"}],"wp:term":[{"taxonomy":"category","embeddable":true,"href":"https:\/\/www.jochenguertler.de\/index.php?rest_route=%2Fwp%2Fv2%2Fcategories&post=2214"},{"taxonomy":"post_tag","embeddable":true,"href":"https:\/\/www.jochenguertler.de\/index.php?rest_route=%2Fwp%2Fv2%2Ftags&post=2214"}],"curies":[{"name":"wp","href":"https:\/\/api.w.org\/{rel}","templated":true}]}}