{"id":2309,"date":"2016-01-06T18:11:49","date_gmt":"2016-01-06T17:11:49","guid":{"rendered":"http:\/\/www.jochenguertler.de\/?p=2309"},"modified":"2018-08-08T13:20:42","modified_gmt":"2018-08-08T12:20:42","slug":"nicht-wuenschen-sondern-tun","status":"publish","type":"post","link":"https:\/\/www.jochenguertler.de\/?p=2309","title":{"rendered":"Nicht W\u00fcnschen, sondern Tun."},"content":{"rendered":"<p class=\"font_8\">Eine der grunds\u00e4tzlichen Ideen hinter <a href=\"http:\/\/www.redesign-you.de\/\" target=\"_blank\" rel=\"noopener\"><strong>redesign YOU<\/strong><\/a> war und ist die Erkenntnis, die Gina und ich w\u00e4hrend vieler Design- und Innovations-Workshops und -Projekten erkannt haben: die Art und Weise wie ein Designer an Fragen und Problemstellung herangeht, um\u00a0 neue Produkte, Dienstleistungen oder Erlebnisse zu gestalten, eignet sich in ganz wunderbarer Weise auch f\u00fcr die eigene Lebensgestaltung und pers\u00f6nliche Fragestellungen, die uns sicherlich alle mal mehr mal weniger besch\u00e4ftigen:<\/p>\n<p class=\"font_8\"><em>Wer bin ich?<\/em><\/p>\n<p class=\"font_8\"><em>Was will ich im Leben erreichen?<\/em><\/p>\n<p class=\"font_8\"><em>Wie will ich leben?<\/em><\/p>\n<p class=\"font_8\"><em>Wie will ich arbeiten?<\/em><\/p>\n<p class=\"font_8\"><em>Was macht mich gl\u00fccklich?<\/em><\/p>\n<p class=\"font_8\">Ich finde es nun sehr spannend zu sehen, dass wir offensichtlich nicht die einzigen sind, die dies so sehen und dementsprechend gibt es mittlerweile etliche B\u00fccher, Blogs und Podcasts, die sich damit besch\u00e4ftigen, was es bedeuten kann, der Designer f\u00fcr das eigene Leben zu werden.<\/p>\n<p class=\"font_8\"><strong>Bernard Roth<\/strong>, einer der Design Thinking Veteranen an der <a href=\"http:\/\/dschool.stanford.edu\/\" target=\"_blank\" rel=\"noopener\">School of Design Thinking<\/a> in Stanford, hat solch ein Buch geschrieben, das ich an dieser Stelle wirklich w\u00e4rmstens empfehlen kann.<\/p>\n<p class=\"font_8\">Unter dem Title <a href=\"http:\/\/www.theachievementhabit.com\/\" target=\"_blank\" rel=\"noopener\">&#8222;The Achievment Happit&#8220; <\/a>berichtet Bernie \u00fcber seine Arbeit mit Studenten, f\u00fcr die er seit vielen Semestern eine Vorlesung mit dem gleichnamigen Titel anbietet.<\/p>\n<p class=\"font_8\"><a href=\"https:\/\/www.jochenguertler.de\/wp-content\/uploads\/2016\/01\/f8d48a_78c5b32beeae40bab7326a1887923aac.jpg\"><img loading=\"lazy\" decoding=\"async\" class=\"aligncenter size-full wp-image-2312\" src=\"https:\/\/www.jochenguertler.de\/wp-content\/uploads\/2016\/01\/f8d48a_78c5b32beeae40bab7326a1887923aac.jpg\" alt=\"f8d48a_78c5b32beeae40bab7326a1887923aac\" width=\"557\" height=\"835\" srcset=\"https:\/\/www.jochenguertler.de\/wp-content\/uploads\/2016\/01\/f8d48a_78c5b32beeae40bab7326a1887923aac.jpg 557w, https:\/\/www.jochenguertler.de\/wp-content\/uploads\/2016\/01\/f8d48a_78c5b32beeae40bab7326a1887923aac-200x300.jpg 200w\" sizes=\"auto, (max-width: 557px) 100vw, 557px\" \/><\/a><\/p>\n<p class=\"font_8\">In dieser Vorlesung geht es nicht um schn\u00f6de (Design-) Theorie, sondern ums Machen und der Umsetzung von ganz konkreten Projekten. Denn allzu oft bleiben wir wohl beim W\u00fcnschen und der reinen Vorstellung vom &#8222;gl\u00fccklichen Leben&#8220; stecken, anstelle uns aufzumachen und &#8222;unser Gl\u00fcck&#8220; Schritt f\u00fcr Schritt Wirklichkeit werden zu lassen.<\/p>\n<p class=\"font_8\">Ein solcher erster Schritt kann zum Beispiel einer unserer <a href=\"http:\/\/www.redesign-you.de\/#!termine\/v6ely\">redesign YOU Workshops<\/a> sein &#8211; die n\u00e4chsten beiden Termine in Berlin und Mannheim stehen an und es gibt noch ein wenig Kapazit\u00e4t f\u00fcr alle, die ihr Gl\u00fcck in die eigenen H\u00e4nde nehmen wollen.<\/p>\n<p class=\"font_8\">Also worauf warten? Hier sind die Links zu den beiden Veranstaltungen:<\/p>\n<p class=\"font_8\">Am 19. &amp; 20.Februar in Berlin:\u00a0 <a href=\"http:\/\/www.redesignyou-berlin-februar2016.eventbrite.de\" target=\"_blank\" rel=\"noopener\">www.redesignyou-berlin-februar2016.eventbrite.de<\/a><\/p>\n<p class=\"font_8\">Am 08. &amp; 09. April in Mannheim: <a href=\"http:\/\/www.redesignyou-mannheim-april2016.eventbrite.de\" target=\"_blank\" rel=\"noopener\">www.redesignyou-mannheim-april2016.eventbrite.de<\/a><\/p>\n","protected":false},"excerpt":{"rendered":"<p>Eine der grunds\u00e4tzlichen Ideen hinter redesign YOU war und ist die Erkenntnis, die Gina und ich w\u00e4hrend vieler Design- und Innovations-Workshops und -Projekten erkannt haben: die Art und Weise wie ein Designer an Fragen und Problemstellung herangeht, um\u00a0 neue Produkte, Dienstleistungen oder Erlebnisse zu gestalten, eignet sich in ganz wunderbarer Weise auch f\u00fcr die eigene [&hellip;]<\/p>\n","protected":false},"author":1,"featured_media":2311,"comment_status":"open","ping_status":"open","sticky":false,"template":"","format":"standard","meta":{"footnotes":""},"categories":[5],"tags":[66,64,27,52,109,23],"class_list":["post-2309","post","type-post","status-publish","format-standard","has-post-thumbnail","hentry","category-blog","tag-berlin","tag-buch","tag-design-thinking","tag-mannheim","tag-redesign-you","tag-workshop"],"_links":{"self":[{"href":"https:\/\/www.jochenguertler.de\/index.php?rest_route=\/wp\/v2\/posts\/2309","targetHints":{"allow":["GET"]}}],"collection":[{"href":"https:\/\/www.jochenguertler.de\/index.php?rest_route=\/wp\/v2\/posts"}],"about":[{"href":"https:\/\/www.jochenguertler.de\/index.php?rest_route=\/wp\/v2\/types\/post"}],"author":[{"embeddable":true,"href":"https:\/\/www.jochenguertler.de\/index.php?rest_route=\/wp\/v2\/users\/1"}],"replies":[{"embeddable":true,"href":"https:\/\/www.jochenguertler.de\/index.php?rest_route=%2Fwp%2Fv2%2Fcomments&post=2309"}],"version-history":[{"count":0,"href":"https:\/\/www.jochenguertler.de\/index.php?rest_route=\/wp\/v2\/posts\/2309\/revisions"}],"wp:featuredmedia":[{"embeddable":true,"href":"https:\/\/www.jochenguertler.de\/index.php?rest_route=\/wp\/v2\/media\/2311"}],"wp:attachment":[{"href":"https:\/\/www.jochenguertler.de\/index.php?rest_route=%2Fwp%2Fv2%2Fmedia&parent=2309"}],"wp:term":[{"taxonomy":"category","embeddable":true,"href":"https:\/\/www.jochenguertler.de\/index.php?rest_route=%2Fwp%2Fv2%2Fcategories&post=2309"},{"taxonomy":"post_tag","embeddable":true,"href":"https:\/\/www.jochenguertler.de\/index.php?rest_route=%2Fwp%2Fv2%2Ftags&post=2309"}],"curies":[{"name":"wp","href":"https:\/\/api.w.org\/{rel}","templated":true}]}}