{"id":2349,"date":"2016-04-18T17:06:00","date_gmt":"2016-04-18T16:06:00","guid":{"rendered":"http:\/\/www.jochenguertler.de\/?p=2349"},"modified":"2018-08-09T10:54:28","modified_gmt":"2018-08-09T09:54:28","slug":"am-berg-nur-im-team","status":"publish","type":"post","link":"https:\/\/www.jochenguertler.de\/?p=2349","title":{"rendered":"Am Berg nur im Team"},"content":{"rendered":"<p><em><a href=\"http:\/\/www.markus-amon.at\/\">Markus Amon<\/a> ist Bergf\u00fchrer, Bergsteiger, Extremsportler und Flugretter. Ich habe Markus w\u00e4hrend meiner wunderbaren Wanderung durch das Solu Khumbu kennengelernt und bin im heute noch dankbar, dass er mich mit seiner Ruhe und seinem Wissen sicher auf den Island Peak (6189 Meter) gebracht hat.<\/em><\/p>\n<p><strong>Jochen: Hi Markus, Dank Dir f\u00fcr Deine Zeit. Wir haben ja wunderbare Tage im Himilaya gehabt und ich habe Dich dort in den Bergen rund um den Mount Everest absolut in Deinem Element erlebt. Wann hast Du Deine Liebe zu den Bergen entdeckt? Gab es da ein spezielles Erlebnis?<\/strong><\/p>\n<p>Markus: Ich bin in den Bergen unterwegs seit ich denken kann, mein Opa hat mich sicher dazu gebracht indem er mich schon als ganz kleines Kind dort hin mitgenommen hat&#8230;somit ist es f\u00fcr mich ein Lebensinhalt geworden, besser gesagt eine Lebenseinstellung!<\/p>\n<p><strong>Jochen: Was fasziniert Dich daran Berge zu erklimmen oder Ultra-Marathons zu laufen?<\/strong><br \/>\nMarkus: Die M\u00f6glichkeit \u00fcber sich selbst hinaus zu wachsen und sich durch eine gute Vorbereitung so zu konstituieren das man dies tats\u00e4chlich ohne sich zu Schaden schaffen kann. Eigenverantwortung und K\u00f6rpergef\u00fchl kombiniert sich in diesem Tun!<\/p>\n<p><strong>Jochen: Wie wichtig ist dass Team bei Deinen Unternehmungen? Und wie gehst Du mit Problemen in Deinen Teams um?<\/strong><\/p>\n<p>Markus: Ohne ein funktionierendes Team ist eine Unternehmung, eine Expedition ein schwieriges und vor allem einsames Unterfangen. Das Team gibt halt , ein Gef\u00fchl von Sicherheit und letztendlich auch Kraft Dinge umzusetzen. Probleme und Reibungspunkte gibt es in jedem Team, das kann befl\u00fcgeln aber f\u00fchrt nicht angesprochen fast immer zu einem echten Problem. Daher Probleme ansprechen und dabei nicht vorwurfsvoll agieren&#8230;.. oft gen\u00fcgt es seinem Gegen\u00fcber das eigene Empfinden mitzuteilen um Situationen zu entsch\u00e4rfen&#8230;<\/p>\n<p><strong>Jochen: Du machst ja auch Solo-Besteigungen? Ist Bergsteigen dennoch Teamwork?<\/strong><\/p>\n<p>Markus: Ohne Team ginge vieles wie erw\u00e4hnt gar nicht bis kaum und ein funktionierendes Team ist die Basis f\u00fcr einen Erfolg!. Am Tag X bin ich dann aber gerne &#8222;alleine&#8220; unterwegs denn Schnelligkeit ist in der H\u00f6he sehr oft Sicherheit. Ein sogenannter Partner kann dich in ganz gro\u00dfen H\u00f6hen sowieso nicht unterst\u00fctzen. Die Kameradenhilfe ist dort oben definitiv eine Illusion, einzig die f\u00fcr mich befreiende Einsamkeit ist aber doch f\u00fcr viele Gleichgesinnte dort oben &#8222;Erdr\u00fcckend&#8220; und hemmend!<\/p>\n<p><strong>Jochen: Musst Du kreativ sein beim Bergsteigen? Oder vor allem die bekannten Pfade beherrschen und meistern?<\/strong><br \/>\nMarkus: Ich bezeichne es eher als ein situatives Handeln, was eine gewisse Kreativit\u00e4t sicher beinhaltet. Allerdings ist die kognitive Leitsungsf\u00e4higkeit in der ganz gro\u00dfen H\u00f6he doch sehr eingeschr\u00e4nkt. Da ist es mir wichtig auf Erfahrungen und vorbereitete&#8220; Rezepte&#8220; zur\u00fcckgreifen zu k\u00f6nnen um aus der mir sich bietenden Ist-Situation das maximale herausholen zu k\u00f6nnen.<\/p>\n<p><img loading=\"lazy\" decoding=\"async\" class=\"aligncenter size-full wp-image-2333\" src=\"https:\/\/www.jochenguertler.de\/wp-content\/uploads\/2016\/01\/SoluKhumbu2015-099.jpg\" alt=\"SoluKhumbu2015-099\" width=\"2760\" height=\"1557\" srcset=\"https:\/\/www.jochenguertler.de\/wp-content\/uploads\/2016\/01\/SoluKhumbu2015-099.jpg 2760w, https:\/\/www.jochenguertler.de\/wp-content\/uploads\/2016\/01\/SoluKhumbu2015-099-300x169.jpg 300w, https:\/\/www.jochenguertler.de\/wp-content\/uploads\/2016\/01\/SoluKhumbu2015-099-1024x578.jpg 1024w\" sizes=\"auto, (max-width: 2760px) 100vw, 2760px\" \/><\/p>\n<p><strong>Jochen: Du machst auch Leadership-Trainings f\u00fcr Manager. Was k\u00f6nnen Manager beim Bergsteigen lernen?<\/strong><br \/>\nMarkus:Ich war und bin immer wieder am Outdoortag bei solchen Trainings als Sicherheitskraft (z.b. bei Abseil\u00fcbungen) dabei. Viele Dinge f\u00fcr den Management-Berufsalltag k\u00f6nnen im Outdoor-Teamtraining gelernt werden. Speziell das Vertrauen zu sich selbst aber insbesondere an seine Mitarbeiter spielt dabei immer mehr eine Rolle.<\/p>\n<p><strong>Jochen: Und wieviel Leadership braucht ein guter Bergf\u00fchrer?<\/strong><br \/>\nMarkus: Viel, ohne diese Eigenschaften wird man sehr bald an seine Grenzen kommen. Wenig in Bezug auf die Bergziele, vielmehr im Umgang mit seinen anvertrauten Kunden. &#8222;Situationselastisch&#8220; hei\u00dft das Zauberwort, aber insbesondere ist es nicht wichtig der K\u00fcmmerer f\u00fcr alle zu sein, wichtig ist vielmehr allen die individuell notwendige Unterst\u00fctzung zur Selbsthilfe zu geben, f\u00fcr Sicherheit zu sorgen, dann stellt sich der Erfolg scheinbar von selber ein&#8230;<\/p>\n<p><strong>Jochen: Wenn Du Dir eine Innovation w\u00fcnschen w\u00fcrdest f\u00fcrs Bergsteigen? Was w\u00e4re das?<\/strong><br \/>\nMarkus: Die Industrie hat schon so viele Dinge die einem das Bergsteigerleben erleichtert auf den Markt gebracht, unvorstellbar f\u00fcr mich ist dabei die Situation unserer bergsteigerischen Vorg\u00e4nger und Pioniere, mit welch zum Teil primitiven Mitteln sie unterwegs sein mussten. Ich kann mir wenig vorstellen was mir jetzt noch abgeht, aber es wird sicher noch so einiges daherkommen, ich bin mit den jetzigen und verf\u00fcgbaren Dingen sehr zufrieden!<\/p>\n<p><strong>Jochen: Dank Dir f\u00fcr Deine Zeit und viel Erfolg f\u00fcr Deinen n\u00e4chsten Gipfelsturmpl\u00e4ne.<\/strong><\/p>\n<p><img loading=\"lazy\" decoding=\"async\" class=\"aligncenter size-full wp-image-2355\" src=\"https:\/\/www.jochenguertler.de\/wp-content\/uploads\/2016\/04\/DSC8698.jpg\" alt=\"_DSC8698\" width=\"2000\" height=\"1333\" srcset=\"https:\/\/www.jochenguertler.de\/wp-content\/uploads\/2016\/04\/DSC8698.jpg 2000w, https:\/\/www.jochenguertler.de\/wp-content\/uploads\/2016\/04\/DSC8698-300x200.jpg 300w, https:\/\/www.jochenguertler.de\/wp-content\/uploads\/2016\/04\/DSC8698-768x512.jpg 768w, https:\/\/www.jochenguertler.de\/wp-content\/uploads\/2016\/04\/DSC8698-1024x682.jpg 1024w\" sizes=\"auto, (max-width: 2000px) 100vw, 2000px\" \/><\/p>\n","protected":false},"excerpt":{"rendered":"<p>Markus Amon ist Bergf\u00fchrer, Bergsteiger, Extremsportler und Flugretter. Ich habe Markus w\u00e4hrend meiner wunderbaren Wanderung durch das Solu Khumbu kennengelernt und bin im heute noch dankbar, dass er mich mit seiner Ruhe und seinem Wissen sicher auf den Island Peak (6189 Meter) gebracht hat. Jochen: Hi Markus, Dank Dir f\u00fcr Deine Zeit. Wir haben ja [&hellip;]<\/p>\n","protected":false},"author":1,"featured_media":2352,"comment_status":"open","ping_status":"open","sticky":false,"template":"","format":"standard","meta":{"footnotes":""},"categories":[85],"tags":[61,28,127,118,120,29],"class_list":["post-2349","post","type-post","status-publish","format-standard","has-post-thumbnail","hentry","category-jochen-trifft","tag-interview","tag-kreativitaet","tag-leadership","tag-nepal","tag-solu-khumbu","tag-team"],"_links":{"self":[{"href":"https:\/\/www.jochenguertler.de\/index.php?rest_route=\/wp\/v2\/posts\/2349","targetHints":{"allow":["GET"]}}],"collection":[{"href":"https:\/\/www.jochenguertler.de\/index.php?rest_route=\/wp\/v2\/posts"}],"about":[{"href":"https:\/\/www.jochenguertler.de\/index.php?rest_route=\/wp\/v2\/types\/post"}],"author":[{"embeddable":true,"href":"https:\/\/www.jochenguertler.de\/index.php?rest_route=\/wp\/v2\/users\/1"}],"replies":[{"embeddable":true,"href":"https:\/\/www.jochenguertler.de\/index.php?rest_route=%2Fwp%2Fv2%2Fcomments&post=2349"}],"version-history":[{"count":0,"href":"https:\/\/www.jochenguertler.de\/index.php?rest_route=\/wp\/v2\/posts\/2349\/revisions"}],"wp:featuredmedia":[{"embeddable":true,"href":"https:\/\/www.jochenguertler.de\/index.php?rest_route=\/wp\/v2\/media\/2352"}],"wp:attachment":[{"href":"https:\/\/www.jochenguertler.de\/index.php?rest_route=%2Fwp%2Fv2%2Fmedia&parent=2349"}],"wp:term":[{"taxonomy":"category","embeddable":true,"href":"https:\/\/www.jochenguertler.de\/index.php?rest_route=%2Fwp%2Fv2%2Fcategories&post=2349"},{"taxonomy":"post_tag","embeddable":true,"href":"https:\/\/www.jochenguertler.de\/index.php?rest_route=%2Fwp%2Fv2%2Ftags&post=2349"}],"curies":[{"name":"wp","href":"https:\/\/api.w.org\/{rel}","templated":true}]}}