{"id":2362,"date":"2017-03-20T12:11:31","date_gmt":"2017-03-20T11:11:31","guid":{"rendered":"http:\/\/www.jochenguertler.de\/?p=2362"},"modified":"2018-08-08T13:19:56","modified_gmt":"2018-08-08T12:19:56","slug":"von-piraten-und-kreativen-kuenstlern","status":"publish","type":"post","link":"https:\/\/www.jochenguertler.de\/?p=2362","title":{"rendered":"Von Piraten und kreativen K\u00fcnstlern"},"content":{"rendered":"<p>Wie sehen Berufsbilder in der IT aus? Was hat sich schon ge\u00e4ndert in den letzten Jahren und was wird noch alles passieren? In einer (IT-) Welt in der alle von Digitalisierung, IoT, Big Data oder Machine Learning reden? Und in der mehr und mehr agil, kreativ und in Teams gearbeitet wird?<\/p>\n<p>Die <a href=\"http:\/\/www.computerwoche.de\/\" target=\"_blank\" rel=\"noopener\">ComputerWoche<\/a> hat dazu eine Sonderausgabe herausgebracht und ich hatte das Vergn\u00fcgen dazu befragt zu werden und zu berichten, wie sich mein Berufsbild in den letzten 19 Jahren ver\u00e4ndert hat, in denen ich in der IT t\u00e4tig bin. <a href=\"http:\/\/www.computerwoche.de\/a\/von-piraten-und-kreativen-kuenstlern,3330093\" target=\"_blank\" rel=\"noopener\">Hier<\/a> geht es zum dem Interivew mit mir.<\/p>\n","protected":false},"excerpt":{"rendered":"<p>Wie sehen Berufsbilder in der IT aus? Was hat sich schon ge\u00e4ndert in den letzten Jahren und was wird noch alles passieren? In einer (IT-) Welt in der alle von Digitalisierung, IoT, Big Data oder Machine Learning reden? Und in der mehr und mehr agil, kreativ und in Teams gearbeitet wird? Die ComputerWoche hat dazu [&hellip;]<\/p>\n","protected":false},"author":1,"featured_media":2365,"comment_status":"open","ping_status":"open","sticky":false,"template":"","format":"standard","meta":{"footnotes":""},"categories":[5],"tags":[39,56,27,61,8],"class_list":["post-2362","post","type-post","status-publish","format-standard","has-post-thumbnail","hentry","category-blog","tag-agil","tag-agile-softwaremethoden","tag-design-thinking","tag-interview","tag-veranderung"],"_links":{"self":[{"href":"https:\/\/www.jochenguertler.de\/index.php?rest_route=\/wp\/v2\/posts\/2362","targetHints":{"allow":["GET"]}}],"collection":[{"href":"https:\/\/www.jochenguertler.de\/index.php?rest_route=\/wp\/v2\/posts"}],"about":[{"href":"https:\/\/www.jochenguertler.de\/index.php?rest_route=\/wp\/v2\/types\/post"}],"author":[{"embeddable":true,"href":"https:\/\/www.jochenguertler.de\/index.php?rest_route=\/wp\/v2\/users\/1"}],"replies":[{"embeddable":true,"href":"https:\/\/www.jochenguertler.de\/index.php?rest_route=%2Fwp%2Fv2%2Fcomments&post=2362"}],"version-history":[{"count":0,"href":"https:\/\/www.jochenguertler.de\/index.php?rest_route=\/wp\/v2\/posts\/2362\/revisions"}],"wp:featuredmedia":[{"embeddable":true,"href":"https:\/\/www.jochenguertler.de\/index.php?rest_route=\/wp\/v2\/media\/2365"}],"wp:attachment":[{"href":"https:\/\/www.jochenguertler.de\/index.php?rest_route=%2Fwp%2Fv2%2Fmedia&parent=2362"}],"wp:term":[{"taxonomy":"category","embeddable":true,"href":"https:\/\/www.jochenguertler.de\/index.php?rest_route=%2Fwp%2Fv2%2Fcategories&post=2362"},{"taxonomy":"post_tag","embeddable":true,"href":"https:\/\/www.jochenguertler.de\/index.php?rest_route=%2Fwp%2Fv2%2Ftags&post=2362"}],"curies":[{"name":"wp","href":"https:\/\/api.w.org\/{rel}","templated":true}]}}