{"id":2460,"date":"2018-08-08T13:16:26","date_gmt":"2018-08-08T12:16:26","guid":{"rendered":"http:\/\/www.jochenguertler.de\/?p=2460"},"modified":"2018-08-08T13:28:27","modified_gmt":"2018-08-08T12:28:27","slug":"redesign-you-retreat-2018","status":"publish","type":"post","link":"https:\/\/www.jochenguertler.de\/?p=2460","title":{"rendered":"redesign YOU retreat 2018"},"content":{"rendered":"\n<h4 class=\"wp-block-heading\"><strong>\u00dcber f\u00fcnf Tage Dolce Vita mit nur positiven Nebenwirkungen<\/strong><\/h4>\n\n\n\n<h4 class=\"wp-block-heading\" id=\"51e4\">Einfach mal rumspinnen\u00a0\u2026<\/h4>\n\n\n\n<p><em>\u201cWie w\u00fcrde der ideale <\/em><a href=\"https:\/\/www.redesign-you.de\/\" rel=\"noreferrer noopener\" target=\"_blank\"><em>redesign YOU<\/em><\/a><em> Workshop aussehen, den wir gemeinsam gestalten wollen, wenn wir uns das ganz frei aussuchen d\u00fcrften?\u201d <\/em>Diese Frage haben<a href=\"https:\/\/ministeriumfuerglueck.de\/\" rel=\"noreferrer noopener\" target=\"_blank\"> Gina<\/a> und ich uns irgendwann einmal im letzten Jahr gestellt und schnell waren ein paar f\u00fcr uns wesentliche Randbedingungen klar:<\/p>\n\n\n\n<p>Wir\n w\u00fcrden gerne in einer wirklich sch\u00f6nen Umgebung arbeiten wollen. Mit \nviel Sonne am Himmel und drumherum viel Natur mit Weitblick zum \nEntspannen und Gedanken schweifen lassen. Gutes Essen und Trinken w\u00e4re \nauch wichtig, denn kreatives Schaffen kann bekanntlich viel Energie \nkosten. Die Teilnehmer sollten nat\u00fcrlich viel Platz und M\u00f6glichkeiten \nhaben, um an ihren Fragen und Themen zu arbeiten\u200a\u2014\u200aalleine, oder im \nAustausch mit anderen. Und: es sollten sich auch irgendwie nach Urlaub \nanf\u00fchlen, denn Arbeit die Spass macht, ist bekannermassen oft am \nproduktivsten.<\/p>\n\n\n\n<figure class=\"wp-block-image\"><img decoding=\"async\" src=\"https:\/\/cdn-images-1.medium.com\/max\/1600\/1*prmUMSQl9RQ-DFoKRhpiKg.jpeg\" alt=\"\"\/><\/figure>\n\n\n\n<h4 class=\"wp-block-heading\" id=\"1097\">\u2026. oder besser noch: einfach mal\u00a0machen!<\/h4>\n\n\n\n<p>Das\n gute Essen, die Sonne, das Urlaubsgef\u00fchl und die damit verbundenen \n(Kindheits-) Erinnerungen haben uns dann im weiteren Gedankenreisen \nziehmlich schnell nach Italien gef\u00fchrt, und wie so oft kam dann eines \nzum anderen: Gina kennt da jemanden, die jemanden kennt und eher wir uns\n versahen, hatten wir eine wundersch\u00f6ne Villa in der Toscana gebucht, \nmit den <a href=\"http:\/\/www.veganders.com\/\" rel=\"noreferrer noopener\" target=\"_blank\">veganders<\/a> ein tolles Koch-Team am Start und das erste redesign YOU retreat war geboren.<\/p>\n\n\n\n<figure class=\"wp-block-embed-youtube wp-block-embed is-type-video is-provider-youtube\">\n<iframe loading=\"lazy\" title=\"redesign YOU retreat 2018\" width=\"500\" height=\"281\" src=\"https:\/\/www.youtube.com\/embed\/2KNRcY6YLxo?feature=oembed\" frameborder=\"0\" allow=\"accelerometer; autoplay; clipboard-write; encrypted-media; gyroscope; picture-in-picture; web-share\" referrerpolicy=\"strict-origin-when-cross-origin\" allowfullscreen><\/iframe>\n<\/figure>\n\n\n\n<h4 class=\"wp-block-heading\" id=\"cdea\">Dolce Vita mit Nebenwirkungen<\/h4>\n\n\n\n<p>So\n kam es, dass wir Ende April neun neugierige und mutige Teilnehmerinnen \nund Teilnehmer aus allen Teilen Deuschlands, der Schweiz und aus \n\u00d6sterreich in unserem toskanischen Landhaus mit Blick auf Montepulciano \nbegr\u00fcssen konnte. Um zusammen an f\u00fcnf Tagen an den unterschiedlichsten \nFragestellungen und Gedanken rund um ein gl\u00fccklicheres und erf\u00fcllteres \nLeben zu arbeiten\u200a\u2014\u200avon einer pers\u00f6nlichen Neuorientierung nach einer \nlangen Beziehung, \u00fcber den schon (zu?) oft durchdachten Wunsch ins \nAusland auszuwandern, der ganz profanen Frage nach mehr \u201cSpass im Leben\u201d\n bis hin zu Herausforderungen bei Gesch\u00e4ftsgr\u00fcndungen in ganz \nunterschiedlichen Branchen und Themenfeldern.<\/p>\n\n\n\n<p>Sehr\n spielerisch kreativ mit Stift, Kleber, viel Farbe und Pappkarton. Mit \nviel Energie und Spass beim Tanzen oder Pantomine-Warmup. Sehr ruhig und\n entschleunigt bei der morgendlichen Mediation, beim Yoga, ausgedehnten \nSpazierg\u00e4ngen oder unz\u00e4hligen kleineren und gr\u00f6sseren Gespr\u00e4chsrunden.<\/p>\n\n\n\n<figure class=\"wp-block-image\"><img decoding=\"async\" src=\"https:\/\/cdn-images-1.medium.com\/max\/1600\/1*gjHTOu1oazbEomErTT0MiA.jpeg\" alt=\"\"\/><\/figure>\n\n\n\n<p>Von <em>\u201cWarum bin ich hier?\u201d<\/em> \u00fcber \u201cWer bin ich, und wenn ja wie viele?\u201d und <em>\u201cWie verr\u00fcckt kann ich sein?\u201d<\/em> bis hin zum <em>\u201cWas sagen die anderen dazu?\u201d <\/em>haben\n wir uns auf die Spur gemacht, haben zusammen gelernt, gelacht, geweint \nund nachgedacht. \u00dcrspr\u00fcngliche Fragestellungen verworfen, sich selbst \nneu erlebt, experimentiert, Visionen visualisiert und konkrete Schritte \n(mit sich selbst und anderen) vereinbart.<\/p>\n\n\n\n<p>Und dabei mindestens genauso und mehrmals t\u00e4glich das wunderbare italienische Soul-Food genossen.<\/p>\n\n\n\n<ul class=\"wp-block-gallery columns-3 is-cropped wp-block-gallery-1 is-layout-flex wp-block-gallery-is-layout-flex\"><li class=\"blocks-gallery-item\"><figure><img decoding=\"async\" src=\"https:\/\/www.jochenguertler.de\/wp-content\/uploads\/2018\/08\/IMG_5269.jpg\" alt=\"\" data-id=\"2461\" data-link=\"https:\/\/www.jochenguertler.de\/?attachment_id=2461\"\/><\/figure><\/li><li class=\"blocks-gallery-item\"><figure><img decoding=\"async\" src=\"https:\/\/www.jochenguertler.de\/wp-content\/uploads\/2018\/08\/IMG_5323.jpg\" alt=\"\" data-id=\"2464\" data-link=\"https:\/\/www.jochenguertler.de\/?attachment_id=2464\"\/><\/figure><\/li><li class=\"blocks-gallery-item\"><figure><img decoding=\"async\" src=\"https:\/\/www.jochenguertler.de\/wp-content\/uploads\/2018\/08\/IMG_5326.jpg\" alt=\"\" data-id=\"2465\" data-link=\"https:\/\/www.jochenguertler.de\/?attachment_id=2465\"\/><\/figure><\/li><li class=\"blocks-gallery-item\"><figure><img decoding=\"async\" src=\"https:\/\/www.jochenguertler.de\/wp-content\/uploads\/2018\/08\/IMG_5346.jpg\" alt=\"\" data-id=\"2466\" data-link=\"https:\/\/www.jochenguertler.de\/?attachment_id=2466\"\/><\/figure><\/li><li class=\"blocks-gallery-item\"><figure><img decoding=\"async\" src=\"https:\/\/www.jochenguertler.de\/wp-content\/uploads\/2018\/08\/IMG_5359.jpg\" alt=\"\" data-id=\"2463\" data-link=\"https:\/\/www.jochenguertler.de\/?attachment_id=2463\"\/><\/figure><\/li><li class=\"blocks-gallery-item\"><figure><img decoding=\"async\" src=\"https:\/\/www.jochenguertler.de\/wp-content\/uploads\/2018\/08\/IMG_5363.jpg\" alt=\"\" data-id=\"2462\" data-link=\"https:\/\/www.jochenguertler.de\/?attachment_id=2462\"\/><\/figure><\/li><\/ul>\n\n\n\n<p>Unser\n erstes redesign YOU retreat war eine wirklich sch\u00f6ne, lehrreiche und \ninspirierende Erfahrung f\u00fcr uns, und Gina und ich freuen uns heute schon\n auf eine <a href=\"https:\/\/redesignyouretreat.eventbrite.de\" rel=\"noreferrer noopener\" target=\"_blank\">Fortsetzung in 2019<\/a>.<\/p>\n","protected":false},"excerpt":{"rendered":"<p>\u00dcber f\u00fcnf Tage Dolce Vita mit nur positiven Nebenwirkungen Einfach mal rumspinnen\u00a0\u2026 \u201cWie w\u00fcrde der ideale redesign YOU Workshop aussehen, den wir gemeinsam gestalten wollen, wenn wir uns das ganz frei aussuchen d\u00fcrften?\u201d Diese Frage haben Gina und ich uns irgendwann einmal im letzten Jahr gestellt und schnell waren ein paar f\u00fcr uns wesentliche Randbedingungen [&hellip;]<\/p>\n","protected":false},"author":1,"featured_media":2468,"comment_status":"closed","ping_status":"closed","sticky":false,"template":"","format":"standard","meta":{"footnotes":""},"categories":[5],"tags":[27,24,109,87,23],"class_list":["post-2460","post","type-post","status-publish","format-standard","has-post-thumbnail","hentry","category-blog","tag-design-thinking","tag-personlichkeitsentwicklung","tag-redesign-you","tag-training","tag-workshop"],"_links":{"self":[{"href":"https:\/\/www.jochenguertler.de\/index.php?rest_route=\/wp\/v2\/posts\/2460","targetHints":{"allow":["GET"]}}],"collection":[{"href":"https:\/\/www.jochenguertler.de\/index.php?rest_route=\/wp\/v2\/posts"}],"about":[{"href":"https:\/\/www.jochenguertler.de\/index.php?rest_route=\/wp\/v2\/types\/post"}],"author":[{"embeddable":true,"href":"https:\/\/www.jochenguertler.de\/index.php?rest_route=\/wp\/v2\/users\/1"}],"replies":[{"embeddable":true,"href":"https:\/\/www.jochenguertler.de\/index.php?rest_route=%2Fwp%2Fv2%2Fcomments&post=2460"}],"version-history":[{"count":0,"href":"https:\/\/www.jochenguertler.de\/index.php?rest_route=\/wp\/v2\/posts\/2460\/revisions"}],"wp:featuredmedia":[{"embeddable":true,"href":"https:\/\/www.jochenguertler.de\/index.php?rest_route=\/wp\/v2\/media\/2468"}],"wp:attachment":[{"href":"https:\/\/www.jochenguertler.de\/index.php?rest_route=%2Fwp%2Fv2%2Fmedia&parent=2460"}],"wp:term":[{"taxonomy":"category","embeddable":true,"href":"https:\/\/www.jochenguertler.de\/index.php?rest_route=%2Fwp%2Fv2%2Fcategories&post=2460"},{"taxonomy":"post_tag","embeddable":true,"href":"https:\/\/www.jochenguertler.de\/index.php?rest_route=%2Fwp%2Fv2%2Ftags&post=2460"}],"curies":[{"name":"wp","href":"https:\/\/api.w.org\/{rel}","templated":true}]}}