{"id":2549,"date":"2018-08-09T09:50:47","date_gmt":"2018-08-09T08:50:47","guid":{"rendered":"http:\/\/www.jochenguertler.de\/?p=2549"},"modified":"2018-08-09T09:51:54","modified_gmt":"2018-08-09T08:51:54","slug":"von-software-fuer-deutsche-segler-hin-zu-persoenlichkeitsentwicklung-mit-hilfe-eines-boxers","status":"publish","type":"post","link":"https:\/\/www.jochenguertler.de\/?p=2549","title":{"rendered":"Von Software f\u00fcr deutsche Segler hin zu Pers\u00f6nlichkeitsentwicklung mit Hilfe eines Boxers"},"content":{"rendered":"\n<h4 class=\"wp-block-heading\"><strong>Geschichten, Gedanken und Gelerntes aus \u20181001\u2019 Design-Thinking-Formaten<\/strong><\/h4>\n\n\n\n<p>Im Rahmen der ersten D<a href=\"http:\/\/designthinkingmasters.com\/\" rel=\"noreferrer noopener\" target=\"_blank\">esign Thinking Masters <\/a>Veranstaltung, die in den tollen Kreativr\u00e4umen des <a href=\"http:\/\/www.wizemann-areal.de\/\" rel=\"noreferrer noopener\" target=\"_blank\">Wizeman-Areals<\/a>\n in Stuttgart stattgefunden hat, habe ich einmal tief in meiner \nDesign-Thinking-Erinnerungskiste gekramt und zusammengetragen, was ich \nin den letzten gut 10 Jahren im Rahmen von unz\u00e4hligen \nDesign-Thinking-Formaten lernen durfe. \u00dcber das Moderieren und Coachen \nvon Design Thinkingm aber auch oft und viel \u00fcber mich selbst.<\/p>\n\n\n\n<ul class=\"wp-block-gallery columns-3 is-cropped wp-block-gallery-1 is-layout-flex wp-block-gallery-is-layout-flex\"><li class=\"blocks-gallery-item\"><figure><img decoding=\"async\" src=\"https:\/\/www.jochenguertler.de\/wp-content\/uploads\/2018\/08\/DSC_7004.jpg\" alt=\"\" data-id=\"2552\" data-link=\"https:\/\/www.jochenguertler.de\/?attachment_id=2552\"\/><\/figure><\/li><li class=\"blocks-gallery-item\"><figure><img decoding=\"async\" src=\"https:\/\/www.jochenguertler.de\/wp-content\/uploads\/2018\/08\/DSC02436.jpg\" alt=\"\" data-id=\"2550\" data-link=\"https:\/\/www.jochenguertler.de\/?attachment_id=2550\"\/><\/figure><\/li><li class=\"blocks-gallery-item\"><figure><img decoding=\"async\" src=\"https:\/\/www.jochenguertler.de\/wp-content\/uploads\/2018\/08\/DSC01384.jpg\" alt=\"\" data-id=\"2553\" data-link=\"https:\/\/www.jochenguertler.de\/?attachment_id=2553\"\/><\/figure><\/li><\/ul>\n\n\n\n<h4 class=\"wp-block-heading\" id=\"4857\">Einfach anfangen und dann ganz viel\u00a0\u00fcben.<\/h4>\n\n\n\n<p>Ich\n erinnere mich noch sehr gut und gerne an mein allererstes \nDesign-Thinking-Projekt, bei dem wir im Rahmen eines SAP Sponsoring mit \nder deutschen Segelnationalmannschaft an einer Wissensdatenbank f\u00fcr \nSegler und Coaches gearbeitet haben. Der Besuch der Kieler Woche mit \nunz\u00e4hligen Gespr\u00e4chen mit unseren zuk\u00fcnftigen Nutzern, das Eintauchen in\n eine f\u00fcr mich bis dahin v\u00f6llig unbekanntwe (Segel-Welt) und das \u201cMoin \nMoin\u201d, das ich damals aufgeschnappt habe, und das mir heute noch \nregelm\u00e4ssig zur Begr\u00fcssung \u201cherausrutscht\u201d\u00a0, sind dabei bleibende \nErinnerungen.<\/p>\n\n\n\n<p>Vor\n allem der unmittelbare und intensive Kontakt zu den potentiellen \nNutzern und das Eintauchen in ein komplett neues Themenfeld waren und \nsind f\u00fcr mich nach wie vor mit die interessantesten Aspekte meiner \nArbeit als Design Thinker. Gerade weil ich bis dahin sehr technisch als \nEntwickler und Software-Architekt gearbeitet hatte, und \u201cder Nutzer\u201d ein\n ehrlicherweise eher unbekanntes Wesen war.<\/p>\n\n\n\n<p>R\u00fcckblickend\n war ich damals \u201czur richtigen Zeit am richtigen Ort\u201d, denn auf Grund \nder unz\u00e4hligen Design-Thinking-Aktivit\u00e4ten, die damals innerhalb der SAP\n gestartet wurden, hatte ich das das Gl\u00fcck \u201cDesign Thinking\u201d in den \nunterschiedlichsten Themenfeldern und Bereichen ausprobieren zu k\u00f6nnen. \nVon Workshops mit Vorstandsmitgliedern oder Aufsichtsr\u00e4ten bis hin zu \nSoftware-Projekten f\u00fcr \u201csocial entrepreneurs\u201d oder Eishockey-Fans. Ich \nhab zu allen Anfragen \u201cJA\u201d gesagt und dabei ganz viel gelernt.<\/p>\n\n\n\n<p>Das Projekt mit der Deutschen Eishockey Liga (DEL) ist mir dabei noch sehr gut in Erinnerung geblieben. Denn durch die Einbindung von \u201cechten\u201d Eishockey-Fans, die wir damals ganz pragmatisch \u00fcber einen Facebook-Aufruf gefunden haben, sind wir \u201cUschi\u201d begegnet. Uschi war unsere Persona und war am Eishockey vor allem als M\u00f6glichkeit zusammen mit Freunden zu feiern interessiert, und weniger am Sport an sich. Das war selbst f\u00fcr den beteiligten hochoffizellen Fanbeauftragten der DEL neu und f\u00fcr mich seitdem Motivation in jedem Projekt und Workshop auf die Einbeziehung von \u201cechten\u201d Nutzern zu beharren.<\/p>\n\n\n\n<ul class=\"wp-block-gallery columns-3 is-cropped wp-block-gallery-2 is-layout-flex wp-block-gallery-is-layout-flex\"><li class=\"blocks-gallery-item\"><figure><img decoding=\"async\" src=\"https:\/\/www.jochenguertler.de\/wp-content\/uploads\/2018\/08\/IMG_2734.jpg\" alt=\"\" data-id=\"2555\" data-link=\"https:\/\/www.jochenguertler.de\/?attachment_id=2555\"\/><\/figure><\/li><li class=\"blocks-gallery-item\"><figure><img decoding=\"async\" src=\"https:\/\/www.jochenguertler.de\/wp-content\/uploads\/2018\/08\/IMG_2750.jpg\" alt=\"\" data-id=\"2556\" data-link=\"https:\/\/www.jochenguertler.de\/?attachment_id=2556\"\/><\/figure><\/li><li class=\"blocks-gallery-item\"><figure><img decoding=\"async\" src=\"https:\/\/www.jochenguertler.de\/wp-content\/uploads\/2018\/08\/IMG_7949.jpg\" alt=\"\" data-id=\"2554\" data-link=\"https:\/\/www.jochenguertler.de\/?attachment_id=2554\"\/><\/figure><\/li><\/ul>\n\n\n\n<h4 class=\"wp-block-heading\" id=\"7b95\">Es geht weniger um Inhalte, sondern viel mehr um die Menschen.<\/h4>\n\n\n\n<p>Nicht\n zuletzt auf Grund meines doch sehr technischen Hintergrundes als \nEntwickler und Software-Architekt waren meine ersten \nDesign-Thinking-Projekte meist auch sehr \u201ctechnisch\u201d und es ging das \neine ums andere Mal um die Gestaltung innovativer Software-L\u00f6sungen. Oft\n auch in Kombination mit Methoden und Ans\u00e4tzen aus dem Lean Management \noder der agilen Softwareentwicklung.<\/p>\n\n\n\n<p>So\n spannend und lehrreich diese Projekte auch waren, habe ich relativ \nschnell erkannt, das meine wahre Leidenschaft im Design Thinking \ngarnicht die erstellten Produkte oder Dienstleistungen sind, sondern die\n Menschen, die ich als Design Thinking Coach dabei begleiten kann.<\/p>\n\n\n\n<p>Passend dazu habe ich durch meiner Ausbildung zum <a href=\"https:\/\/de.wikipedia.org\/wiki\/Gestalttherapie\" rel=\"noreferrer noopener\" target=\"_blank\">Gestalttherapeuten<\/a> sehr viel Handwerkszeug gelernt, das mich bis heute in meiner Arbeit als Design-Thinking-Coach unterst\u00fctzt. Beispielsweise das Wissen dar\u00fcber, dass Ver\u00e4nderung immer Beziehung und Kontakt braucht, und ich nicht zuletzt daher immer grossen Wert auf pers\u00f6nliches Kennenlernen und echtes Teambuildung lege. Oder meine grunds\u00e4tzlich sehr offen, neugierigen und unvoreingenommene Haltung <em>aller<\/em> Teilnehmer gegeben\u00fcber, mit denen ich von Anfang an signalisiere, dass Design Thinking auch den Rahmen bieten kann, sich selbst neugierig und unvoreingenommen zu begegnen und sich einfach mal \u201canders\u201d zu verhalten\u200a\u2014\u200aund sich dabei vielleicht selbst am meisten \u00fcberrascht, wenn man am Ende eines Workshops pl\u00f6tzlich mit blonder Per\u00fccke auf der Innovations-B\u00fchne steht.<\/p>\n\n\n\n<ul class=\"wp-block-gallery columns-3 is-cropped wp-block-gallery-3 is-layout-flex wp-block-gallery-is-layout-flex\"><li class=\"blocks-gallery-item\"><figure><img decoding=\"async\" src=\"https:\/\/www.jochenguertler.de\/wp-content\/uploads\/2018\/08\/Best_of_IW_2017-029.jpg\" alt=\"\" data-id=\"2558\" data-link=\"https:\/\/www.jochenguertler.de\/?attachment_id=2558\"\/><\/figure><\/li><li class=\"blocks-gallery-item\"><figure><img decoding=\"async\" src=\"https:\/\/www.jochenguertler.de\/wp-content\/uploads\/2018\/08\/DSC_0373.jpg\" alt=\"\" data-id=\"2559\" data-link=\"https:\/\/www.jochenguertler.de\/?attachment_id=2559\"\/><\/figure><\/li><li class=\"blocks-gallery-item\"><figure><img decoding=\"async\" src=\"https:\/\/www.jochenguertler.de\/wp-content\/uploads\/2018\/08\/DSC01069.jpg\" alt=\"\" data-id=\"2557\" data-link=\"https:\/\/www.jochenguertler.de\/?attachment_id=2557\"\/><\/figure><\/li><\/ul>\n\n\n\n<h4 class=\"wp-block-heading\" id=\"57f1\">Jetzt aber raus aus der Komfortzone.<\/h4>\n\n\n\n<p>Worauf\n ich r\u00fcckblicked wirklich stolz bin, ist die Tatsache, dass ich mich von\n Anfang an nicht damit begn\u00fcgt habe, Design Thinking nur im durchaus \nvielf\u00e4ltigen aber andererseits auch sehr \u201csicheren\u201d und auch ein wenig \nabgeschotteten SAP-Universum auszuprobieren. Stattdessen habe ich viele \nM\u00f6glichkeiten genutzt, \u201craus aus meiner Komfortzone\u201d zu gehen, und dabei\n umso mehr \u00fcber Design Thinking und vor allem \u00fcber mich selbst gelernt.<\/p>\n\n\n\n<p>Sei es durch meine Arbeit als Coach an der <a href=\"https:\/\/hpi.de\/school-of-design-thinking.html\" rel=\"noreferrer noopener\" target=\"_blank\">School of Design Thinking am Hasso-Platter-Institut in Potsdam,<\/a>\n die mir einerseits die M\u00f6glichkeit gab, tief in die f\u00fcr mich sehr \ninspirierende Innovations- und Startup-Kultur in Berlin einzutauchen. \nMich andererseits aber auch bis nach S\u00fcdafrika gef\u00fchrt hat, wo ich im \nRahmen eines Studentenprojektes sehr spannende Wochen verbracht habe.<\/p>\n\n\n\n<p>Oder das <a href=\"https:\/\/www.amazon.de\/Minuten-Design-Thinking-Jochen-G%C3%BCrtler\/dp\/3869364866\" rel=\"noreferrer noopener\" target=\"_blank\">\u201c30 Minuten Design Thinking\u201d <\/a>Buch, das ich zusammen mit <a href=\"http:\/\/www.meyerjohannes.com\/\" rel=\"noreferrer noopener\" target=\"_blank\">Johannes Meyer<\/a> geschrieben haben, und das mir damals sehr geholfen hat, Design Thinking auch in meinen \u201ceigenen Worten\u201d beschreiben zu k\u00f6nnen.<\/p>\n\n\n\n<p>Und last but not least nat\u00fcrlich die sehr herausforderndenen Workshops, die ich im Rahmen der <a href=\"https:\/\/impactweek.net\/\" rel=\"noreferrer noopener\" target=\"_blank\">Impact Weeks<\/a> in Kenia und <a href=\"https:\/\/medium.com\/sap-design\/impactweek2017-acrosscompanylearningexperiencewithimpact-ad4d2dbc6bf\" target=\"_blank\" rel=\"noreferrer noopener\">Ruanda<\/a> mit-organisiert und durchgef\u00fchrt habe, und die mich wie wohl nie zuvor raus aus meiner \u201ccorporate comfort zone\u201d gef\u00fchrt haben.<\/p>\n\n\n\n<ul class=\"wp-block-gallery columns-3 is-cropped wp-block-gallery-4 is-layout-flex wp-block-gallery-is-layout-flex\"><li class=\"blocks-gallery-item\"><figure><img decoding=\"async\" src=\"https:\/\/www.jochenguertler.de\/wp-content\/uploads\/2018\/08\/DSC02230.jpg\" alt=\"\" data-id=\"2561\" data-link=\"https:\/\/www.jochenguertler.de\/?attachment_id=2561\"\/><\/figure><\/li><li class=\"blocks-gallery-item\"><figure><img decoding=\"async\" src=\"https:\/\/www.jochenguertler.de\/wp-content\/uploads\/2018\/08\/DSC08463.jpg\" alt=\"\" data-id=\"2562\" data-link=\"https:\/\/www.jochenguertler.de\/?attachment_id=2562\"\/><\/figure><\/li><li class=\"blocks-gallery-item\"><figure><img decoding=\"async\" src=\"https:\/\/www.jochenguertler.de\/wp-content\/uploads\/2018\/08\/IMG_1454.jpg\" alt=\"\" data-id=\"2560\" data-link=\"https:\/\/www.jochenguertler.de\/?attachment_id=2560\"\/><\/figure><\/li><\/ul>\n\n\n\n<h4 class=\"wp-block-heading\" id=\"9028\">Lehren und\u00a0lernen.<\/h4>\n\n\n\n<p>Den\n eindeutig besten Nachtisch aller meiner Desig-Thinking-Workshops gab es\n am Genfer See, an dem ich das Vergn\u00fcgen hatte, f\u00fcr einen dort \nans\u00e4ssigen Lebensmittelhersteller Design Thinking Coaches auszubilden \nund mitzuhelfen, die dortige IT-Abteilung weg vom reinen Kostenfaktor \nhin zum sehr gefragten Innovationspartner zu machen.<\/p>\n\n\n\n<p>Spannend waren und sind auch die Aktivi\u00e4ten, die ich innerhalb der <a href=\"https:\/\/www.designatbusiness.com\/\" rel=\"noreferrer noopener\" target=\"_blank\">Design at Business<\/a> Community mit angestossen habe, und in der Design-Thinking-Coaches und -Experten aus den unterschiedlichsten Unternehmen <em>gemeinam und auf Augenh\u00f6he<\/em> diskutieren, \u00fcben und lernen.<\/p>\n\n\n\n<p>Ich bin zwar nach wie vor ein Design-Thinking-Coach ohne Zertifikat, kann damit aber gut leben. Ich freue mich aber sehr, dass sich\u200a\u2014\u200aauch durch das Entstehen von diversen Zertifizierungsprogrammen zum Design Thinking Coach\u200a\u2014\u200adie Qualit\u00e4t, die Tiefe und die L\u00e4nge von typischen Ausbildungsprogrammen in den letzten 2 Jahren doch wesentlich verbessert hat und es heute immer klarer wird, dass \u201cechtes\u201d und nachhaltiges Coachen von Design-Thinking-Formaten mehr Pers\u00f6nlichkeit als Methodenexpertise braucht, und das dies auch entsprechende Ausbildungsformate ben\u00f6tigt.<\/p>\n\n\n\n<ul class=\"wp-block-gallery columns-3 is-cropped wp-block-gallery-5 is-layout-flex wp-block-gallery-is-layout-flex\"><li class=\"blocks-gallery-item\"><figure><img decoding=\"async\" src=\"https:\/\/www.jochenguertler.de\/wp-content\/uploads\/2018\/08\/IMG_3334.jpg\" alt=\"\" data-id=\"2563\" data-link=\"https:\/\/www.jochenguertler.de\/?attachment_id=2563\"\/><\/figure><\/li><li class=\"blocks-gallery-item\"><figure><img decoding=\"async\" src=\"https:\/\/www.jochenguertler.de\/wp-content\/uploads\/2018\/08\/IMG_3990.jpg\" alt=\"\" data-id=\"2564\" data-link=\"https:\/\/www.jochenguertler.de\/?attachment_id=2564\"\/><\/figure><\/li><li class=\"blocks-gallery-item\"><figure><img decoding=\"async\" src=\"https:\/\/www.jochenguertler.de\/wp-content\/uploads\/2018\/08\/gina.png\" alt=\"\" data-id=\"2565\" data-link=\"https:\/\/www.jochenguertler.de\/?attachment_id=2565\"\/><\/figure><\/li><\/ul>\n\n\n\n<h4 class=\"wp-block-heading\" id=\"641c\">Design Thinking f\u00fcrs Leben, Arbeiten und\u00a0Managen<\/h4>\n\n\n\n<p>In\n den letzten zwei Jahren habe ich ich mich Schritt um Schritt immer \nweiter von den klassischen Design-Thinking-Formaten entfernt, in denen \nes um die Neugestaltung von Produkten oder Dienstleistungen geht.<\/p>\n\n\n\n<p>Vielmehr experimentiere ich zum Beispiel zusammen mit Deutschlands Gl\u00fccksministerin <a href=\"https:\/\/ministeriumfuerglueck.de\/\" rel=\"noreferrer noopener\" target=\"_blank\">Gina Sch\u00f6ler<\/a> mit r<a href=\"https:\/\/www.redesign-you.de\/\" rel=\"noreferrer noopener\" target=\"_blank\">edesign YOU<\/a> an kreativen Workshop-Formaten, in denen wir Design Thinking und Pers\u00f6nlichkeitsentwicklung zusammen bringen, und das uns dieses Jahr mit unserem ersten <a href=\"https:\/\/medium.com\/@jochenguertler\/redesignyouretreat2018-ef93864a570e\" target=\"_blank\" rel=\"noreferrer noopener\">redesign YOU retreat<\/a> bis in die wundersch\u00f6ne Toskana gef\u00fchrt hat.Oder ich arbeite mit Management-Teams innerhalb der SAP mit Hilfe von Design-Thinking-Methoden an deren zuk\u00fcnftigem Verst\u00e4ndnis von F\u00fchrung und Management. Oder ich \u00fcberlege zusammen mit Kollegen, wie wir Teilnehmer von Design-Thinking-Formaten bei deren ganz pers\u00f6nlichen Herausforderungen, die sich dabei zeigen, (noch) besser unterst\u00fctzen k\u00f6nnen.<\/p>\n\n\n\n<ul class=\"wp-block-gallery columns-3 is-cropped wp-block-gallery-6 is-layout-flex wp-block-gallery-is-layout-flex\"><li class=\"blocks-gallery-item\"><figure><img decoding=\"async\" src=\"https:\/\/www.jochenguertler.de\/wp-content\/uploads\/2018\/08\/IMG_5823.jpg\" alt=\"\" data-id=\"2568\" data-link=\"https:\/\/www.jochenguertler.de\/?attachment_id=2568\"\/><\/figure><\/li><li class=\"blocks-gallery-item\"><figure><img decoding=\"async\" src=\"https:\/\/www.jochenguertler.de\/wp-content\/uploads\/2018\/08\/IMG_5826.jpg\" alt=\"\" data-id=\"2567\" data-link=\"https:\/\/www.jochenguertler.de\/?attachment_id=2567\"\/><\/figure><\/li><li class=\"blocks-gallery-item\"><figure><img decoding=\"async\" src=\"https:\/\/www.jochenguertler.de\/wp-content\/uploads\/2018\/08\/IMG_6321.jpg\" alt=\"\" data-id=\"2569\" data-link=\"https:\/\/www.jochenguertler.de\/?attachment_id=2569\"\/><\/figure><\/li><\/ul>\n\n\n\n<h3 class=\"wp-block-heading\" id=\"a510\">Design Thinking Coaching\u00a02.0<\/h3>\n\n\n\n<p>Zu\n guter Letzt m\u00f6chte ich einen kleinen Blick in die Zukunft wagen: wie \nsieht (zumindest) mein \u201cDesign Thinking Coaching 2.0&#8243; aus, worauf m\u00f6chte\n ich bei meiner Arbeit als Design Thinking Coach in n\u00e4chster Zeit noch \nmehr achten?<\/p>\n\n\n\n<h4 class=\"wp-block-heading\" id=\"c746\">Weniger Prozess, mehr\u00a0Mensch<\/h4>\n\n\n\n<p>Die\n unz\u00e4higen aber letztendlich doch mehr oder weniger gleichen \nBeschreibungen des \u201cDesign -Thinking-Prozesses\u201d sind denke ich vor allem\n zu Beginn ein notwendiges und hilfreiches Konstrukt. Ich m\u00f6chte aber in\n Zukunft noch viel mehr die darunterliegende gew\u00fcnschte (kreative) \nHaltung derjenigen Menschen, die diesen Prozess durchlaufen, in den \nMittelpunkt stellen, erkl\u00e4ren und vor allem erlebbar machen.<\/p>\n\n\n\n<h4 class=\"wp-block-heading\" id=\"b7af\">Weniger Workshop, mehr\u00a0Erlebnis<\/h4>\n\n\n\n<p>Ich\n bin mehr und mehr der \u00dcberzeugung, dass die klassischen \nDesign-Thinking-Workshops, die meist nie l\u00e4nger sind als drei Tage, \nweniger f\u00fcr die Inhalte gemacht werden sollten, sondern vor allem f\u00fcr \ndie Teilnehmer. Sprich: Fokus sollte nicht die Erarbeitung von den \nversprochenen wirklich innovativen Produktideen sein\u200a\u2014\u200adas gelingt, wenn\n wir ehrlich sind, sowieso nur in Ausnahmen, und wenn doch, dann \nscheitert es danach meist in der darauffolgenden Umsetzung\u200a\u2014\u200asondern \nvielmehr das Erlebnis, dass wir den Teilnehmern bieten und das wirklich \nbegeistert, herausfordert und dazu motiviert, Design Thinking als Teil \nder eigenen Arbeitskultur auch nach dem Workshop zu leben.<\/p>\n\n\n\n<h4 class=\"wp-block-heading\" id=\"48cc\">Weniger Kopf, mehr\u00a0Bauch<\/h4>\n\n\n\n<p>Gerade\n weil im Design Thinking aus meiner Sicht noch zu oft auf bestimmte \nMethoden und vordefinierte Prozessschritte vertraut wird, fallen \nBaugef\u00fchl und Intuiton der Teilnehmer und alles \u201cwas so zwischen den \nPost-It\u00b4s steht\u201d leider allzu oft \u201chinten runter\u201d und stattdessen wird \nintellektualisert und \u201cdr\u00fcber nachgedacht\u201d. Warum nicht Beispiele wie \ndas <a href=\"https:\/\/en.wikipedia.org\/wiki\/Theory_U\" rel=\"noreferrer noopener\" target=\"_blank\">Presencing in der Theory U<\/a>\n aufnehmen, in dem den Teilnehmern ein Rahmen gegeben wird, auch einmal \nin der Stille zu verharren, in sich zu h\u00f6ren und dem zu lauschen, was \nsich dann an Erkenntissen und Ideen zeigt?<\/p>\n\n\n\n<h4 class=\"wp-block-heading\" id=\"6e31\">Weniger Ich, mehr\u00a0Du<\/h4>\n\n\n\n<p>Ver\u00e4nderung\n brauch wie oben schon kurz ausgef\u00fchrt Beziehung, Begegnung und Kontakt.\n Daher glaube ich fest daran, dass das eigentliche Potential von Design \nThinking in den beteiligten Menschen liegt. Alles, was ich als Design \nThinking Coach daf\u00fcr tun kann, dass diese sich noch mehr \u00f6ffnen, noch \nmehr auf Arbeit in und mit einem Team einlassen und noch mehr alte \nMuster loslassen um sich dabei vielleicht sogar ein wenig selbst neu \nerfinden, ist wichtig und gut.<\/p>\n\n\n\n<h4 class=\"wp-block-heading\" id=\"8886\">Weniger Plan, mehr Begleitung<\/h4>\n\n\n\n<p>Gerade durchlaufe ich das <a href=\"https:\/\/kommunikationslotsen.de\/facilitator-curriculum\/\" rel=\"noreferrer noopener\" target=\"_blank\">Facilitation Curriculum<\/a>\n der Kommunikationslotsen und finde es sehr interessant zu sehen, wie \nderen Haltung als Facilitator und Moderator sich doch mitunter sehr vom \nstreng durchgetakteten Design-Thinking-Moderator unterscheidet. Da lerne\n ich sehr gerne mehr dar\u00fcber und werde schauen, wie ich auch im\u200a\u2014\u200aaus \nguten Gr\u00fcnden oftmals sehr durchgeplanten Design-Thinking-Format\u200a\u2014\u200amehr \nFreiheiten f\u00fcr das Wissen \u201cdas im System steckt\u201d einbauen kann.<\/p>\n","protected":false},"excerpt":{"rendered":"<p>Geschichten, Gedanken und Gelerntes aus \u20181001\u2019 Design-Thinking-Formaten Im Rahmen der ersten Design Thinking Masters Veranstaltung, die in den tollen Kreativr\u00e4umen des Wizeman-Areals in Stuttgart stattgefunden hat, habe ich einmal tief in meiner Design-Thinking-Erinnerungskiste gekramt und zusammengetragen, was ich in den letzten gut 10 Jahren im Rahmen von unz\u00e4hligen Design-Thinking-Formaten lernen durfe. \u00dcber das Moderieren und [&hellip;]<\/p>\n","protected":false},"author":1,"featured_media":2555,"comment_status":"closed","ping_status":"closed","sticky":false,"template":"","format":"standard","meta":{"footnotes":""},"categories":[5],"tags":[129,27,132,124,109],"class_list":["post-2549","post","type-post","status-publish","format-standard","has-post-thumbnail","hentry","category-blog","tag-best-practice","tag-design-thinking","tag-design-thinking-coaching","tag-design-your-life","tag-redesign-you"],"_links":{"self":[{"href":"https:\/\/www.jochenguertler.de\/index.php?rest_route=\/wp\/v2\/posts\/2549","targetHints":{"allow":["GET"]}}],"collection":[{"href":"https:\/\/www.jochenguertler.de\/index.php?rest_route=\/wp\/v2\/posts"}],"about":[{"href":"https:\/\/www.jochenguertler.de\/index.php?rest_route=\/wp\/v2\/types\/post"}],"author":[{"embeddable":true,"href":"https:\/\/www.jochenguertler.de\/index.php?rest_route=\/wp\/v2\/users\/1"}],"replies":[{"embeddable":true,"href":"https:\/\/www.jochenguertler.de\/index.php?rest_route=%2Fwp%2Fv2%2Fcomments&post=2549"}],"version-history":[{"count":0,"href":"https:\/\/www.jochenguertler.de\/index.php?rest_route=\/wp\/v2\/posts\/2549\/revisions"}],"wp:featuredmedia":[{"embeddable":true,"href":"https:\/\/www.jochenguertler.de\/index.php?rest_route=\/wp\/v2\/media\/2555"}],"wp:attachment":[{"href":"https:\/\/www.jochenguertler.de\/index.php?rest_route=%2Fwp%2Fv2%2Fmedia&parent=2549"}],"wp:term":[{"taxonomy":"category","embeddable":true,"href":"https:\/\/www.jochenguertler.de\/index.php?rest_route=%2Fwp%2Fv2%2Fcategories&post=2549"},{"taxonomy":"post_tag","embeddable":true,"href":"https:\/\/www.jochenguertler.de\/index.php?rest_route=%2Fwp%2Fv2%2Ftags&post=2549"}],"curies":[{"name":"wp","href":"https:\/\/api.w.org\/{rel}","templated":true}]}}