{"id":2597,"date":"2018-12-12T12:04:54","date_gmt":"2018-12-12T11:04:54","guid":{"rendered":"http:\/\/www.jochenguertler.de\/?p=2597"},"modified":"2018-12-12T12:06:06","modified_gmt":"2018-12-12T11:06:06","slug":"wenn-das-wohnzimmer-zum-kreativen-arbeitsraum-wird","status":"publish","type":"post","link":"https:\/\/www.jochenguertler.de\/?p=2597","title":{"rendered":"Wenn das Wohnzimmer zum kreativen Arbeitsraum wird"},"content":{"rendered":"\n<h3 class=\"wp-block-heading\">redesign YOU Workshop in Karlsruhe<br><\/h3>\n\n\n\n<p>Viele&nbsp; von uns&nbsp; kennen das wohl: sp\u00e4testens um den Jahreswechsel kommen sie regelm\u00e4ssig wieder. Die Gedanken daran wie es weitergehen soll? Im Privaten? Im Job? Mir mir ganz pers\u00f6nlich?<\/p>\n\n\n\n<p>Und auch wenn die Antworten darauf nicht immer einfach sind, wird es dann nach Silvester oft ganz konkret: Dann werden Fitness-Abos gebucht, Jobs oder Beziehungen gek\u00fcndigt, (gute) Vors\u00e4tze beschlossen, schlechte Gewohnheiten verabschiedet oder einfach nur Urlaubsreisen gebucht. Ohne Garantie auf dauerhaften Erfolg versteht sich.<br><\/p>\n\n\n\n<p>Die Teilnehmenden des <a href=\"https:\/\/www.redesign-you.de\/\">redesign YOU<\/a> Workshops, den ich zusammen mit der Gl\u00fccksministern <a href=\"https:\/\/ministeriumfuerglueck.de\/\">Gina Sch\u00f6ler<\/a>, Anfang Dezember in Karlsruhe durchgef\u00fchrt habe, hatten in der Tat auch ganz konkrete Fragen und Gedanken, an denen wir in den knapp zwei Tagen auf gewohnt kreative, inspirierende und achtsame Weise gearbeitet haben.<\/p>\n\n\n\n<figure class=\"wp-block-image\"><img loading=\"lazy\" decoding=\"async\" width=\"661\" height=\"1024\" src=\"https:\/\/www.jochenguertler.de\/wp-content\/uploads\/2018\/12\/MfG_redesignYOU_Dezember2018_32-661x1024.jpg\" alt=\"\" class=\"wp-image-2607\" srcset=\"https:\/\/www.jochenguertler.de\/wp-content\/uploads\/2018\/12\/MfG_redesignYOU_Dezember2018_32-661x1024.jpg 661w, https:\/\/www.jochenguertler.de\/wp-content\/uploads\/2018\/12\/MfG_redesignYOU_Dezember2018_32-194x300.jpg 194w, https:\/\/www.jochenguertler.de\/wp-content\/uploads\/2018\/12\/MfG_redesignYOU_Dezember2018_32-768x1189.jpg 768w, https:\/\/www.jochenguertler.de\/wp-content\/uploads\/2018\/12\/MfG_redesignYOU_Dezember2018_32.jpg 1831w\" sizes=\"auto, (max-width: 661px) 100vw, 661px\" \/><\/figure>\n\n\n\n<p>Nachdem wir in den letzten Jahren schon Workshops im Kindergarten, im K\u00fcnstler-Atelier, im Landhaus in der Toscana oder auch im Design-Thinking-Space durchgef\u00fchrt haben, stand dieser Workshop ganz im Zeichen von vorweihnachtlicher Wohnzimmer-Wohlf\u00fchlatmosph\u00e4re in einem schmucken Karlsruher Altbau.<br><\/p>\n\n\n\n<p>Dem Design-Thinking-Prozess folgend haben wir die Teilnehmenden zum kreativen Perspektivwechsel mit Herz und Verstand eingeladen. Haben Fragen in Frage gestellt und gerne auch umformuliert bevor wir Antworten darauf gesucht haben. Haben Ideen gesponnen und and die Wand gebracht. Haben ganz konkrete Pl\u00e4ne geschmiedet, uns aber auch Zeit f\u00fcr Stille und Refektion geg\u00f6nnt. Und vor allem bei vielen Gespr\u00e4chen und Begegnungen voneinander gelernt und miteinander gelacht.<\/p>\n\n\n\n<h4 class=\"wp-block-heading\">Ausblick 2019<br><\/h4>\n\n\n\n<p>Wer&nbsp; Lust hat, redesign YOU in 2019 selbst zu erleben, der kommt vielleicht zum n\u00e4chsten<a href=\"https:\/\/redesignyouimpulsabend.eventbrite.de\"> Impulsabend im Februar <\/a>vorbei, bei dem wir im <a href=\"https:\/\/www.ellalouis.de\/\">Ella &amp; Louis Jazzclub<\/a> in Mannheim zu Gast sind. Oder kommt mit auf eine Reise zu sich selbst beim <a href=\"https:\/\/redesignyouretreat-weigenheim.eventbrite.de\">retreat im Oktober<\/a> im wundersch\u00f6nen Weigenheim, <br><\/p>\n\n\n\n<figure class=\"wp-block-image\"><img loading=\"lazy\" decoding=\"async\" width=\"661\" height=\"1024\" src=\"https:\/\/www.jochenguertler.de\/wp-content\/uploads\/2018\/12\/MfG_redesignYOU_Dezember2018_9-661x1024.jpg\" alt=\"\" class=\"wp-image-2603\" srcset=\"https:\/\/www.jochenguertler.de\/wp-content\/uploads\/2018\/12\/MfG_redesignYOU_Dezember2018_9-661x1024.jpg 661w, https:\/\/www.jochenguertler.de\/wp-content\/uploads\/2018\/12\/MfG_redesignYOU_Dezember2018_9-194x300.jpg 194w, https:\/\/www.jochenguertler.de\/wp-content\/uploads\/2018\/12\/MfG_redesignYOU_Dezember2018_9-768x1189.jpg 768w, https:\/\/www.jochenguertler.de\/wp-content\/uploads\/2018\/12\/MfG_redesignYOU_Dezember2018_9.jpg 1831w\" sizes=\"auto, (max-width: 661px) 100vw, 661px\" \/><\/figure>\n\n\n\n<p><br><\/p>\n","protected":false},"excerpt":{"rendered":"<p>redesign YOU Workshop in Karlsruhe Viele&nbsp; von uns&nbsp; kennen das wohl: sp\u00e4testens um den Jahreswechsel kommen sie regelm\u00e4ssig wieder. Die Gedanken daran wie es weitergehen soll? Im Privaten? Im Job? Mir mir ganz pers\u00f6nlich? Und auch wenn die Antworten darauf nicht immer einfach sind, wird es dann nach Silvester oft ganz konkret: Dann werden Fitness-Abos [&hellip;]<\/p>\n","protected":false},"author":1,"featured_media":2608,"comment_status":"closed","ping_status":"closed","sticky":false,"template":"","format":"standard","meta":{"footnotes":""},"categories":[5],"tags":[27,24,109,8,23],"class_list":["post-2597","post","type-post","status-publish","format-standard","has-post-thumbnail","hentry","category-blog","tag-design-thinking","tag-personlichkeitsentwicklung","tag-redesign-you","tag-veranderung","tag-workshop"],"_links":{"self":[{"href":"https:\/\/www.jochenguertler.de\/index.php?rest_route=\/wp\/v2\/posts\/2597","targetHints":{"allow":["GET"]}}],"collection":[{"href":"https:\/\/www.jochenguertler.de\/index.php?rest_route=\/wp\/v2\/posts"}],"about":[{"href":"https:\/\/www.jochenguertler.de\/index.php?rest_route=\/wp\/v2\/types\/post"}],"author":[{"embeddable":true,"href":"https:\/\/www.jochenguertler.de\/index.php?rest_route=\/wp\/v2\/users\/1"}],"replies":[{"embeddable":true,"href":"https:\/\/www.jochenguertler.de\/index.php?rest_route=%2Fwp%2Fv2%2Fcomments&post=2597"}],"version-history":[{"count":0,"href":"https:\/\/www.jochenguertler.de\/index.php?rest_route=\/wp\/v2\/posts\/2597\/revisions"}],"wp:featuredmedia":[{"embeddable":true,"href":"https:\/\/www.jochenguertler.de\/index.php?rest_route=\/wp\/v2\/media\/2608"}],"wp:attachment":[{"href":"https:\/\/www.jochenguertler.de\/index.php?rest_route=%2Fwp%2Fv2%2Fmedia&parent=2597"}],"wp:term":[{"taxonomy":"category","embeddable":true,"href":"https:\/\/www.jochenguertler.de\/index.php?rest_route=%2Fwp%2Fv2%2Fcategories&post=2597"},{"taxonomy":"post_tag","embeddable":true,"href":"https:\/\/www.jochenguertler.de\/index.php?rest_route=%2Fwp%2Fv2%2Ftags&post=2597"}],"curies":[{"name":"wp","href":"https:\/\/api.w.org\/{rel}","templated":true}]}}