{"id":2620,"date":"2019-02-26T10:05:42","date_gmt":"2019-02-26T09:05:42","guid":{"rendered":"http:\/\/www.jochenguertler.de\/?p=2620"},"modified":"2019-02-26T10:05:42","modified_gmt":"2019-02-26T09:05:42","slug":"vom-programmierer-zum-design-thinker","status":"publish","type":"post","link":"https:\/\/www.jochenguertler.de\/?p=2620","title":{"rendered":"Vom Programmierer zum Design Thinker"},"content":{"rendered":"\n<ul class=\"wp-block-gallery columns-3 is-cropped wp-block-gallery-1 is-layout-flex wp-block-gallery-is-layout-flex\"><li class=\"blocks-gallery-item\"><figure><img loading=\"lazy\" decoding=\"async\" width=\"1024\" height=\"1024\" src=\"https:\/\/www.jochenguertler.de\/wp-content\/uploads\/2019\/02\/2018-04-23-17.50.37-1763944874643912174_6890354208-1024x1024.jpg\" alt=\"\" data-id=\"2623\" class=\"wp-image-2623\" srcset=\"https:\/\/www.jochenguertler.de\/wp-content\/uploads\/2019\/02\/2018-04-23-17.50.37-1763944874643912174_6890354208-1024x1024.jpg 1024w, https:\/\/www.jochenguertler.de\/wp-content\/uploads\/2019\/02\/2018-04-23-17.50.37-1763944874643912174_6890354208-150x150.jpg 150w, https:\/\/www.jochenguertler.de\/wp-content\/uploads\/2019\/02\/2018-04-23-17.50.37-1763944874643912174_6890354208-300x300.jpg 300w, https:\/\/www.jochenguertler.de\/wp-content\/uploads\/2019\/02\/2018-04-23-17.50.37-1763944874643912174_6890354208-768x768.jpg 768w, https:\/\/www.jochenguertler.de\/wp-content\/uploads\/2019\/02\/2018-04-23-17.50.37-1763944874643912174_6890354208-100x100.jpg 100w, https:\/\/www.jochenguertler.de\/wp-content\/uploads\/2019\/02\/2018-04-23-17.50.37-1763944874643912174_6890354208.jpg 1080w\" sizes=\"auto, (max-width: 1024px) 100vw, 1024px\" \/><figcaption>#<\/figcaption><\/figure><\/li><li class=\"blocks-gallery-item\"><figure><img loading=\"lazy\" decoding=\"async\" width=\"1024\" height=\"1024\" src=\"https:\/\/www.jochenguertler.de\/wp-content\/uploads\/2019\/02\/2018-02-12-19.05.06-1713278260971626514_6890354208-1024x1024.jpg\" alt=\"\" data-id=\"2624\" data-link=\"https:\/\/www.jochenguertler.de\/?attachment_id=2624\" class=\"wp-image-2624\" srcset=\"https:\/\/www.jochenguertler.de\/wp-content\/uploads\/2019\/02\/2018-02-12-19.05.06-1713278260971626514_6890354208-1024x1024.jpg 1024w, https:\/\/www.jochenguertler.de\/wp-content\/uploads\/2019\/02\/2018-02-12-19.05.06-1713278260971626514_6890354208-150x150.jpg 150w, https:\/\/www.jochenguertler.de\/wp-content\/uploads\/2019\/02\/2018-02-12-19.05.06-1713278260971626514_6890354208-300x300.jpg 300w, https:\/\/www.jochenguertler.de\/wp-content\/uploads\/2019\/02\/2018-02-12-19.05.06-1713278260971626514_6890354208-768x768.jpg 768w, https:\/\/www.jochenguertler.de\/wp-content\/uploads\/2019\/02\/2018-02-12-19.05.06-1713278260971626514_6890354208-100x100.jpg 100w, https:\/\/www.jochenguertler.de\/wp-content\/uploads\/2019\/02\/2018-02-12-19.05.06-1713278260971626514_6890354208.jpg 1080w\" sizes=\"auto, (max-width: 1024px) 100vw, 1024px\" \/><\/figure><\/li><li class=\"blocks-gallery-item\"><figure><img loading=\"lazy\" decoding=\"async\" width=\"1024\" height=\"1024\" src=\"https:\/\/www.jochenguertler.de\/wp-content\/uploads\/2019\/02\/2018-06-10-12.38.21-1798576943944661264_6890354208-1024x1024.jpg\" alt=\"\" data-id=\"2625\" data-link=\"https:\/\/www.jochenguertler.de\/?attachment_id=2625\" class=\"wp-image-2625\" srcset=\"https:\/\/www.jochenguertler.de\/wp-content\/uploads\/2019\/02\/2018-06-10-12.38.21-1798576943944661264_6890354208-1024x1024.jpg 1024w, https:\/\/www.jochenguertler.de\/wp-content\/uploads\/2019\/02\/2018-06-10-12.38.21-1798576943944661264_6890354208-150x150.jpg 150w, https:\/\/www.jochenguertler.de\/wp-content\/uploads\/2019\/02\/2018-06-10-12.38.21-1798576943944661264_6890354208-300x300.jpg 300w, https:\/\/www.jochenguertler.de\/wp-content\/uploads\/2019\/02\/2018-06-10-12.38.21-1798576943944661264_6890354208-768x768.jpg 768w, https:\/\/www.jochenguertler.de\/wp-content\/uploads\/2019\/02\/2018-06-10-12.38.21-1798576943944661264_6890354208-100x100.jpg 100w, https:\/\/www.jochenguertler.de\/wp-content\/uploads\/2019\/02\/2018-06-10-12.38.21-1798576943944661264_6890354208.jpg 1080w\" sizes=\"auto, (max-width: 1024px) 100vw, 1024px\" \/><\/figure><\/li><\/ul>\n\n\n\n<p>Ich habe mit<a href=\"https:\/\/www.tobiasmaerz.de\/\"> Tobias M\u00e4rz <\/a>\u00fcber mein Leben gesprochen und \u00fcber meine berufliche Entwicklung in den letzten Jahren. \u00dcber meinen Traumberuf als Kind und \u00fcber den einen oder anderen Tiefpunkt, aus dem aber immer auch viel Gutes entstanden ist.<\/p>\n\n\n\n<p>Ich habe mich dar\u00fcber sehr gefreut w\u00fcnsche viel Spass beim Zuh\u00f6ren. Hier geht es zum <a href=\"https:\/\/www.tobiasmaerz.de\/vom-programmierer-zum-design-thinking-coach-jochen-guertler\/\">Podcast<\/a>.<br><\/p>\n","protected":false},"excerpt":{"rendered":"<p>Ich habe mit Tobias M\u00e4rz \u00fcber mein Leben gesprochen und \u00fcber meine berufliche Entwicklung in den letzten Jahren. \u00dcber meinen Traumberuf als Kind und \u00fcber den einen oder anderen Tiefpunkt, aus dem aber immer auch viel Gutes entstanden ist. Ich habe mich dar\u00fcber sehr gefreut w\u00fcnsche viel Spass beim Zuh\u00f6ren. Hier geht es zum Podcast.<\/p>\n","protected":false},"author":1,"featured_media":0,"comment_status":"closed","ping_status":"closed","sticky":false,"template":"","format":"standard","meta":{"footnotes":""},"categories":[5],"tags":[27,124,61,133,109],"class_list":["post-2620","post","type-post","status-publish","format-standard","hentry","category-blog","tag-design-thinking","tag-design-your-life","tag-interview","tag-karriere","tag-redesign-you"],"_links":{"self":[{"href":"https:\/\/www.jochenguertler.de\/index.php?rest_route=\/wp\/v2\/posts\/2620","targetHints":{"allow":["GET"]}}],"collection":[{"href":"https:\/\/www.jochenguertler.de\/index.php?rest_route=\/wp\/v2\/posts"}],"about":[{"href":"https:\/\/www.jochenguertler.de\/index.php?rest_route=\/wp\/v2\/types\/post"}],"author":[{"embeddable":true,"href":"https:\/\/www.jochenguertler.de\/index.php?rest_route=\/wp\/v2\/users\/1"}],"replies":[{"embeddable":true,"href":"https:\/\/www.jochenguertler.de\/index.php?rest_route=%2Fwp%2Fv2%2Fcomments&post=2620"}],"version-history":[{"count":0,"href":"https:\/\/www.jochenguertler.de\/index.php?rest_route=\/wp\/v2\/posts\/2620\/revisions"}],"wp:attachment":[{"href":"https:\/\/www.jochenguertler.de\/index.php?rest_route=%2Fwp%2Fv2%2Fmedia&parent=2620"}],"wp:term":[{"taxonomy":"category","embeddable":true,"href":"https:\/\/www.jochenguertler.de\/index.php?rest_route=%2Fwp%2Fv2%2Fcategories&post=2620"},{"taxonomy":"post_tag","embeddable":true,"href":"https:\/\/www.jochenguertler.de\/index.php?rest_route=%2Fwp%2Fv2%2Ftags&post=2620"}],"curies":[{"name":"wp","href":"https:\/\/api.w.org\/{rel}","templated":true}]}}