{"id":2648,"date":"2019-06-19T08:07:20","date_gmt":"2019-06-19T07:07:20","guid":{"rendered":"http:\/\/www.jochenguertler.de\/?p=2648"},"modified":"2019-06-19T08:08:24","modified_gmt":"2019-06-19T07:08:24","slug":"nur-australien-fehlt-mir-noch","status":"publish","type":"post","link":"https:\/\/www.jochenguertler.de\/?p=2648","title":{"rendered":"Nur Australien fehlt mir noch!"},"content":{"rendered":"\n<figure class=\"wp-block-image\"><img loading=\"lazy\" decoding=\"async\" width=\"1024\" height=\"1024\" src=\"https:\/\/www.jochenguertler.de\/wp-content\/uploads\/2019\/06\/AA5AE872-E39C-4E7B-85AD-8FA96BBD33E9-1024x1024.jpg\" alt=\"\" class=\"wp-image-2649\" srcset=\"https:\/\/www.jochenguertler.de\/wp-content\/uploads\/2019\/06\/AA5AE872-E39C-4E7B-85AD-8FA96BBD33E9-1024x1024.jpg 1024w, https:\/\/www.jochenguertler.de\/wp-content\/uploads\/2019\/06\/AA5AE872-E39C-4E7B-85AD-8FA96BBD33E9-150x150.jpg 150w, https:\/\/www.jochenguertler.de\/wp-content\/uploads\/2019\/06\/AA5AE872-E39C-4E7B-85AD-8FA96BBD33E9-300x300.jpg 300w, https:\/\/www.jochenguertler.de\/wp-content\/uploads\/2019\/06\/AA5AE872-E39C-4E7B-85AD-8FA96BBD33E9-768x768.jpg 768w, https:\/\/www.jochenguertler.de\/wp-content\/uploads\/2019\/06\/AA5AE872-E39C-4E7B-85AD-8FA96BBD33E9-100x100.jpg 100w\" sizes=\"auto, (max-width: 1024px) 100vw, 1024px\" \/><\/figure>\n\n\n\n<p>Als ich vor \nmittlerweile \u00fcber 10 Jahren zum ersten Mal \u201eDesign Thinking\u201c geh\u00f6rt, \nerlebt und gemacht habe, h\u00e4tte ich wohl nicht damit gerechnet, dass mich\n dieses Thema so intensiv besch\u00e4ftigen wird, wie kaum ein anderes Thema \ndies in meinem bisherigen beruflichen (und vielleicht auch privaten) \nKontext getan hat.<\/p>\n\n\n\n<p>Design Thinking war f\u00fcr mich das richtige Thema zur richtigen Zeit, \nweil ich dabei meine Begeisterung an der Arbeit mit Menschen mit der \nArbeit an Innovation und Kulturver\u00e4nderung kombinieren konnte &#8211; und bis \nheute kann. Daher fiel es mir nicht allzu schwer, mich darauf auf so \nunterschiedliche Weise einzulassen.<\/p>\n\n\n\n<p>Zu Beginn noch in der fast schon legend\u00e4ren roten Hose, damals wie \nheute mit einer gesunden Portion Aufregung und \u201eLampenfieber\u201c und nach \nwie vor und mehr denn je mit viel Spa\u00df, Neugierde und Motivation f\u00fcr \nneue Themen, Formate und Ans\u00e4tze. Und sehr gerne auch in Kombination mit\n \u201eallem Anderen\u201c was mich interessiert wie beispielsweise \nPers\u00f6nlichkeitsentwicklung, Gestaltarbeit, die Heldenreise oder \nFacilitation im ganz Allgemeinen.<\/p>\n\n\n\n<p>Design Thinking ist f\u00fcr mich weit mehr als (Kreativ-) Methode oder \nInnovations-Methodik. Es beschreibt f\u00fcr mich vielmehr eine (Arbeits-) \nKultur, in der das Miteinander im Fokus steht, die das Machen immer vor \ndem (Zer-) Reden sieht, in der es zu Beginn immer um die richtige Frage \ngeht, bei der ich neugierig sein darf und soll und bei der \u201eUnfertiges\u201c \nals ein essentieller Schritt zum \u201eFertigen\u201c gesehen wird.<\/p>\n\n\n\n<p>In diesem Sinne habe ich beim Design Thinking und als Design Thinker \nauch viel \u00fcber mich gelernt, bin an meinen Aufgaben gewachsen und habe \nmich mehr als einmal gefragt \u201ewas ich denn nun hier schon wieder tue\u201c. \nIrgendwie ging es aber immer gut und wenn nicht geh\u00f6rt Scheitern und \nLernen ja zum Design Thinking wie das sprichw\u00f6rtliche Amen in der \nKirche.<\/p>\n\n\n\n<h3 class=\"wp-block-heading\">10 Jahre Erinnnerungen und Gelerntes<\/h3>\n\n\n\n<p>Ich habe in den letzten Wochen ein wenig in meinem \nDesign-Thinking-Erinnerungsspeicher \u201egekruschtelt\u201c und ein paar Artikel,\n Geschichten und Erlebnisse gefunden, die ich in einem kleinen aber \nfeinen Buch zusammengefasst habe.<\/p>\n\n\n\n<p>Der Eine oder die Andere wird sich dabei vielleicht selbst entdecken,\n und ich finde es ganz wunderbar, wie viele tolle Menschen, \nKollegenInnen und Freunde ich beim Design Thinking um mich herumgehabt \nhabe und immer noch habe. Danke daf\u00fcr.<\/p>\n\n\n\n<p>Bleibt eigentlich nur eine Frage: wann endlich geht es nach \nDown-Under? Denn bei all den mittlerweile sicherlich hunderten \nDesign-Thinking-Formaten rund um die Welt und auf (fast) allen \nKontinenten fiel mir auf: <\/p>\n\n\n\n<blockquote class=\"wp-block-quote is-layout-flow wp-block-quote-is-layout-flow\"><p><strong>&#8222;Nur Australien fehlt mir noch!&#8220;<\/strong><\/p><\/blockquote>\n\n\n\n<p><strong>Das Buch wird es in naher Zukunft auch bei Amazon geben, wer \njetzt schon neugierig ist, kann sich gerne bei mir melden und ich \nschicke es f\u00fcr Euro 10 an alle interessierten Design Thinker und solche,\n die es noch werden wollen.<\/strong><\/p>\n\n\n\n<h3 class=\"wp-block-heading\">Ich komme gerne mal vorbei, um zu erz\u00e4hlen<\/h3>\n\n\n\n<p>Ich habe basierend auf dem Buch einen 2-st\u00fcndigen interaktiven \nVortrag zusammengestellt und freue mich \u00fcber Einladungen. Zwischen 10 \nund 100 Teilnehmer, egal wo. Ich komme gerne und mache das auch \u201ef\u00fcr \numme\u201c, solange mir die Reisekosten ersetzt werden.<\/p>\n\n\n\n<p><strong>Ich m\u00f6chte in der zweiten Jahresh\u00e4lfte gerne 5 Vortr\u00e4ge \nmachen und bin gespannt, wo das sein wird. Meldet Euch bei Interesse, \nich freue mich drauf!<\/strong><\/p>\n","protected":false},"excerpt":{"rendered":"<p>Als ich vor mittlerweile \u00fcber 10 Jahren zum ersten Mal \u201eDesign Thinking\u201c geh\u00f6rt, erlebt und gemacht habe, h\u00e4tte ich wohl nicht damit gerechnet, dass mich dieses Thema so intensiv besch\u00e4ftigen wird, wie kaum ein anderes Thema dies in meinem bisherigen beruflichen (und vielleicht auch privaten) Kontext getan hat. Design Thinking war f\u00fcr mich das richtige [&hellip;]<\/p>\n","protected":false},"author":1,"featured_media":0,"comment_status":"closed","ping_status":"closed","sticky":false,"template":"","format":"standard","meta":{"footnotes":""},"categories":[5],"tags":[64,27,126],"class_list":["post-2648","post","type-post","status-publish","format-standard","hentry","category-blog","tag-buch","tag-design-thinking","tag-vortrag"],"_links":{"self":[{"href":"https:\/\/www.jochenguertler.de\/index.php?rest_route=\/wp\/v2\/posts\/2648","targetHints":{"allow":["GET"]}}],"collection":[{"href":"https:\/\/www.jochenguertler.de\/index.php?rest_route=\/wp\/v2\/posts"}],"about":[{"href":"https:\/\/www.jochenguertler.de\/index.php?rest_route=\/wp\/v2\/types\/post"}],"author":[{"embeddable":true,"href":"https:\/\/www.jochenguertler.de\/index.php?rest_route=\/wp\/v2\/users\/1"}],"replies":[{"embeddable":true,"href":"https:\/\/www.jochenguertler.de\/index.php?rest_route=%2Fwp%2Fv2%2Fcomments&post=2648"}],"version-history":[{"count":0,"href":"https:\/\/www.jochenguertler.de\/index.php?rest_route=\/wp\/v2\/posts\/2648\/revisions"}],"wp:attachment":[{"href":"https:\/\/www.jochenguertler.de\/index.php?rest_route=%2Fwp%2Fv2%2Fmedia&parent=2648"}],"wp:term":[{"taxonomy":"category","embeddable":true,"href":"https:\/\/www.jochenguertler.de\/index.php?rest_route=%2Fwp%2Fv2%2Fcategories&post=2648"},{"taxonomy":"post_tag","embeddable":true,"href":"https:\/\/www.jochenguertler.de\/index.php?rest_route=%2Fwp%2Fv2%2Ftags&post=2648"}],"curies":[{"name":"wp","href":"https:\/\/api.w.org\/{rel}","templated":true}]}}