{"id":267,"date":"2011-07-12T08:46:23","date_gmt":"2011-07-12T07:46:23","guid":{"rendered":"http:\/\/www.jochenguertler.de\/?p=267"},"modified":"2013-06-14T14:41:38","modified_gmt":"2013-06-14T13:41:38","slug":"frau-sein","status":"publish","type":"post","link":"https:\/\/www.jochenguertler.de\/?p=267","title":{"rendered":"frau sein."},"content":{"rendered":"<p style=\"text-align: center;\"><em><a href=\"https:\/\/www.jochenguertler.de\/wp-content\/uploads\/2011\/07\/frau-sein.jpg\"><img loading=\"lazy\" decoding=\"async\" class=\"size-full wp-image-296 aligncenter\" src=\"https:\/\/www.jochenguertler.de\/wp-content\/uploads\/2011\/07\/frau-sein.jpg\" alt=\"\" width=\"338\" height=\"479\" srcset=\"https:\/\/www.jochenguertler.de\/wp-content\/uploads\/2011\/07\/frau-sein.jpg 564w, https:\/\/www.jochenguertler.de\/wp-content\/uploads\/2011\/07\/frau-sein-212x300.jpg 212w, https:\/\/www.jochenguertler.de\/wp-content\/uploads\/2011\/07\/frau-sein-106x150.jpg 106w\" sizes=\"auto, (max-width: 338px) 100vw, 338px\" \/><\/a><\/em><\/p>\n<p><em>Termin<\/em>: Samstag, 8. Oktober, 10:00 bis Sonntag, 9. Oktober 2011, 14:00 Uhr<\/p>\n<p><em>Ort<\/em>: Tullastra\u00dfe 82, 76131 Karlsruhe<\/p>\n<p><em>Leitung<\/em>: Ellen G\u00fcrtler<\/p>\n<p>Wie kann ich noch besser meine weiblichen St\u00e4rken entwickeln und erfolgreich einsetzen? Wie schaffe ich es, Familie und Beruf zu verbinden, ohne mich als Rabenmutter oder Quotenfrau zu f\u00fchlen? Wie kann und will ich, jenseits aller Klischees, in einer Beziehung leben? Wie finde ich heraus, was mich als Frau ausmacht, ohne eine zweite Angela Merkel, Ursula von der Leyen, Madonna oder Angelina Jolie sein zu wollen?<br \/>\nIm Rahmen dieses Seminars gibt es Zeit und Raum,<\/p>\n<ul>\n<li>sich gemeinsam mit anderen Frauen \u00fcber diese Fragen auszutauschen,<\/li>\n<li>zu entdecken, wie die Vergangenheit unser Denken, F\u00fchlen und Verhal-<br \/>\nten als Frau gepr\u00e4gt hat,<\/li>\n<li>Kopf und Herz zu verbinden und sich wohl zu f\u00fchlen mit und im eigenen K\u00f6rper,<\/li>\n<li>sich (wieder) ein Stu\u0308ck lebendiger, sinnlicher und authentischer zu f\u00fchlen.<\/li>\n<\/ul>\n<p><strong>Frau sein: In der Begegnung mit der Frau, die ich bin und mit der, die ich sein kann und werde.<\/strong><\/p>\n<p style=\"text-align: left;\"><strong><a href=\"https:\/\/www.jochenguertler.de\/wp-content\/uploads\/2011\/07\/Ellen_Guertler1.jpg\"><img loading=\"lazy\" decoding=\"async\" class=\"alignleft size-full wp-image-275\" style=\"margin-left: 4px; margin-right: 4px;\" src=\"https:\/\/www.jochenguertler.de\/wp-content\/uploads\/2011\/07\/Ellen_Guertler1.jpg\" alt=\"\" width=\"173\" height=\"259\" srcset=\"https:\/\/www.jochenguertler.de\/wp-content\/uploads\/2011\/07\/Ellen_Guertler1.jpg 800w, https:\/\/www.jochenguertler.de\/wp-content\/uploads\/2011\/07\/Ellen_Guertler1-200x300.jpg 200w, https:\/\/www.jochenguertler.de\/wp-content\/uploads\/2011\/07\/Ellen_Guertler1-682x1024.jpg 682w, https:\/\/www.jochenguertler.de\/wp-content\/uploads\/2011\/07\/Ellen_Guertler1-100x150.jpg 100w, https:\/\/www.jochenguertler.de\/wp-content\/uploads\/2011\/07\/Ellen_Guertler1-400x600.jpg 400w\" sizes=\"auto, (max-width: 173px) 100vw, 173px\" \/><\/a>Ellen G\u00fcrtler<\/strong><br \/>\n<em>Inhaberin der Praxis Ellen G\u00fcrtler seit 1997, Atem-, Sprech- und Stimmlehre- rin, Lehrlogop\u00e4din, Stimm- und Sprech- trainerin, Psychotherapeutin (HPG), Gestalttherapeutin, PESSO-Therapeutin, Coach, Sprecherin und S\u00e4ngerin.<\/em><\/p>\n<p style=\"text-align: left;\">Als <strong>Unternehmerin und Chefin<\/strong> unterst\u00fctze ich Sie in Ihrer Karriereplanung und der Professionalisierung Ihrer Mitarbeiterf\u00fchrung und Ihres F\u00fchrungsstils.<\/p>\n<p style=\"text-align: left;\">Als <strong>Stimm- und Sprechtrainerin<\/strong> arbeite ich mit Ihnen an Ihrer Sprechtechnik, Ihren stimmlichen Ausdrucksm\u00f6glichkeiten und Ihrer Kommunikationsf\u00e4higkeit.<\/p>\n<p style=\"text-align: left;\">Als <strong>Trainerin und Coach<\/strong> bin ich u. a. f\u00fcr die RWTH Aachen, AIXTRON, das Forschungszentrum J\u00fclich, St\u00e4dte und Kommunen t\u00e4tig und arbeite mit Ihnen an der Klarheit und Authentizit\u00e4t Ihres professionellen und pers\u00f6nli- chen Auftretens, trainiere Ihre Wahrnehmungsf\u00e4higkeit und Ihre Durchsetzungskraft zur Erweiterung Ihrer beruflichen Kompetenz.<\/p>\n<p style=\"text-align: left;\">Als <strong>Psychotherapeutin<\/strong> unterst\u00fctze ich Sie in beruflichen und pers\u00f6nlichen Krisen und bei der Aufarbeitung innerpsychischer Konflikte.<\/p>\n<p style=\"text-align: left;\"><strong>Die Anmeldung zu diesem Seminar gibt es <a href=\"https:\/\/www.jochenguertler.de\/wp-content\/uploads\/2011\/07\/Seminar-Ellen-Infoblatt-und-Anmeldung-zum-Versand-per-Email-1-1.pdf\">hier<\/a> zum Download.<\/strong><\/p>\n","protected":false},"excerpt":{"rendered":"<p>Termin: Samstag, 8. Oktober, 10:00 bis Sonntag, 9. Oktober 2011, 14:00 Uhr Ort: Tullastra\u00dfe 82, 76131 Karlsruhe Leitung: Ellen G\u00fcrtler Wie kann ich noch besser meine weiblichen St\u00e4rken entwickeln und erfolgreich einsetzen? Wie schaffe ich es, Familie und Beruf zu verbinden, ohne mich als Rabenmutter oder Quotenfrau zu f\u00fchlen? Wie kann und will ich, jenseits [&hellip;]<\/p>\n","protected":false},"author":1,"featured_media":296,"comment_status":"open","ping_status":"open","sticky":false,"template":"","format":"standard","meta":{"footnotes":""},"categories":[5],"tags":[12],"class_list":["post-267","post","type-post","status-publish","format-standard","has-post-thumbnail","hentry","category-blog","tag-seminar"],"_links":{"self":[{"href":"https:\/\/www.jochenguertler.de\/index.php?rest_route=\/wp\/v2\/posts\/267","targetHints":{"allow":["GET"]}}],"collection":[{"href":"https:\/\/www.jochenguertler.de\/index.php?rest_route=\/wp\/v2\/posts"}],"about":[{"href":"https:\/\/www.jochenguertler.de\/index.php?rest_route=\/wp\/v2\/types\/post"}],"author":[{"embeddable":true,"href":"https:\/\/www.jochenguertler.de\/index.php?rest_route=\/wp\/v2\/users\/1"}],"replies":[{"embeddable":true,"href":"https:\/\/www.jochenguertler.de\/index.php?rest_route=%2Fwp%2Fv2%2Fcomments&post=267"}],"version-history":[{"count":0,"href":"https:\/\/www.jochenguertler.de\/index.php?rest_route=\/wp\/v2\/posts\/267\/revisions"}],"wp:featuredmedia":[{"embeddable":true,"href":"https:\/\/www.jochenguertler.de\/index.php?rest_route=\/wp\/v2\/media\/296"}],"wp:attachment":[{"href":"https:\/\/www.jochenguertler.de\/index.php?rest_route=%2Fwp%2Fv2%2Fmedia&parent=267"}],"wp:term":[{"taxonomy":"category","embeddable":true,"href":"https:\/\/www.jochenguertler.de\/index.php?rest_route=%2Fwp%2Fv2%2Fcategories&post=267"},{"taxonomy":"post_tag","embeddable":true,"href":"https:\/\/www.jochenguertler.de\/index.php?rest_route=%2Fwp%2Fv2%2Ftags&post=267"}],"curies":[{"name":"wp","href":"https:\/\/api.w.org\/{rel}","templated":true}]}}