{"id":2685,"date":"2019-12-12T11:43:23","date_gmt":"2019-12-12T10:43:23","guid":{"rendered":"http:\/\/www.jochenguertler.de\/?p=2685"},"modified":"2019-12-12T11:43:23","modified_gmt":"2019-12-12T10:43:23","slug":"redesign-you-fuer-schulen-und-jugendliche","status":"publish","type":"post","link":"https:\/\/www.jochenguertler.de\/?p=2685","title":{"rendered":"redesign YOU f\u00fcr Schulen und Jugendliche"},"content":{"rendered":"\n<figure class=\"wp-block-image\"><img loading=\"lazy\" decoding=\"async\" width=\"594\" height=\"319\" src=\"https:\/\/www.jochenguertler.de\/wp-content\/uploads\/2019\/12\/Bildschirmfoto-2019-12-12-um-11.22.06.png\" alt=\"\" class=\"wp-image-2686\" srcset=\"https:\/\/www.jochenguertler.de\/wp-content\/uploads\/2019\/12\/Bildschirmfoto-2019-12-12-um-11.22.06.png 594w, https:\/\/www.jochenguertler.de\/wp-content\/uploads\/2019\/12\/Bildschirmfoto-2019-12-12-um-11.22.06-300x161.png 300w\" sizes=\"auto, (max-width: 594px) 100vw, 594px\" \/><\/figure>\n\n\n\n<p>Ich freue mich sehr dar\u00fcber, auch in 2020 Dank der tollen Unterst\u00fctzung der <a href=\"https:\/\/www.hopp-foundation.de\/\">Hopp-Foundation <\/a>zusammen mit der <a href=\"https:\/\/ministeriumfuerglueck.de\/\">Gl\u00fccksministerin Gina Sch\u00f6ler <\/a>unsere <strong>redesign YOU<\/strong> Workshops f\u00fcr Pers\u00f6nlichkeitsentwicklung und Lebensgestaltung f\u00fcr Schulen und  Jugendliche kostenfrei anbieten zu k\u00f6nnen. <\/p>\n\n\n\n<p>Das interaktive Workshop-Format redesign YOU l\u00e4dt dazu ein, sich&nbsp;mit der eigenen Pers\u00f6nlichkeit zu besch\u00e4ftigen. Der Workshop bietet Raum f\u00fcr Fragen und hat zum Ziel, sich als ganzen Menschen wahrzunehmen, St\u00e4rken zu finden und&nbsp;Schw\u00e4chen akzeptieren zu k\u00f6nnen. Wir bieten mit diesem Seminar au\u00dfergew\u00f6hnliche Herangehensweisen an, genau dies in Angriff&nbsp;zu nehmen. Es geht darum, das eigene Leben so zu gestalten, dass es den pers\u00f6nlichen&nbsp;Bed\u00fcrfnissen, M\u00f6glichkeiten und Werten entspricht.<\/p>\n\n\n\n<p><\/p>\n\n\n\n<p><strong>Wir bieten Workshops f\u00fcr Schulklassen der Jahrgangsstufen 10 &#8211; 13 sowie offene Workshops f\u00fcr Jugendliche an. <\/strong><\/p>\n\n\n\n<p> Mehr Informationen zu <strong>redesign YOU<\/strong> und die Links zur (kostenfreien) Anmeldung gibt es unter <a rel=\"noreferrer noopener\" href=\"http:\/\/redesign-you.de\" target=\"_blank\">http:\/\/redesign-you.de<\/a>  <\/p>\n\n\n\n<p><strong>Feedbacks aus unseren bisherigen Workshops mit Jugendlichen:<\/strong><\/p>\n\n\n\n<blockquote class=\"wp-block-quote is-layout-flow wp-block-quote-is-layout-flow\"><p>&#8222;Dieser Workshop hat sehr motiviert und mich dazu gebracht, dass ich etwas in meinem Leben \u00e4ndern werde.&#8220; <\/p><\/blockquote>\n\n\n\n<blockquote class=\"wp-block-quote is-layout-flow wp-block-quote-is-layout-flow\"><p>&#8222;Offene Gespr\u00e4che, ohne sich zu sch\u00e4men, man kann sich so zeigen, wie man wirklich ist \u2013 so muss es sein! Das tut gut!&#8220; <\/p><\/blockquote>\n\n\n\n<blockquote class=\"wp-block-quote is-layout-flow wp-block-quote-is-layout-flow\"><p>&#8222;Ich freue mich dar\u00fcber, dass ich mich durch die Atmosph\u00e4re, die Inhalte und durch die kreative Methode des Design Thinkings so \u00f6ffnen k\u00f6nnte, wie ich es im Endeffekt gemacht habe.&#8220; <\/p><\/blockquote>\n\n\n\n<blockquote class=\"wp-block-quote is-layout-flow wp-block-quote-is-layout-flow\"><p>&#8222;Ich freue mich dar\u00fcber, dass ich bei diesem Workshop viele St\u00e4rken herausgefunden habe, von denen ich nichts wusste.&#8220; <\/p><\/blockquote>\n\n\n\n<blockquote class=\"wp-block-quote is-layout-flow wp-block-quote-is-layout-flow\"><p>&#8222;Dank eures Workshops wei\u00df ich, dass ich mehr kann als ich denke.&#8220; <\/p><\/blockquote>\n\n\n\n<blockquote class=\"wp-block-quote is-layout-flow wp-block-quote-is-layout-flow\"><p>&#8222;Danke f\u00fcr ein bisschen Therapie f\u00fcr meinen Kopf und mein Herz!&#8220;<\/p><\/blockquote>\n\n\n\n<figure class=\"wp-block-image\"><img loading=\"lazy\" decoding=\"async\" width=\"1024\" height=\"1024\" src=\"https:\/\/www.jochenguertler.de\/wp-content\/uploads\/2019\/12\/D1309240-3AF5-4A4D-8096-F616CD6B39D8-1024x1024.jpg\" alt=\"\" class=\"wp-image-2692\" srcset=\"https:\/\/www.jochenguertler.de\/wp-content\/uploads\/2019\/12\/D1309240-3AF5-4A4D-8096-F616CD6B39D8-1024x1024.jpg 1024w, https:\/\/www.jochenguertler.de\/wp-content\/uploads\/2019\/12\/D1309240-3AF5-4A4D-8096-F616CD6B39D8-150x150.jpg 150w, https:\/\/www.jochenguertler.de\/wp-content\/uploads\/2019\/12\/D1309240-3AF5-4A4D-8096-F616CD6B39D8-300x300.jpg 300w, https:\/\/www.jochenguertler.de\/wp-content\/uploads\/2019\/12\/D1309240-3AF5-4A4D-8096-F616CD6B39D8-768x768.jpg 768w, https:\/\/www.jochenguertler.de\/wp-content\/uploads\/2019\/12\/D1309240-3AF5-4A4D-8096-F616CD6B39D8-100x100.jpg 100w\" sizes=\"auto, (max-width: 1024px) 100vw, 1024px\" \/><\/figure>\n","protected":false},"excerpt":{"rendered":"<p>Ich freue mich sehr dar\u00fcber, auch in 2020 Dank der tollen Unterst\u00fctzung der Hopp-Foundation zusammen mit der Gl\u00fccksministerin Gina Sch\u00f6ler unsere redesign YOU Workshops f\u00fcr Pers\u00f6nlichkeitsentwicklung und Lebensgestaltung f\u00fcr Schulen und Jugendliche kostenfrei anbieten zu k\u00f6nnen. Das interaktive Workshop-Format redesign YOU l\u00e4dt dazu ein, sich&nbsp;mit der eigenen Pers\u00f6nlichkeit zu besch\u00e4ftigen. Der Workshop bietet Raum f\u00fcr [&hellip;]<\/p>\n","protected":false},"author":1,"featured_media":2693,"comment_status":"closed","ping_status":"closed","sticky":false,"template":"","format":"standard","meta":{"footnotes":""},"categories":[5],"tags":[27,124,141,24,109,112,23],"class_list":["post-2685","post","type-post","status-publish","format-standard","has-post-thumbnail","hentry","category-blog","tag-design-thinking","tag-design-your-life","tag-jugendliche","tag-personlichkeitsentwicklung","tag-redesign-you","tag-schule","tag-workshop"],"_links":{"self":[{"href":"https:\/\/www.jochenguertler.de\/index.php?rest_route=\/wp\/v2\/posts\/2685","targetHints":{"allow":["GET"]}}],"collection":[{"href":"https:\/\/www.jochenguertler.de\/index.php?rest_route=\/wp\/v2\/posts"}],"about":[{"href":"https:\/\/www.jochenguertler.de\/index.php?rest_route=\/wp\/v2\/types\/post"}],"author":[{"embeddable":true,"href":"https:\/\/www.jochenguertler.de\/index.php?rest_route=\/wp\/v2\/users\/1"}],"replies":[{"embeddable":true,"href":"https:\/\/www.jochenguertler.de\/index.php?rest_route=%2Fwp%2Fv2%2Fcomments&post=2685"}],"version-history":[{"count":0,"href":"https:\/\/www.jochenguertler.de\/index.php?rest_route=\/wp\/v2\/posts\/2685\/revisions"}],"wp:featuredmedia":[{"embeddable":true,"href":"https:\/\/www.jochenguertler.de\/index.php?rest_route=\/wp\/v2\/media\/2693"}],"wp:attachment":[{"href":"https:\/\/www.jochenguertler.de\/index.php?rest_route=%2Fwp%2Fv2%2Fmedia&parent=2685"}],"wp:term":[{"taxonomy":"category","embeddable":true,"href":"https:\/\/www.jochenguertler.de\/index.php?rest_route=%2Fwp%2Fv2%2Fcategories&post=2685"},{"taxonomy":"post_tag","embeddable":true,"href":"https:\/\/www.jochenguertler.de\/index.php?rest_route=%2Fwp%2Fv2%2Ftags&post=2685"}],"curies":[{"name":"wp","href":"https:\/\/api.w.org\/{rel}","templated":true}]}}