{"id":2903,"date":"2020-04-24T07:56:06","date_gmt":"2020-04-24T06:56:06","guid":{"rendered":"http:\/\/www.jochenguertler.de\/?p=2903"},"modified":"2020-06-02T09:59:24","modified_gmt":"2020-06-02T08:59:24","slug":"termine-termine-termine","status":"publish","type":"post","link":"https:\/\/www.jochenguertler.de\/?p=2903","title":{"rendered":"Termine, Termine Termine"},"content":{"rendered":"\n<h4 class=\"wp-block-heading\">Online Impulse<\/h4>\n\n\n\n<p class=\"has-text-color has-cyan-bluish-gray-color\"><strong>15. April 2020, 18:00 Uhr<\/strong> \u2013 <a href=\"https:\/\/redesignyou_energizer_15_april.eventbrite.de\"><strong>redesign YOU Energizer<\/strong><\/a> \u2013 Der Online-Impuls f\u00fcr Lebensgestaltung<\/p>\n\n\n\n<p class=\"has-text-color has-cyan-bluish-gray-color\"><strong>24. April 2020, 19:30 Uhr<\/strong> \u2013 <strong><a href=\"https:\/\/unterwegs-am-tellerrand.eventbrite.de\">Unterwegs am Tellerrand<\/a><\/strong> Geschichten \u00fcbers und vom Wandern. Und was ich dabei \u00fcber mich und das Leben gelernt habe.<\/p>\n\n\n\n<p class=\"has-text-color has-cyan-bluish-gray-color\"><strong>27. April 2020, 16:00 Uhr \u2013 <a href=\"https:\/\/design-thinking-masterclass-impuls-kreativitaet.eventbrite.de\" target=\"_blank\" rel=\"noreferrer noopener\">Kreativi\u00e4t auf Knopfdruck?! <\/a><\/strong>Warum Kreativit\u00e4t &#8222;auf Knopfdruck&#8220; oft misslingt. Und wie du als Design Thinking Coach dennoch kreatives Arbeiten erm\u00f6glichen kannst.<\/p>\n\n\n\n<p class=\"has-text-color has-cyan-bluish-gray-color\"><strong>13. Mai 2020, 18:00 Uhr<\/strong> \u2013<a href=\"https:\/\/redesigyou_energizer_13_mai.eventbrite.de\"> <\/a><strong><a href=\"https:\/\/redesigyou_energizer_13_mai.eventbrite.de\">redesign YOU Energizer<\/a><\/strong> \u2013 Der Online-Impuls f\u00fcr Lebensgestaltung<\/p>\n\n\n\n<p><strong>10. Juni 2020, 18:00 Uhr<\/strong> \u2013<strong><a href=\"http:\/\/www.mytalents.com\/redesign-you-energizer\">redesign YOU Energizer<\/a><\/strong> \u2013 Der Online-Impuls f\u00fcr Lebensgestaltung<\/p>\n\n\n\n<p><strong>15. Juni 2020, 16:00 Uhr \u2013 <a rel=\"noreferrer noopener\" href=\"https:\/\/design-thinking-masterclass-impuls-stimme.eventbrite.de\" target=\"_blank\">Mit Stimme und Pr\u00e4senz \u00fcberzeugen<\/a><\/strong> Du selbst bist dein wichtigstes Werkzeug! Wie du als Design Thinking Coach auch \u00fcber deine Pr\u00e4senz und deine Stimme \u00fcberzeugst. Diesen Impuls werde ich zusammen mit <a rel=\"noreferrer noopener\" href=\"http:\/\/ellenguertler.de\" target=\"_blank\">Ellen G\u00fcrtler <\/a>durchf\u00fchren.<\/p>\n\n\n\n<p><strong>17. Juni 2020, 16:00 Uhr <\/strong>\u2013 <strong><a href=\"https:\/\/designthinkingmasters.com\/jochen-guertler2020\/\">Vom Mensch aus gedacht. Eine interaktive Reise durch Design Thinking<\/a><\/strong> Wie s\u00e4he eine im wahrsten Sinne des Wortes \u201eMensch-zentrierte\u201c Beschreibung von Design Thinking aus? Dieser Gedanke ist Startpunkt f\u00fcr eine interaktive Reise durch Design Thinking auf die ich die Teilnehmenden mitnehmen m\u00f6chte und in deren Verlauf eine Landkarte entsteht, die alle relevanten Aspekte von Design Thinking auff\u00fchrt und verbindet und so einen \u201cBlick f\u00fcrs Ganze\u201d erm\u00f6glicht.<\/p>\n\n\n\n<p><strong>22. Juni 2020, 16:00 Uhr \u2013 <a rel=\"noreferrer noopener\" href=\"https:\/\/design-thinking-masterclass-impuls-facilitation.eventbrite.de\" target=\"_blank\">Die Helden unserer Kindheit<\/a><a href=\"https:\/\/design-thinking-masterclass-impuls-facilitation.eventbrite.de\">!<\/a> <\/strong>Und was wir von ihnen \u00fcber die richtige Dramaturgie unserer Trainings und Workshops lernen k\u00f6nnen<\/p>\n\n\n\n<h3 class=\"wp-block-heading\">Design Thinking Training<\/h3>\n\n\n\n<p class=\"has-text-color has-cyan-bluish-gray-color\"><strong>25. &#8211; 29. Mai 2020<\/strong> \u2013 <a href=\"https:\/\/design-thinking-erleben.eventbrite.de\"><strong>Design Thinking erleben!<\/strong><\/a> Innerhalb  eines Teams, anhand einer echten Fragestellung &amp; in Kombination von analogem und digitalem Arbeiten.<\/p>\n\n\n\n<h3 class=\"wp-block-heading\">Design Thinking Masterclasses<\/h3>\n\n\n\n<p><strong>05. &amp; 06. Oktober 2020<\/strong> \u2013 <a rel=\"noreferrer noopener\" href=\"https:\/\/www.jochenguertler.de\/?page_id=2779\" target=\"_blank\"><strong>Kreativit\u00e4t<\/strong><\/a> Warum Kreativit\u00e4t viel mehr ist als die richtige Brainstorming-Methode.<\/p>\n\n\n\n<p><strong>12. &amp; 13. Oktober 2020 \u2013 <a rel=\"noreferrer noopener\" href=\"https:\/\/www.jochenguertler.de\/?page_id=2818\" target=\"_blank\">Stimme, Pr\u00e4senz &amp; Auftreten<\/a><\/strong> Auf der kreativen Workshop-B\u00fchne \u2013 und nun? <em>Diese Masterclass werde ich zusammen mit <a rel=\"noreferrer noopener\" href=\"https:\/\/www.ellenguertler.de\/\" target=\"_blank\">Ellen G\u00fcrtler<\/a> durchf\u00fchren.<\/em><\/p>\n\n\n\n<p><strong>02. &amp; 03. November 2020<\/strong> &#8211;  <a rel=\"noreferrer noopener\" href=\"https:\/\/www.jochenguertler.de\/?page_id=2836\" target=\"_blank\"><strong>Facilitation<\/strong><\/a> Weniger tun und mehr erreichen. Von durchgetakteter Agenda hin zu Raum-gebender Begleitung von Teams und Organisationen.<\/p>\n\n\n\n<p><\/p>\n\n\n\n<p><\/p>\n\n\n\n<p><\/p>\n","protected":false},"excerpt":{"rendered":"<p>Online Impulse 15. April 2020, 18:00 Uhr \u2013 redesign YOU Energizer \u2013 Der Online-Impuls f\u00fcr Lebensgestaltung 24. April 2020, 19:30 Uhr \u2013 Unterwegs am Tellerrand Geschichten \u00fcbers und vom Wandern. Und was ich dabei \u00fcber mich und das Leben gelernt habe. 27. April 2020, 16:00 Uhr \u2013 Kreativi\u00e4t auf Knopfdruck?! Warum Kreativit\u00e4t &#8222;auf Knopfdruck&#8220; oft [&hellip;]<\/p>\n","protected":false},"author":1,"featured_media":0,"comment_status":"closed","ping_status":"closed","sticky":false,"template":"","format":"standard","meta":{"footnotes":""},"categories":[5],"tags":[],"class_list":["post-2903","post","type-post","status-publish","format-standard","hentry","category-blog"],"_links":{"self":[{"href":"https:\/\/www.jochenguertler.de\/index.php?rest_route=\/wp\/v2\/posts\/2903","targetHints":{"allow":["GET"]}}],"collection":[{"href":"https:\/\/www.jochenguertler.de\/index.php?rest_route=\/wp\/v2\/posts"}],"about":[{"href":"https:\/\/www.jochenguertler.de\/index.php?rest_route=\/wp\/v2\/types\/post"}],"author":[{"embeddable":true,"href":"https:\/\/www.jochenguertler.de\/index.php?rest_route=\/wp\/v2\/users\/1"}],"replies":[{"embeddable":true,"href":"https:\/\/www.jochenguertler.de\/index.php?rest_route=%2Fwp%2Fv2%2Fcomments&post=2903"}],"version-history":[{"count":0,"href":"https:\/\/www.jochenguertler.de\/index.php?rest_route=\/wp\/v2\/posts\/2903\/revisions"}],"wp:attachment":[{"href":"https:\/\/www.jochenguertler.de\/index.php?rest_route=%2Fwp%2Fv2%2Fmedia&parent=2903"}],"wp:term":[{"taxonomy":"category","embeddable":true,"href":"https:\/\/www.jochenguertler.de\/index.php?rest_route=%2Fwp%2Fv2%2Fcategories&post=2903"},{"taxonomy":"post_tag","embeddable":true,"href":"https:\/\/www.jochenguertler.de\/index.php?rest_route=%2Fwp%2Fv2%2Ftags&post=2903"}],"curies":[{"name":"wp","href":"https:\/\/api.w.org\/{rel}","templated":true}]}}