{"id":2987,"date":"2020-07-10T09:26:24","date_gmt":"2020-07-10T08:26:24","guid":{"rendered":"http:\/\/www.jochenguertler.de\/?p=2987"},"modified":"2020-07-10T09:26:24","modified_gmt":"2020-07-10T08:26:24","slug":"design-thinking-your-career","status":"publish","type":"post","link":"https:\/\/www.jochenguertler.de\/?p=2987","title":{"rendered":"Design Thinking your Career"},"content":{"rendered":"\n<p>In jedem Abschied steckt  ja auch ein Wiedersehen, und daher habe ich mich besonders dar\u00fcber  gefreut, Anfang Juli zum ersten Mal nach meinem Abschied bei der <a href=\"https:\/\/www.linkedin.com\/company\/sap\/\">SAP<\/a> wieder dortthin zur\u00fcckzukehren &#8211; zumindest virtuell. <br><\/p>\n\n\n\n<p>Auf Einladung von <a href=\"https:\/\/www.linkedin.com\/in\/ACoAAALjOyoBeSMCH4cDEoOrFK_2tPaaaKnvLdU\">Kathrin Heyd<\/a> und <a href=\"https:\/\/www.linkedin.com\/in\/ACoAAA7xAuQBObDNbys69E6D_KdFn5sK-gX2dmk\">Isabelle Paul<\/a>  habe ich im Rahmen der SAP ACADEMY FOR ENGINEERING ein wenig \u00fcber  meinen Werdegang vom sch\u00fcchteren Entwickler zum vielgereisten Coach und  Facilitator erz\u00e4hlt und die wohl meist noch recht junge Kolleginnen und  Kollegen dazu motiviert ihre Karriere ganz im Sinne eines Design  Thinkers selbst in die Hand zu nehmen. <\/p>\n\n\n\n<p>Ich habe mich sehr \u00fcber viel positive Resonanz und eine lebhafte Diskussion nach meiner Vortrag gefreut. <\/p>\n\n\n\n<p>Alles in allem ein wunderbares Wiedersehen und ich freue mich auf weitere Gelegenheiten dazu.<\/p>\n\n\n\n<figure class=\"wp-block-image\"><img loading=\"lazy\" decoding=\"async\" width=\"1018\" height=\"603\" src=\"https:\/\/www.jochenguertler.de\/wp-content\/uploads\/2020\/07\/Bildschirmfoto-2020-07-10-um-10.23.13.png\" alt=\"\" class=\"wp-image-2988\" srcset=\"https:\/\/www.jochenguertler.de\/wp-content\/uploads\/2020\/07\/Bildschirmfoto-2020-07-10-um-10.23.13.png 1018w, https:\/\/www.jochenguertler.de\/wp-content\/uploads\/2020\/07\/Bildschirmfoto-2020-07-10-um-10.23.13-300x178.png 300w, https:\/\/www.jochenguertler.de\/wp-content\/uploads\/2020\/07\/Bildschirmfoto-2020-07-10-um-10.23.13-768x455.png 768w\" sizes=\"auto, (max-width: 1018px) 100vw, 1018px\" \/><figcaption>https:\/\/sapvideoa35699dc5.hana.ondemand.com\/?entry_id=0_s36w2981<\/figcaption><\/figure>\n\n\n\n<p><a href=\"https:\/\/sapvideoa35699dc5.hana.ondemand.com\/?entry_id=0_s36w2981\">https:\/\/sapvideoa35699dc5.hana.ondemand.com\/?entry_id=0_s36w2981<\/a><\/p>\n","protected":false},"excerpt":{"rendered":"<p>In jedem Abschied steckt ja auch ein Wiedersehen, und daher habe ich mich besonders dar\u00fcber gefreut, Anfang Juli zum ersten Mal nach meinem Abschied bei der SAP wieder dortthin zur\u00fcckzukehren &#8211; zumindest virtuell. Auf Einladung von Kathrin Heyd und Isabelle Paul habe ich im Rahmen der SAP ACADEMY FOR ENGINEERING ein wenig \u00fcber meinen Werdegang [&hellip;]<\/p>\n","protected":false},"author":1,"featured_media":2992,"comment_status":"closed","ping_status":"closed","sticky":false,"template":"","format":"standard","meta":{"footnotes":""},"categories":[5],"tags":[27,124,133,36,126],"class_list":["post-2987","post","type-post","status-publish","format-standard","has-post-thumbnail","hentry","category-blog","tag-design-thinking","tag-design-your-life","tag-karriere","tag-sap","tag-vortrag"],"_links":{"self":[{"href":"https:\/\/www.jochenguertler.de\/index.php?rest_route=\/wp\/v2\/posts\/2987","targetHints":{"allow":["GET"]}}],"collection":[{"href":"https:\/\/www.jochenguertler.de\/index.php?rest_route=\/wp\/v2\/posts"}],"about":[{"href":"https:\/\/www.jochenguertler.de\/index.php?rest_route=\/wp\/v2\/types\/post"}],"author":[{"embeddable":true,"href":"https:\/\/www.jochenguertler.de\/index.php?rest_route=\/wp\/v2\/users\/1"}],"replies":[{"embeddable":true,"href":"https:\/\/www.jochenguertler.de\/index.php?rest_route=%2Fwp%2Fv2%2Fcomments&post=2987"}],"version-history":[{"count":0,"href":"https:\/\/www.jochenguertler.de\/index.php?rest_route=\/wp\/v2\/posts\/2987\/revisions"}],"wp:featuredmedia":[{"embeddable":true,"href":"https:\/\/www.jochenguertler.de\/index.php?rest_route=\/wp\/v2\/media\/2992"}],"wp:attachment":[{"href":"https:\/\/www.jochenguertler.de\/index.php?rest_route=%2Fwp%2Fv2%2Fmedia&parent=2987"}],"wp:term":[{"taxonomy":"category","embeddable":true,"href":"https:\/\/www.jochenguertler.de\/index.php?rest_route=%2Fwp%2Fv2%2Fcategories&post=2987"},{"taxonomy":"post_tag","embeddable":true,"href":"https:\/\/www.jochenguertler.de\/index.php?rest_route=%2Fwp%2Fv2%2Ftags&post=2987"}],"curies":[{"name":"wp","href":"https:\/\/api.w.org\/{rel}","templated":true}]}}