{"id":3075,"date":"2021-04-21T10:31:58","date_gmt":"2021-04-21T09:31:58","guid":{"rendered":"http:\/\/www.jochenguertler.de\/?p=3075"},"modified":"2021-04-29T11:23:24","modified_gmt":"2021-04-29T10:23:24","slug":"30-minuten-life-design","status":"publish","type":"post","link":"https:\/\/www.jochenguertler.de\/?p=3075","title":{"rendered":"30 Minuten Life Design"},"content":{"rendered":"\n<p>Zusammen mit <a href=\"https:\/\/ministeriumfuerglueck.de\/\">Gina Sch\u00f6ler<\/a> biete ich mit <strong>redesign YOU<\/strong> (<a href=\"http:\/\/redesign-you.de\">redesign-you.de<\/a>)  schon seit \u00fcber f\u00fcnf Jahren Workshops und Seminare rund um  Lebensgestaltung und Pers\u00f6nlichkeitsentwicklung an. Design Thinking gibt  uns dabei den methodischen Rahmen vor, den wir zusammen mit den  Teilnehmenden schon im Kindergarten, in Maler-Ateliers oder in einer  Finca in s\u00fcdlichen Gefilden mit viel Leben gef\u00fcllt haben.<\/p>\n\n\n\n<p>Und nun nat\u00fcrlich auch in virtuellen Workshop-Reihen beispielsweise f\u00fcr  Sch\u00fclerinnen und Sch\u00fcler, bei denen wir an deren Fragen rund um  Berufswahl und Lebensplanung arbeiten.<\/p>\n\n\n\n<p>Es freut mich sehr, dass  wir nun einige unserer Erfahrungen aus diesen Jahren in einem Buch  zusammenfassen k\u00f6nnen, das passend zum heutigen <strong>&#8222;World Creativity and  Innovation Day\u201c<\/strong> ab sofort bei allen Buchh\u00e4ndern vorbestellbar ist. <\/p>\n\n\n\n<p><a href=\"http:\/\/30-Minuten-Life-Design.de\">30-Minuten-Life-Design.de<\/a><\/p>\n\n\n\n<figure class=\"wp-block-image\"><img loading=\"lazy\" decoding=\"async\" width=\"595\" height=\"595\" src=\"https:\/\/www.jochenguertler.de\/wp-content\/uploads\/2021\/04\/Cover.jpg\" alt=\"\" class=\"wp-image-3076\" srcset=\"https:\/\/www.jochenguertler.de\/wp-content\/uploads\/2021\/04\/Cover.jpg 595w, https:\/\/www.jochenguertler.de\/wp-content\/uploads\/2021\/04\/Cover-150x150.jpg 150w, https:\/\/www.jochenguertler.de\/wp-content\/uploads\/2021\/04\/Cover-300x300.jpg 300w, https:\/\/www.jochenguertler.de\/wp-content\/uploads\/2021\/04\/Cover-100x100.jpg 100w\" sizes=\"auto, (max-width: 595px) 100vw, 595px\" \/><\/figure>\n","protected":false},"excerpt":{"rendered":"<p>Zusammen mit Gina Sch\u00f6ler biete ich mit redesign YOU (redesign-you.de) schon seit \u00fcber f\u00fcnf Jahren Workshops und Seminare rund um Lebensgestaltung und Pers\u00f6nlichkeitsentwicklung an. Design Thinking gibt uns dabei den methodischen Rahmen vor, den wir zusammen mit den Teilnehmenden schon im Kindergarten, in Maler-Ateliers oder in einer Finca in s\u00fcdlichen Gefilden mit viel Leben gef\u00fcllt [&hellip;]<\/p>\n","protected":false},"author":1,"featured_media":0,"comment_status":"closed","ping_status":"closed","sticky":false,"template":"","format":"standard","meta":{"footnotes":""},"categories":[5],"tags":[64,27,124,134,109],"class_list":["post-3075","post","type-post","status-publish","format-standard","hentry","category-blog","tag-buch","tag-design-thinking","tag-design-your-life","tag-life-design","tag-redesign-you"],"_links":{"self":[{"href":"https:\/\/www.jochenguertler.de\/index.php?rest_route=\/wp\/v2\/posts\/3075","targetHints":{"allow":["GET"]}}],"collection":[{"href":"https:\/\/www.jochenguertler.de\/index.php?rest_route=\/wp\/v2\/posts"}],"about":[{"href":"https:\/\/www.jochenguertler.de\/index.php?rest_route=\/wp\/v2\/types\/post"}],"author":[{"embeddable":true,"href":"https:\/\/www.jochenguertler.de\/index.php?rest_route=\/wp\/v2\/users\/1"}],"replies":[{"embeddable":true,"href":"https:\/\/www.jochenguertler.de\/index.php?rest_route=%2Fwp%2Fv2%2Fcomments&post=3075"}],"version-history":[{"count":0,"href":"https:\/\/www.jochenguertler.de\/index.php?rest_route=\/wp\/v2\/posts\/3075\/revisions"}],"wp:attachment":[{"href":"https:\/\/www.jochenguertler.de\/index.php?rest_route=%2Fwp%2Fv2%2Fmedia&parent=3075"}],"wp:term":[{"taxonomy":"category","embeddable":true,"href":"https:\/\/www.jochenguertler.de\/index.php?rest_route=%2Fwp%2Fv2%2Fcategories&post=3075"},{"taxonomy":"post_tag","embeddable":true,"href":"https:\/\/www.jochenguertler.de\/index.php?rest_route=%2Fwp%2Fv2%2Ftags&post=3075"}],"curies":[{"name":"wp","href":"https:\/\/api.w.org\/{rel}","templated":true}]}}