{"id":3140,"date":"2021-07-05T08:46:20","date_gmt":"2021-07-05T07:46:20","guid":{"rendered":"http:\/\/www.jochenguertler.de\/?p=3140"},"modified":"2021-07-05T16:42:11","modified_gmt":"2021-07-05T15:42:11","slug":"begegnung-schafft-wachstum","status":"publish","type":"post","link":"https:\/\/www.jochenguertler.de\/?p=3140","title":{"rendered":"Begegnung schafft Wachstum"},"content":{"rendered":"\n<p>Ganz unabh\u00e4ngig von konkreten Methoden oder \u00dcbungen, gestalten Gina, Miriam, Stefan  und ich unsere redesign YOU Workshops und Seminare basierend auf  Prinzipien, die uns im Laufe der Zeit wichtig geworden sind. Eines  dieser Prinzipien lautet <strong>\u201cBegegnung schafft Wachstum\u201d<\/strong>.<\/p>\n\n\n\n<p>Wir \nbegegnen uns und unseren Teilnehmenden auf Augenh\u00f6he, arbeiten im Team, \nh\u00f6ren uns zu, sind f\u00fcreinander da und tauschen uns aus. Und erleben \ndabei die anderen und oft auch uns selbst auf ganz neue Weise.<\/p>\n\n\n\n<p>Viel  treffender k\u00f6nnte ich den Workshop, den ich an der <strong>PHS Ludwigshafen<\/strong> mit  einer dortigen Abschlussklasse durchgef\u00fchrt habe  nicht beschreiben.  Denn bei aller Zeit f\u00fcr (Selbst-) Reflektion und Raum f\u00fcr kreatives  Ideenspinnen rund um berufliche Zukunft und Lebensplanung stand &#8222;das  sich begegnen&#8220; und der pers\u00f6nliche und offene Austausch der Sch\u00fclerinnen  und Sch\u00fcler untereinander im Mittelpunkt. Vor allem, weil es genau  daf\u00fcr im (virtuellen) Schul-Alltag der letzten Monaten wohl viel zu  wenig Raum gab.<\/p>\n\n\n\n<figure class=\"wp-block-image\"><img loading=\"lazy\" decoding=\"async\" width=\"855\" height=\"408\" src=\"https:\/\/www.jochenguertler.de\/wp-content\/uploads\/2021\/07\/Bildschirmfoto-2021-07-05-um-09.45.14.png\" alt=\"\" class=\"wp-image-3142\" srcset=\"https:\/\/www.jochenguertler.de\/wp-content\/uploads\/2021\/07\/Bildschirmfoto-2021-07-05-um-09.45.14.png 855w, https:\/\/www.jochenguertler.de\/wp-content\/uploads\/2021\/07\/Bildschirmfoto-2021-07-05-um-09.45.14-300x143.png 300w, https:\/\/www.jochenguertler.de\/wp-content\/uploads\/2021\/07\/Bildschirmfoto-2021-07-05-um-09.45.14-768x366.png 768w\" sizes=\"auto, (max-width: 855px) 100vw, 855px\" \/><\/figure>\n\n\n\n<p><a href=\"https:\/\/www.phs-lu.de\/redesign-you-zweitaegiger-orientierungs-workshop-fuer-die-oberstufe-mediengestaltung\/\">Hier<\/a> gibt es einen sch\u00f6nen Bericht \u00fcber den Workshop, sowie ein paar Stimmen der Teilnehmenden:<\/p>\n\n\n\n<p><em>Gabriel: \u201eAlso es war eine echt abwechslungsreiche und \numfangreiche Erfahrung die, so meine ich, uns alle ein wenig hat \nnachdenken lassen und einen neuen Einblick auf die Gedanken unserer \nKlassenkameraden gew\u00e4hrt hat. Ich freue mich schon sehr auf n\u00e4chsten \nDienstag.<\/em><\/p>\n\n\n\n<p><em>Slavica: \u201eHat wirklich Spa\u00df gemacht.\u201c<\/em><\/p>\n\n\n\n<p><em>Ibrahim: \u201eMan hat in der Zeit mehr \u00fcber sich selbst erfahren \nk\u00f6nnen. Die Informationen\/Eigenschaften\/St\u00e4rken \u00fcber uns selbst waren \nvielleicht nicht neu oder etwas was wir nicht wussten. Aber dass man mit\n verschiedenen \u00dcbungen diese Eigenschaften\/St\u00e4rken schriftlich vor sich \nstehen hatte, war schon interessant. Es hat sich auf jeden Fall gelohnt,\n an diesem Workshop teilzunehmen.<\/em><\/p>\n\n\n\n<p><em>Jasmin: \u201eIch finde es hat uns alle etwas mehr zusammengeschwei\u00dft.\n Der Workshop war horizonterweiternd und auf jeden Fall w\u00fcrde ich ihn \nauch weiterempfehlen an andere Klassen. Durch den strukturierten Aufbau \nder einzelnen Aufgabenbereiche, lernt man doch noch einiges \u00fcber sich \nselbst, was man vielleicht noch nicht so direkt vor Augen hatte. War \nsehr gut und es hat Spa\u00df gemacht.\u201c<\/em><\/p>\n\n\n\n<p><em>Adile: \u201eIch fand\u2018s wundersch\u00f6n! Ich hatte mich allgemein mit der \nKlasse schon gut verstanden aber der Workshop hat es noch besser \ngemacht. Eine gr\u00f6\u00dfere Gemeinschaft entstand, man lernte von vielen \nDingen\u2026\u201c<\/em><\/p>\n\n\n\n<p>Mir hat der Workshop wirklich Spass gemacht und ich freue mich auf eine Fortsetzung im n\u00e4chsten Schuljahr.<\/p>\n\n\n\n<p><strong>F\u00fcr unsere Online  Workshop-Serie im Juli gibt es noch ein paar letzte Pl\u00e4tze f\u00fcr  neugierige Sch\u00fclerinnen und Sch\u00fcler. Alles Infos und Anmeldung unter <\/strong><a href=\"http:\/\/redesign-you.de\"><strong>redesign-you.de<\/strong><\/a><strong>.<\/strong><\/p>\n","protected":false},"excerpt":{"rendered":"<p>Ganz unabh\u00e4ngig von konkreten Methoden oder \u00dcbungen, gestalten Gina, Miriam, Stefan und ich unsere redesign YOU Workshops und Seminare basierend auf Prinzipien, die uns im Laufe der Zeit wichtig geworden sind. Eines dieser Prinzipien lautet \u201cBegegnung schafft Wachstum\u201d. Wir begegnen uns und unseren Teilnehmenden auf Augenh\u00f6he, arbeiten im Team, h\u00f6ren uns zu, sind f\u00fcreinander da [&hellip;]<\/p>\n","protected":false},"author":1,"featured_media":0,"comment_status":"closed","ping_status":"closed","sticky":false,"template":"","format":"standard","meta":{"footnotes":""},"categories":[5],"tags":[134,24,109,112,23],"class_list":["post-3140","post","type-post","status-publish","format-standard","hentry","category-blog","tag-life-design","tag-personlichkeitsentwicklung","tag-redesign-you","tag-schule","tag-workshop"],"_links":{"self":[{"href":"https:\/\/www.jochenguertler.de\/index.php?rest_route=\/wp\/v2\/posts\/3140","targetHints":{"allow":["GET"]}}],"collection":[{"href":"https:\/\/www.jochenguertler.de\/index.php?rest_route=\/wp\/v2\/posts"}],"about":[{"href":"https:\/\/www.jochenguertler.de\/index.php?rest_route=\/wp\/v2\/types\/post"}],"author":[{"embeddable":true,"href":"https:\/\/www.jochenguertler.de\/index.php?rest_route=\/wp\/v2\/users\/1"}],"replies":[{"embeddable":true,"href":"https:\/\/www.jochenguertler.de\/index.php?rest_route=%2Fwp%2Fv2%2Fcomments&post=3140"}],"version-history":[{"count":0,"href":"https:\/\/www.jochenguertler.de\/index.php?rest_route=\/wp\/v2\/posts\/3140\/revisions"}],"wp:attachment":[{"href":"https:\/\/www.jochenguertler.de\/index.php?rest_route=%2Fwp%2Fv2%2Fmedia&parent=3140"}],"wp:term":[{"taxonomy":"category","embeddable":true,"href":"https:\/\/www.jochenguertler.de\/index.php?rest_route=%2Fwp%2Fv2%2Fcategories&post=3140"},{"taxonomy":"post_tag","embeddable":true,"href":"https:\/\/www.jochenguertler.de\/index.php?rest_route=%2Fwp%2Fv2%2Ftags&post=3140"}],"curies":[{"name":"wp","href":"https:\/\/api.w.org\/{rel}","templated":true}]}}