{"id":3160,"date":"2021-10-18T12:05:31","date_gmt":"2021-10-18T11:05:31","guid":{"rendered":"http:\/\/www.jochenguertler.de\/?p=3160"},"modified":"2021-10-18T12:06:13","modified_gmt":"2021-10-18T11:06:13","slug":"schoen-bunt-und-am-ende-erfolglos","status":"publish","type":"post","link":"https:\/\/www.jochenguertler.de\/?p=3160","title":{"rendered":"Sch\u00f6n bunt und am Ende erfolglos?"},"content":{"rendered":"\n<p><em>\u201eDesign Thinking \u2013 Sch\u00f6n bunt und am Ende erfolglos?\u201c<\/em> &#8211; unter diesem Titel habe ich im Rahmen der <a href=\"https:\/\/www.agile-clinic.de\/\">Agile Clinic<\/a>  ein wenig aus meinem Design-Thinking-N\u00e4hk\u00e4stchen geplaudert und  Geschichten, Erfahrungen und Erkenntnisse aus \u00fcber 10 Jahren intensiver  Auseinandersetzung in den unterschiedlichsten Kontexten damit geteilt.<\/p>\n\n\n\n<p>4 Punkte sind mir zusammenfassend dabei wichtig gewesen:<\/p>\n\n\n\n<p>*\n Die erfolgreiche Umsetzung von Design Thinking in der \nUnternehmensrealit\u00e4t h\u00e4ngt entscheidend von den Menschen ab, die damit \nbetraut sind. Diese m\u00fcssen breit ausgebildet sein, brauchen ein \nunterst\u00fctzendes Netzwerk und m\u00fcssen als Pers\u00f6nlichkeiten den gew\u00fcnschten\n Kulturwandel vorleben.<\/p>\n\n\n\n<p>* Um Design Thinking aus dem \nWorkshop-Raum in die Unternehmensrealit\u00e4t zu bekommen, braucht es zudem \nrelevante und sichtbare&nbsp;Leuchturmprojekte, die den Nutzen f\u00fcr Kunden, \nMitarbeitende und das Unternehmen aufzeigen.&nbsp;<\/p>\n\n\n\n<p>* Gleichzeitig kann\n Design Thinking nur gelingen, wenn den Teilnehmenden von Workshops, \nTrainings und Projekte aufgezeigt wird, wie Design Thinking im ganz \nallt\u00e4glichen Arbeitsalltag integriert werden kann.<\/p>\n\n\n\n<p>* Last but not\n least muss Design Thinking in andere unternehmensweite Initiativen rund\n um Digitalisierung, Agilit\u00e4t und New Work eingebettet sein.<\/p>\n\n\n\n<p>Ich habe mich \u00fcber den regen Austausch mit den Teilnehmenden und deren sch\u00f6nes Feedback sehr gefreut.<\/p>\n\n\n\n<p><strong>&#8222;Sehr guter, authentischer Vortrag, danke! Tolles Niveau.\u201c<br>&#8222;Es war super spannend! Danke f\u00fcr die praktischen Insights\u201c<br>\u201eWar ein toller Vortrag, man merkt, dass Dein Herz daf\u00fcr brennt\u201c<\/strong><\/p>\n\n\n\n<p>Rundherum ein gelungener Abend in der <a href=\"https:\/\/www.agile-clinic.de\/\">Agile Clinic<\/a>. Danke f\u00fcr die Einladung.<\/p>\n\n\n\n<figure class=\"wp-block-embed-youtube wp-block-embed is-type-video is-provider-youtube wp-embed-aspect-16-9 wp-has-aspect-ratio\"><div class=\"wp-block-embed__wrapper\">\n<iframe loading=\"lazy\" title=\"Meetup: Design Thinking \u2013 sch\u00f6n bunt und am Ende erfolglos?\" width=\"500\" height=\"281\" src=\"https:\/\/www.youtube.com\/embed\/vUMyUfwFegA?feature=oembed\" frameborder=\"0\" allow=\"accelerometer; autoplay; clipboard-write; encrypted-media; gyroscope; picture-in-picture; web-share\" referrerpolicy=\"strict-origin-when-cross-origin\" allowfullscreen><\/iframe>\n<\/div><\/figure>\n","protected":false},"excerpt":{"rendered":"<p>\u201eDesign Thinking \u2013 Sch\u00f6n bunt und am Ende erfolglos?\u201c &#8211; unter diesem Titel habe ich im Rahmen der Agile Clinic ein wenig aus meinem Design-Thinking-N\u00e4hk\u00e4stchen geplaudert und Geschichten, Erfahrungen und Erkenntnisse aus \u00fcber 10 Jahren intensiver Auseinandersetzung in den unterschiedlichsten Kontexten damit geteilt. 4 Punkte sind mir zusammenfassend dabei wichtig gewesen: * Die erfolgreiche Umsetzung [&hellip;]<\/p>\n","protected":false},"author":1,"featured_media":0,"comment_status":"closed","ping_status":"closed","sticky":false,"template":"","format":"standard","meta":{"footnotes":""},"categories":[5],"tags":[150,149,27,151,137,126],"class_list":["post-3160","post","type-post","status-publish","format-standard","hentry","category-blog","tag-agile-transformation","tag-agiles-arbeiten","tag-design-thinking","tag-digitale-transformation","tag-erfahrungsbericht","tag-vortrag"],"_links":{"self":[{"href":"https:\/\/www.jochenguertler.de\/index.php?rest_route=\/wp\/v2\/posts\/3160","targetHints":{"allow":["GET"]}}],"collection":[{"href":"https:\/\/www.jochenguertler.de\/index.php?rest_route=\/wp\/v2\/posts"}],"about":[{"href":"https:\/\/www.jochenguertler.de\/index.php?rest_route=\/wp\/v2\/types\/post"}],"author":[{"embeddable":true,"href":"https:\/\/www.jochenguertler.de\/index.php?rest_route=\/wp\/v2\/users\/1"}],"replies":[{"embeddable":true,"href":"https:\/\/www.jochenguertler.de\/index.php?rest_route=%2Fwp%2Fv2%2Fcomments&post=3160"}],"version-history":[{"count":0,"href":"https:\/\/www.jochenguertler.de\/index.php?rest_route=\/wp\/v2\/posts\/3160\/revisions"}],"wp:attachment":[{"href":"https:\/\/www.jochenguertler.de\/index.php?rest_route=%2Fwp%2Fv2%2Fmedia&parent=3160"}],"wp:term":[{"taxonomy":"category","embeddable":true,"href":"https:\/\/www.jochenguertler.de\/index.php?rest_route=%2Fwp%2Fv2%2Fcategories&post=3160"},{"taxonomy":"post_tag","embeddable":true,"href":"https:\/\/www.jochenguertler.de\/index.php?rest_route=%2Fwp%2Fv2%2Ftags&post=3160"}],"curies":[{"name":"wp","href":"https:\/\/api.w.org\/{rel}","templated":true}]}}