{"id":3181,"date":"2021-12-07T11:42:44","date_gmt":"2021-12-07T10:42:44","guid":{"rendered":"http:\/\/www.jochenguertler.de\/?p=3181"},"modified":"2021-12-07T11:42:44","modified_gmt":"2021-12-07T10:42:44","slug":"virtuelle-workshop-serie-redesign-you-teenager","status":"publish","type":"post","link":"https:\/\/www.jochenguertler.de\/?p=3181","title":{"rendered":"Virtuelle Workshop-Serie redesign YOU Teenager"},"content":{"rendered":"\n<p>Ich freue mich sehr dar\u00fcber, zusammen mit <a href=\"https:\/\/www.linkedin.com\/in\/ACoAABCIIxcBbjaKy3hdZWWXwewdElTF0MEsiiA\">Gina Sch\u00f6ler<\/a>, <a href=\"https:\/\/www.linkedin.com\/in\/ACoAACnfMfgBPpX-Jl-uQFu9nqVhn06P_IVC060\">Miriam Wolfrum<\/a> und <a href=\"https:\/\/www.linkedin.com\/in\/ACoAAAua5icB5rWZt7D2CEvhUFOqXmmPDDKwLEE\">Stefan Jost<\/a>   im Februar 2022 wieder eine virtuelle <a href=\"http:\/\/redesign-you.de\">redesign YOU<\/a> Workshop-Serie f\u00fcr  Sch\u00fclerinnen und Sch\u00fcler rund um Lebensgestaltung und  Berufsorierntierung anbieten zu k\u00f6nnen.<\/p>\n\n\n\n<p>Wir bieten den \nJugendlichen mit diesem Seminar eine au\u00dfergew\u00f6hnliche Herangehensweise \nan, sich mit sich und seinen Fragen zu besch\u00e4ftigen. Wir geben Impulse \nund Anregungen und teilen eigene Erfahrungen, die helfen k\u00f6nnen, sein \n(Berufs-) Leben so zu gestalten, dass es den eigenen pers\u00f6nlichen \nBed\u00fcrfnissen, M\u00f6glichkeiten und Werten entspricht.<\/p>\n\n\n\n<p><strong>Das erwartet die Teilnehmenden: <\/strong><br>\u2022 Abwechslungsreiche und sehr interaktive Workshops<br>\u2022 Zahlreiche Methoden und Inspiration zur Selbstreflexion, Achtsamkeit und Kreativit\u00e4t<br> \u2022 Viel Raum f\u00fcr Austausch mit Gleichaltrigen<br> \u2022 Ein eigenes (Care-)Paket mit umfangreichem Workbook <\/p>\n\n\n\n<p><strong>Was sagen die Teilnehmenden? <\/strong><br>\u201eDas Seminar war super motivierend.\u201c <br>\u201eEs war sehr aufschlussreich, spanndend und es hat Spa\u00df <br>gemacht neue Leute kennenzulernen.\u201c <br>\u201eDas Seminar hat mir geholfen, meine Zukunft besser zu <br>bew\u00e4ltigen.\u201c <br>\u201eEin sehr bereichernder Workshop mit vielen interessanten <br>Menschen ist das!\u201c <br>\u201eKonstruktiv und informativ mit tollen und offenen Menschen.&#8220; <br>\u201eDas Seminar war sehr interessant und hat einen neuen Blick <br>auf einen selbst erm\u00f6glicht.\u201c <br>\u201eSehr hilfreich, gut organisiert und hat echt viel spa\u00df gemacht.\u201c <\/p>\n\n\n\n<p>Dank der tollen Unterst\u00fctzung der <a href=\"https:\/\/www.hopp-foundation.de\/\">Hopp Foundation<\/a> k\u00f6nnen wir diese Workshop-Serie wieder kostenlos anbieten. Danke <a href=\"https:\/\/www.linkedin.com\/in\/ACoAABEOhtoBRI-5MZiOBnOIOXF4Cp5Y9CxRibw\">Gepa H\u00e4usslein<\/a> und <a href=\"https:\/\/www.linkedin.com\/in\/ACoAAAek8W8Blu0fIjoiwJ0Nza9TLxrw9fXSt3w\">Anja Romberger<\/a>.<br>Da  wir mit einer relativ kleinen Gruppe arbeiten, lohnt es sich schnell zu  sein mit der Anmeldung &#8211; denn beim letzten Mal waren die Workshops  ruckzuck ausgebucht.<\/p>\n\n\n\n<p>Weitere Infos, den Flyer und den Link zur Anmeldung gibt es unter <a href=\"http:\/\/redesign-you.de\">redesign-you.de<\/a><\/p>\n","protected":false},"excerpt":{"rendered":"<p>Ich freue mich sehr dar\u00fcber, zusammen mit Gina Sch\u00f6ler, Miriam Wolfrum und Stefan Jost im Februar 2022 wieder eine virtuelle redesign YOU Workshop-Serie f\u00fcr Sch\u00fclerinnen und Sch\u00fcler rund um Lebensgestaltung und Berufsorierntierung anbieten zu k\u00f6nnen. Wir bieten den Jugendlichen mit diesem Seminar eine au\u00dfergew\u00f6hnliche Herangehensweise an, sich mit sich und seinen Fragen zu besch\u00e4ftigen. Wir [&hellip;]<\/p>\n","protected":false},"author":1,"featured_media":3182,"comment_status":"closed","ping_status":"closed","sticky":false,"template":"","format":"standard","meta":{"footnotes":""},"categories":[5,4],"tags":[110,24,109,112,152,23],"class_list":["post-3181","post","type-post","status-publish","format-standard","has-post-thumbnail","hentry","category-blog","category-veranstaltung","tag-gina-schoeler","tag-personlichkeitsentwicklung","tag-redesign-you","tag-schule","tag-virtuelle-veranstaltung","tag-workshop"],"_links":{"self":[{"href":"https:\/\/www.jochenguertler.de\/index.php?rest_route=\/wp\/v2\/posts\/3181","targetHints":{"allow":["GET"]}}],"collection":[{"href":"https:\/\/www.jochenguertler.de\/index.php?rest_route=\/wp\/v2\/posts"}],"about":[{"href":"https:\/\/www.jochenguertler.de\/index.php?rest_route=\/wp\/v2\/types\/post"}],"author":[{"embeddable":true,"href":"https:\/\/www.jochenguertler.de\/index.php?rest_route=\/wp\/v2\/users\/1"}],"replies":[{"embeddable":true,"href":"https:\/\/www.jochenguertler.de\/index.php?rest_route=%2Fwp%2Fv2%2Fcomments&post=3181"}],"version-history":[{"count":0,"href":"https:\/\/www.jochenguertler.de\/index.php?rest_route=\/wp\/v2\/posts\/3181\/revisions"}],"wp:featuredmedia":[{"embeddable":true,"href":"https:\/\/www.jochenguertler.de\/index.php?rest_route=\/wp\/v2\/media\/3182"}],"wp:attachment":[{"href":"https:\/\/www.jochenguertler.de\/index.php?rest_route=%2Fwp%2Fv2%2Fmedia&parent=3181"}],"wp:term":[{"taxonomy":"category","embeddable":true,"href":"https:\/\/www.jochenguertler.de\/index.php?rest_route=%2Fwp%2Fv2%2Fcategories&post=3181"},{"taxonomy":"post_tag","embeddable":true,"href":"https:\/\/www.jochenguertler.de\/index.php?rest_route=%2Fwp%2Fv2%2Ftags&post=3181"}],"curies":[{"name":"wp","href":"https:\/\/api.w.org\/{rel}","templated":true}]}}