{"id":3216,"date":"2022-02-25T12:49:03","date_gmt":"2022-02-25T11:49:03","guid":{"rendered":"https:\/\/www.jochenguertler.de\/?p=3216"},"modified":"2022-02-25T12:49:03","modified_gmt":"2022-02-25T11:49:03","slug":"radikale-innovation-im-wintersemester-2021-22","status":"publish","type":"post","link":"https:\/\/www.jochenguertler.de\/?p=3216","title":{"rendered":"&#8222;Radikale Innovation&#8220; im Wintersemester 2021\/22"},"content":{"rendered":"\n<p>Mit dem dem Ende des aktuellen Wintersemesters geht f\u00fcr mich auch meine erste Veranstaltung als Lehrbeauftrager an der <a href=\"https:\/\/www.linkedin.com\/company\/hochschule-karlsruhe\/\">Hochschule Karlsruhe (HKA) \/ University of Applied Sciences<\/a> zu Ende.<br><br>Zusammen mit unserem Projektpartner <a href=\"https:\/\/www.linkedin.com\/company\/mazars\/\">Mazars<\/a> und der tollen Unters\u00fctzung durch <a href=\"https:\/\/www.linkedin.com\/in\/ACoAACf57IQBFbeIrvfussxSF81A1YBLBNI8Wn4\">Alexander Nitzschke<\/a> und <a href=\"https:\/\/www.linkedin.com\/in\/ACoAADn4GDQBt9wwf6fWBhXyOR9o9Xijhvlqn6c\">Korbinian K.<\/a> haben sich die Studierenden in drei Teams \u00fcber die zuk\u00fcnftige Existenzberichtigung von Wirtschaftspr\u00fcfungsunternehmen Gedanken gemacht und sehr unterschiedliche und allesamt radikale Ideen und L\u00f6sungen entwickelt.<br><br>Besonders gefreut hat es mich, zu sehen, wie sich die L\u00f6sungen von Meilenstein zu Meilenstein weiterentwickelt haben, und sich die Studierenden auch nicht davor gescheut habe, erste Ideen wieder zu verwerfen und &#8222;von Vorne&#8220; anzufangen.<br><br>Das Feedback der Studierenden zum Schluss bildet f\u00fcr mich das tolle Sahneh\u00e4ubchen:<br><br>&#8222;Ich fande die Kombination aus MOOC-Kurs und dem praktischen Ansatz sehr spannend. Behaltet euch die Motivation und Begeisterung bei.&#8220;<br><br>&#8222;&#8218;Get out of the building&#8216; nicht nur in Theorie sondern praktisch umgesetzt, nicht mit einem Fallbeispiel, sondern mit echten Problemen, echten Firmen und echten L\u00f6sungen. Eines der Highlights des ersten Semesters. Sehr lebendige und praxisorientierte Vorlesung.&#8220;<br><br>&#8222;Die Exkursion nach Berlin war der Hammer. Ich habe gelernt, komplexe Inhalte einfach zu erkl\u00e4ren und freier zu pitchen. Es war eine gute \u00dcbung in einem Team selbstst\u00e4ndig zu arbeiten. Die Veranstaltung w\u00fcrde ich definitiv weiter empfehlen, je nachdem, welches Thema das n\u00e4chste Mal bearbeitet wird.&#8220;<br><br>Danke an dieser Stelle an <a href=\"https:\/\/www.linkedin.com\/in\/ACoAACGmsIEBggZlti1JE1M8TmnVASFIINJOtIs\">Roman<\/a>, <a href=\"https:\/\/www.linkedin.com\/in\/ACoAAB_6b6YBSVxnwFu-FD97Rm4QQKsJQBQSq3U\">Jakob<\/a> und <a href=\"https:\/\/www.linkedin.com\/in\/ACoAAB_aT74Bns2vPVndWch3bx4mWI4Ce0nRoaU\">Laura<\/a> f\u00fcr die tolle Zusammenarbeit im <a href=\"https:\/\/www.linkedin.com\/company\/xlab-center\/\">xLab<\/a> Team und nat\u00fcrlich auch an <a href=\"https:\/\/www.linkedin.com\/in\/ACoAAAHQMdwBU7lB9gI_NOVgr8XXyu9AUVUhgu0\">Carsten<\/a> f\u00fcr die M\u00f6glichkeit quasi &#8222;vor meiner Haust\u00fcr&#8220; als Lehrbeauftrager t\u00e4tig zu sein.<br><br>Ich freue mich auf weitere spannende Semester und Veranstaltungen.<\/p>\n\n\n\n<figure class=\"wp-block-image size-large\"><a href=\"https:\/\/www.jochenguertler.de\/wp-content\/uploads\/2022\/02\/8549af1cfc2b341a2d94b02ff8c5b966.jpg\"><img loading=\"lazy\" decoding=\"async\" width=\"1024\" height=\"1024\" src=\"https:\/\/www.jochenguertler.de\/wp-content\/uploads\/2022\/02\/8549af1cfc2b341a2d94b02ff8c5b966-1024x1024.jpg\" alt=\"\" class=\"wp-image-3218\" srcset=\"https:\/\/www.jochenguertler.de\/wp-content\/uploads\/2022\/02\/8549af1cfc2b341a2d94b02ff8c5b966-1024x1024.jpg 1024w, https:\/\/www.jochenguertler.de\/wp-content\/uploads\/2022\/02\/8549af1cfc2b341a2d94b02ff8c5b966-300x300.jpg 300w, https:\/\/www.jochenguertler.de\/wp-content\/uploads\/2022\/02\/8549af1cfc2b341a2d94b02ff8c5b966-150x150.jpg 150w, https:\/\/www.jochenguertler.de\/wp-content\/uploads\/2022\/02\/8549af1cfc2b341a2d94b02ff8c5b966-768x768.jpg 768w, https:\/\/www.jochenguertler.de\/wp-content\/uploads\/2022\/02\/8549af1cfc2b341a2d94b02ff8c5b966-100x100.jpg 100w, https:\/\/www.jochenguertler.de\/wp-content\/uploads\/2022\/02\/8549af1cfc2b341a2d94b02ff8c5b966.jpg 1080w\" sizes=\"auto, (max-width: 1024px) 100vw, 1024px\" \/><\/a><\/figure>\n","protected":false},"excerpt":{"rendered":"<p>Mit dem dem Ende des aktuellen Wintersemesters geht f\u00fcr mich auch meine erste Veranstaltung als Lehrbeauftrager an der Hochschule Karlsruhe (HKA) \/ University of Applied Sciences zu Ende. Zusammen mit unserem Projektpartner Mazars und der tollen Unters\u00fctzung durch Alexander Nitzschke und Korbinian K. haben sich die Studierenden in drei Teams \u00fcber die zuk\u00fcnftige Existenzberichtigung von [&hellip;]<\/p>\n","protected":false},"author":1,"featured_media":0,"comment_status":"closed","ping_status":"closed","sticky":false,"template":"","format":"standard","meta":{"footnotes":""},"categories":[5],"tags":[157,26,44,51,156],"class_list":["post-3216","post","type-post","status-publish","format-standard","hentry","category-blog","tag-hochschule","tag-innovation","tag-karlsruhe","tag-lehre","tag-vorlesung"],"_links":{"self":[{"href":"https:\/\/www.jochenguertler.de\/index.php?rest_route=\/wp\/v2\/posts\/3216","targetHints":{"allow":["GET"]}}],"collection":[{"href":"https:\/\/www.jochenguertler.de\/index.php?rest_route=\/wp\/v2\/posts"}],"about":[{"href":"https:\/\/www.jochenguertler.de\/index.php?rest_route=\/wp\/v2\/types\/post"}],"author":[{"embeddable":true,"href":"https:\/\/www.jochenguertler.de\/index.php?rest_route=\/wp\/v2\/users\/1"}],"replies":[{"embeddable":true,"href":"https:\/\/www.jochenguertler.de\/index.php?rest_route=%2Fwp%2Fv2%2Fcomments&post=3216"}],"version-history":[{"count":0,"href":"https:\/\/www.jochenguertler.de\/index.php?rest_route=\/wp\/v2\/posts\/3216\/revisions"}],"wp:attachment":[{"href":"https:\/\/www.jochenguertler.de\/index.php?rest_route=%2Fwp%2Fv2%2Fmedia&parent=3216"}],"wp:term":[{"taxonomy":"category","embeddable":true,"href":"https:\/\/www.jochenguertler.de\/index.php?rest_route=%2Fwp%2Fv2%2Fcategories&post=3216"},{"taxonomy":"post_tag","embeddable":true,"href":"https:\/\/www.jochenguertler.de\/index.php?rest_route=%2Fwp%2Fv2%2Ftags&post=3216"}],"curies":[{"name":"wp","href":"https:\/\/api.w.org\/{rel}","templated":true}]}}