{"id":3248,"date":"2022-07-28T10:14:04","date_gmt":"2022-07-28T09:14:04","guid":{"rendered":"https:\/\/www.jochenguertler.de\/?p=3248"},"modified":"2022-07-28T10:14:04","modified_gmt":"2022-07-28T09:14:04","slug":"kreativitaet-machen-lachen","status":"publish","type":"post","link":"https:\/\/www.jochenguertler.de\/?p=3248","title":{"rendered":"Kreativit\u00e4t, Machen, Lachen"},"content":{"rendered":"\n<p><strong>\u201eKreativit\u00e4t, Machen, Lachen\u201c<\/strong> \u2013 oder kurz KML. Das war der Namen eines Teams an einer Gemeinschaftsschule, an dem ich vor einigen Wochen einen Design-Thinking-Workshop durchgef\u00fchrt habe.<br>Und viel besser kann ich selbst nicht beschreiben, was ich den Jungs und M\u00e4dels an solchen Tagen vermitteln m\u00f6chte: das (Wieder-) Entdecken der eigenen Kreativit\u00e4t und das Vertrauen darauf, den Spa\u00df am gemeinsamen Machen und Gestalten. Und das Ganze nat\u00fcrlich garniert mit m\u00f6glichst viel Lachen!<br>\u00a0<br><strong>In den \u00fcber 20 Workshops, die ich dieses Jahr schon an den unterschiedlichsten Schulen durchf\u00fchren konnte, ist mir das mal mehr und mal weniger gelungen. Grund genug ein paar meiner Erkenntnisse, den einen oder anderen konkreten Tip und einige meiner Lieblingsmethoden aufzuschreiben und zu teilen finde ich &#8211; <a href=\"https:\/\/www.linkedin.com\/feed\/update\/urn:li:ugcPost:6958347428181770241?updateEntityUrn=urn%3Ali%3Afs_updateV2%3A%28urn%3Ali%3AugcPost%3A6958347428181770241%2CFEED_DETAIL%2CEMPTY%2CDEFAULT%2Cfalse%29\">here we go <\/a>und ich w\u00fcnsche viel Spass beim Lesen!<\/strong><\/p>\n\n\n\n<figure class=\"wp-block-image size-large is-style-default\"><a href=\"https:\/\/www.jochenguertler.de\/wp-content\/uploads\/2022\/07\/D33D293E-03F9-40CD-A7DE-6E2C706CCF99-scaled.jpg\"><img loading=\"lazy\" decoding=\"async\" width=\"1024\" height=\"1024\" src=\"https:\/\/www.jochenguertler.de\/wp-content\/uploads\/2022\/07\/D33D293E-03F9-40CD-A7DE-6E2C706CCF99-1024x1024.jpg\" alt=\"\" class=\"wp-image-3250\" srcset=\"https:\/\/www.jochenguertler.de\/wp-content\/uploads\/2022\/07\/D33D293E-03F9-40CD-A7DE-6E2C706CCF99-1024x1024.jpg 1024w, https:\/\/www.jochenguertler.de\/wp-content\/uploads\/2022\/07\/D33D293E-03F9-40CD-A7DE-6E2C706CCF99-300x300.jpg 300w, https:\/\/www.jochenguertler.de\/wp-content\/uploads\/2022\/07\/D33D293E-03F9-40CD-A7DE-6E2C706CCF99-150x150.jpg 150w, https:\/\/www.jochenguertler.de\/wp-content\/uploads\/2022\/07\/D33D293E-03F9-40CD-A7DE-6E2C706CCF99-768x768.jpg 768w, https:\/\/www.jochenguertler.de\/wp-content\/uploads\/2022\/07\/D33D293E-03F9-40CD-A7DE-6E2C706CCF99-1536x1536.jpg 1536w, https:\/\/www.jochenguertler.de\/wp-content\/uploads\/2022\/07\/D33D293E-03F9-40CD-A7DE-6E2C706CCF99-2048x2048.jpg 2048w, https:\/\/www.jochenguertler.de\/wp-content\/uploads\/2022\/07\/D33D293E-03F9-40CD-A7DE-6E2C706CCF99-100x100.jpg 100w\" sizes=\"auto, (max-width: 1024px) 100vw, 1024px\" \/><\/a><\/figure>\n","protected":false},"excerpt":{"rendered":"<p>\u201eKreativit\u00e4t, Machen, Lachen\u201c \u2013 oder kurz KML. Das war der Namen eines Teams an einer Gemeinschaftsschule, an dem ich vor einigen Wochen einen Design-Thinking-Workshop durchgef\u00fchrt habe.Und viel besser kann ich selbst nicht beschreiben, was ich den Jungs und M\u00e4dels an solchen Tagen vermitteln m\u00f6chte: das (Wieder-) Entdecken der eigenen Kreativit\u00e4t und das Vertrauen darauf, den [&hellip;]<\/p>\n","protected":false},"author":1,"featured_media":0,"comment_status":"closed","ping_status":"closed","sticky":false,"template":"","format":"standard","meta":{"footnotes":""},"categories":[5],"tags":[27,162,28,109,112,23],"class_list":["post-3248","post","type-post","status-publish","format-standard","hentry","category-blog","tag-design-thinking","tag-einfachmalmachen","tag-kreativitaet","tag-redesign-you","tag-schule","tag-workshop"],"_links":{"self":[{"href":"https:\/\/www.jochenguertler.de\/index.php?rest_route=\/wp\/v2\/posts\/3248","targetHints":{"allow":["GET"]}}],"collection":[{"href":"https:\/\/www.jochenguertler.de\/index.php?rest_route=\/wp\/v2\/posts"}],"about":[{"href":"https:\/\/www.jochenguertler.de\/index.php?rest_route=\/wp\/v2\/types\/post"}],"author":[{"embeddable":true,"href":"https:\/\/www.jochenguertler.de\/index.php?rest_route=\/wp\/v2\/users\/1"}],"replies":[{"embeddable":true,"href":"https:\/\/www.jochenguertler.de\/index.php?rest_route=%2Fwp%2Fv2%2Fcomments&post=3248"}],"version-history":[{"count":0,"href":"https:\/\/www.jochenguertler.de\/index.php?rest_route=\/wp\/v2\/posts\/3248\/revisions"}],"wp:attachment":[{"href":"https:\/\/www.jochenguertler.de\/index.php?rest_route=%2Fwp%2Fv2%2Fmedia&parent=3248"}],"wp:term":[{"taxonomy":"category","embeddable":true,"href":"https:\/\/www.jochenguertler.de\/index.php?rest_route=%2Fwp%2Fv2%2Fcategories&post=3248"},{"taxonomy":"post_tag","embeddable":true,"href":"https:\/\/www.jochenguertler.de\/index.php?rest_route=%2Fwp%2Fv2%2Ftags&post=3248"}],"curies":[{"name":"wp","href":"https:\/\/api.w.org\/{rel}","templated":true}]}}