{"id":3253,"date":"2022-10-13T11:09:38","date_gmt":"2022-10-13T10:09:38","guid":{"rendered":"https:\/\/www.jochenguertler.de\/?p=3253"},"modified":"2022-10-17T08:22:12","modified_gmt":"2022-10-17T07:22:12","slug":"auf-ins-neue-wintersemester","status":"publish","type":"post","link":"https:\/\/www.jochenguertler.de\/?p=3253","title":{"rendered":"Auf ins neue Wintersemester"},"content":{"rendered":"\n<p>Ich freue mich sehr auch im gerade gestarteten Wintersemester wieder zwei spannende Vorlesungen an der <a href=\"https:\/\/www.thi.de\/\"><strong>Technische Hochschule Ingolstadt<\/strong><\/a> und der <a href=\"https:\/\/www.h-ka.de\/\"><strong>Hochschule Karlsruhe (HKA<\/strong>)<\/a> rund um agiles und kreatives Arbeiten begleiten zu d\u00fcrfen.<br><br>Im Rahmen der Veranstaltung <a href=\"https:\/\/xlab.center\/formate\/radikale-innovation\/\"><strong>&#8222;Radikale Innovation&#8220; <\/strong><\/a>werde ich mit den 20 Studierenden zusammen mit der <strong>Diakonie Deutschland<\/strong>, unserem diesj\u00e4hrigen Projektparter, an m\u00f6glichst radikalen Ideen und Innovationsimpulsen rund um die grosse Herausforderung des Fachkr\u00e4ftemangels gerade in den sozialen Berufen arbeiten.<br>Ich freue mich auf spannende Wochen und viel Austausch mit den Studierenden und den Vertreter*innen der Diakonie.<br><br>Das Kick-Off letzte Woche im tollen <strong><a href=\"https:\/\/www.triangel.space\/\">TRIANGEL Open Space<\/a><\/strong> direkt am Karlsruher Kronenplatz war f\u00fcr uns alle auf jeden Fall ein sehr gelungener Start! Ein grosses Dankesch\u00f6n an <a href=\"https:\/\/www.linkedin.com\/in\/ACoAABGUIAoBFCMZixXW-Uv7g6cdlBlZ70MSsrs\">Manuel K\u00f6cher<\/a> f\u00fcr diese M\u00f6glichkeit, mal &#8222;raus&#8220; zu kommen aus dem Vorlesungssaal.<\/p>\n\n\n\n<figure class=\"wp-block-image size-large is-style-default\"><a href=\"https:\/\/www.jochenguertler.de\/wp-content\/uploads\/2022\/10\/C071F614-9041-4C5B-A772-D3F327F54A32.jpg\"><img loading=\"lazy\" decoding=\"async\" width=\"1024\" height=\"1024\" src=\"https:\/\/www.jochenguertler.de\/wp-content\/uploads\/2022\/10\/C071F614-9041-4C5B-A772-D3F327F54A32-1024x1024.jpg\" alt=\"\" class=\"wp-image-3254\" srcset=\"https:\/\/www.jochenguertler.de\/wp-content\/uploads\/2022\/10\/C071F614-9041-4C5B-A772-D3F327F54A32-1024x1024.jpg 1024w, https:\/\/www.jochenguertler.de\/wp-content\/uploads\/2022\/10\/C071F614-9041-4C5B-A772-D3F327F54A32-300x300.jpg 300w, https:\/\/www.jochenguertler.de\/wp-content\/uploads\/2022\/10\/C071F614-9041-4C5B-A772-D3F327F54A32-150x150.jpg 150w, https:\/\/www.jochenguertler.de\/wp-content\/uploads\/2022\/10\/C071F614-9041-4C5B-A772-D3F327F54A32-768x768.jpg 768w, https:\/\/www.jochenguertler.de\/wp-content\/uploads\/2022\/10\/C071F614-9041-4C5B-A772-D3F327F54A32-100x100.jpg 100w, https:\/\/www.jochenguertler.de\/wp-content\/uploads\/2022\/10\/C071F614-9041-4C5B-A772-D3F327F54A32.jpg 1200w\" sizes=\"auto, (max-width: 1024px) 100vw, 1024px\" \/><\/a><\/figure>\n","protected":false},"excerpt":{"rendered":"<p>Ich freue mich sehr auch im gerade gestarteten Wintersemester wieder zwei spannende Vorlesungen an der Technische Hochschule Ingolstadt und der Hochschule Karlsruhe (HKA) rund um agiles und kreatives Arbeiten begleiten zu d\u00fcrfen. Im Rahmen der Veranstaltung &#8222;Radikale Innovation&#8220; werde ich mit den 20 Studierenden zusammen mit der Diakonie Deutschland, unserem diesj\u00e4hrigen Projektparter, an m\u00f6glichst radikalen [&hellip;]<\/p>\n","protected":false},"author":1,"featured_media":0,"comment_status":"closed","ping_status":"closed","sticky":false,"template":"","format":"standard","meta":{"footnotes":""},"categories":[5],"tags":[157,26,28,51,23],"class_list":["post-3253","post","type-post","status-publish","format-standard","hentry","category-blog","tag-hochschule","tag-innovation","tag-kreativitaet","tag-lehre","tag-workshop"],"_links":{"self":[{"href":"https:\/\/www.jochenguertler.de\/index.php?rest_route=\/wp\/v2\/posts\/3253","targetHints":{"allow":["GET"]}}],"collection":[{"href":"https:\/\/www.jochenguertler.de\/index.php?rest_route=\/wp\/v2\/posts"}],"about":[{"href":"https:\/\/www.jochenguertler.de\/index.php?rest_route=\/wp\/v2\/types\/post"}],"author":[{"embeddable":true,"href":"https:\/\/www.jochenguertler.de\/index.php?rest_route=\/wp\/v2\/users\/1"}],"replies":[{"embeddable":true,"href":"https:\/\/www.jochenguertler.de\/index.php?rest_route=%2Fwp%2Fv2%2Fcomments&post=3253"}],"version-history":[{"count":0,"href":"https:\/\/www.jochenguertler.de\/index.php?rest_route=\/wp\/v2\/posts\/3253\/revisions"}],"wp:attachment":[{"href":"https:\/\/www.jochenguertler.de\/index.php?rest_route=%2Fwp%2Fv2%2Fmedia&parent=3253"}],"wp:term":[{"taxonomy":"category","embeddable":true,"href":"https:\/\/www.jochenguertler.de\/index.php?rest_route=%2Fwp%2Fv2%2Fcategories&post=3253"},{"taxonomy":"post_tag","embeddable":true,"href":"https:\/\/www.jochenguertler.de\/index.php?rest_route=%2Fwp%2Fv2%2Ftags&post=3253"}],"curies":[{"name":"wp","href":"https:\/\/api.w.org\/{rel}","templated":true}]}}