{"id":3256,"date":"2022-10-17T08:21:25","date_gmt":"2022-10-17T07:21:25","guid":{"rendered":"https:\/\/www.jochenguertler.de\/?p=3256"},"modified":"2022-10-17T08:21:25","modified_gmt":"2022-10-17T07:21:25","slug":"zukunftskompetenzen-erlebbar-machen","status":"publish","type":"post","link":"https:\/\/www.jochenguertler.de\/?p=3256","title":{"rendered":"Zukunftskompetenzen erlebbar machen"},"content":{"rendered":"\n<p>Letzte Woche hatte ich das Vergn\u00fcgen auf Einladung der Deutschen Kinder- und Jugendstiftung beim Fachtag <strong>&#8222;Stark f\u00fcrs Leben. Zukunftskompetenzen an Schule f\u00f6rdern&#8220; <\/strong>in Potsdam dabei zu sein.<br><br>Neben spannenden Gedanken von <a href=\"https:\/\/www.linkedin.com\/in\/ACoAADHJYAkBDxFYzvWgSxEhkYGZzlJy-cvfVWw\">Myrle Dziak-Mahler<\/a> am Vormittag, habe ich am Nachmittag in zwei Workshops gemeinsam mit den Teilnehmenden mehrere &#8222;Future Skills Moments&#8220; entwickelt: kurze \u00dcbungen und Impulse, mit denen unterschiedliche Zukunftskompetenzen im Unterricht erlebbar gemacht werden k\u00f6nnen. <strong>Wer weiss, vielleicht wird daraus im n\u00e4chsten Schritt eine ganze Toolbox f\u00fcr Lehrerinnen und Lehrer.<\/strong><\/p>\n\n\n\n<figure class=\"wp-block-image size-full is-style-default\"><a href=\"https:\/\/www.jochenguertler.de\/wp-content\/uploads\/2022\/10\/522da71adf0bf038aca3d22c492a1f3f.jpg\"><img loading=\"lazy\" decoding=\"async\" width=\"595\" height=\"595\" src=\"https:\/\/www.jochenguertler.de\/wp-content\/uploads\/2022\/10\/522da71adf0bf038aca3d22c492a1f3f.jpg\" alt=\"\" class=\"wp-image-3257\" srcset=\"https:\/\/www.jochenguertler.de\/wp-content\/uploads\/2022\/10\/522da71adf0bf038aca3d22c492a1f3f.jpg 595w, https:\/\/www.jochenguertler.de\/wp-content\/uploads\/2022\/10\/522da71adf0bf038aca3d22c492a1f3f-300x300.jpg 300w, https:\/\/www.jochenguertler.de\/wp-content\/uploads\/2022\/10\/522da71adf0bf038aca3d22c492a1f3f-150x150.jpg 150w, https:\/\/www.jochenguertler.de\/wp-content\/uploads\/2022\/10\/522da71adf0bf038aca3d22c492a1f3f-100x100.jpg 100w\" sizes=\"auto, (max-width: 595px) 100vw, 595px\" \/><\/a><\/figure>\n","protected":false},"excerpt":{"rendered":"<p>Letzte Woche hatte ich das Vergn\u00fcgen auf Einladung der Deutschen Kinder- und Jugendstiftung beim Fachtag &#8222;Stark f\u00fcrs Leben. Zukunftskompetenzen an Schule f\u00f6rdern&#8220; in Potsdam dabei zu sein. Neben spannenden Gedanken von Myrle Dziak-Mahler am Vormittag, habe ich am Nachmittag in zwei Workshops gemeinsam mit den Teilnehmenden mehrere &#8222;Future Skills Moments&#8220; entwickelt: kurze \u00dcbungen und Impulse, [&hellip;]<\/p>\n","protected":false},"author":1,"featured_media":0,"comment_status":"closed","ping_status":"closed","sticky":false,"template":"","format":"standard","meta":{"footnotes":""},"categories":[5],"tags":[112,23,158],"class_list":["post-3256","post","type-post","status-publish","format-standard","hentry","category-blog","tag-schule","tag-workshop","tag-zukunftskompetenzen"],"_links":{"self":[{"href":"https:\/\/www.jochenguertler.de\/index.php?rest_route=\/wp\/v2\/posts\/3256","targetHints":{"allow":["GET"]}}],"collection":[{"href":"https:\/\/www.jochenguertler.de\/index.php?rest_route=\/wp\/v2\/posts"}],"about":[{"href":"https:\/\/www.jochenguertler.de\/index.php?rest_route=\/wp\/v2\/types\/post"}],"author":[{"embeddable":true,"href":"https:\/\/www.jochenguertler.de\/index.php?rest_route=\/wp\/v2\/users\/1"}],"replies":[{"embeddable":true,"href":"https:\/\/www.jochenguertler.de\/index.php?rest_route=%2Fwp%2Fv2%2Fcomments&post=3256"}],"version-history":[{"count":0,"href":"https:\/\/www.jochenguertler.de\/index.php?rest_route=\/wp\/v2\/posts\/3256\/revisions"}],"wp:attachment":[{"href":"https:\/\/www.jochenguertler.de\/index.php?rest_route=%2Fwp%2Fv2%2Fmedia&parent=3256"}],"wp:term":[{"taxonomy":"category","embeddable":true,"href":"https:\/\/www.jochenguertler.de\/index.php?rest_route=%2Fwp%2Fv2%2Fcategories&post=3256"},{"taxonomy":"post_tag","embeddable":true,"href":"https:\/\/www.jochenguertler.de\/index.php?rest_route=%2Fwp%2Fv2%2Ftags&post=3256"}],"curies":[{"name":"wp","href":"https:\/\/api.w.org\/{rel}","templated":true}]}}