{"id":3262,"date":"2023-01-26T15:03:26","date_gmt":"2023-01-26T14:03:26","guid":{"rendered":"https:\/\/www.jochenguertler.de\/?p=3262"},"modified":"2023-01-26T15:03:26","modified_gmt":"2023-01-26T14:03:26","slug":"redesign-you-geht-in-die-naechste-runde","status":"publish","type":"post","link":"https:\/\/www.jochenguertler.de\/?p=3262","title":{"rendered":"redesign YOU geht in die n\u00e4chste Runde"},"content":{"rendered":"\n<p>Meine Workshop-Saison 2023 hat diese Woche mit gleich drei <strong><a href=\"http:\/\/redesign-you.de\">redesign YOU<\/a><\/strong> Workshop-Tagen an zwei Gymnasien begonnen.<br><br>Zusammen mit <a href=\"https:\/\/ministeriumfuerglueck.de\/\"><strong>Gina<\/strong><\/a> habe ich mich mit \u00fcber 30 Sch\u00fclerinnen und Sch\u00fclern mit deren Fragen rund um eine gute und erf\u00fcllende Lebensgestaltung besch\u00e4ftigt.<br><br>Viel Austausch miteinander in den unterschiedlichsten Gruppen(-gr\u00f6\u00dfen), Momente der Stille, kreatives Arbeiten mit den H\u00e4nden, wilde Ideen spinnen, stille Reflektion und ganz viel Spass und Lachen &#8211; das sind die Zutaten zu unseren Schul-Workshops, und ich freue mich sehr, dass die Jugendlichen wieder sehr viel Impulse und Anregungen mitnehmen konnten.<br><br>Hier ein paar Gedanken am Ende des Workshops:<br><br>* Der Workshop war ein wundersch\u00f6nes Erlebnis, welches mir noch lange im Ged\u00e4chtnis blieben wird<br>* Mega M\u00e4\u00dfig! Hat mir sehr viel Spass gemacht und ihr Zwei wart einfach Zucker!<br>* Der Workshop war f\u00fcr mich hilfreich, da ich mich besser kennenlernen konnte und nun auch ein besseres Selbstwertgef\u00fchl habe \ud83d\ude42<br>* Ich konnte viel \u00fcber mich lernen und habe auch \u00fcber Dinge nachgedacht, \u00fcber die ich sonst nicht nachgedacht habe.<br>* Extrem hilfreich Sachen \u00fcber mich zu lernen und mich besser zu verstehen.<br>* Ein grosser Schritt, bei dem ich gelernt habe, wie wichtig es ist mit anderen mehr zu kommunzieren.<br>* Der Workshop war interessant, eine Auszeit von der Schule, gut gestaltet und inspirierend.<br><br>Danke an die <strong><a href=\"https:\/\/www.hopp-foundation.de\/\">Hopp Foundation<\/a><\/strong> und <strong>Gepa H\u00e4usslein<\/strong> f\u00fcr die mittlerweile langj\u00e4hrige Unterst\u00fctzung, ohne die solche Workshops wohl nicht m\u00f6glich w\u00e4ren.<br><br><strong>Am Ende gibt es immer eine &#8222;warme Dusche&#8220; &#8211; und auch da habe mich \u00fcber viel sch\u00f6nes Feedback gefreut \ud83d\ude42<\/strong><\/p>\n\n\n\n<figure class=\"wp-block-image size-large is-style-default\"><a href=\"https:\/\/www.jochenguertler.de\/wp-content\/uploads\/2023\/01\/IMG_1746-scaled.jpg\"><img loading=\"lazy\" decoding=\"async\" width=\"1024\" height=\"768\" src=\"https:\/\/www.jochenguertler.de\/wp-content\/uploads\/2023\/01\/IMG_1746-1024x768.jpg\" alt=\"\" class=\"wp-image-3263\" srcset=\"https:\/\/www.jochenguertler.de\/wp-content\/uploads\/2023\/01\/IMG_1746-1024x768.jpg 1024w, https:\/\/www.jochenguertler.de\/wp-content\/uploads\/2023\/01\/IMG_1746-300x225.jpg 300w, https:\/\/www.jochenguertler.de\/wp-content\/uploads\/2023\/01\/IMG_1746-768x576.jpg 768w, https:\/\/www.jochenguertler.de\/wp-content\/uploads\/2023\/01\/IMG_1746-1536x1152.jpg 1536w, https:\/\/www.jochenguertler.de\/wp-content\/uploads\/2023\/01\/IMG_1746-2048x1536.jpg 2048w\" sizes=\"auto, (max-width: 1024px) 100vw, 1024px\" \/><\/a><\/figure>\n","protected":false},"excerpt":{"rendered":"<p>Meine Workshop-Saison 2023 hat diese Woche mit gleich drei redesign YOU Workshop-Tagen an zwei Gymnasien begonnen. Zusammen mit Gina habe ich mich mit \u00fcber 30 Sch\u00fclerinnen und Sch\u00fclern mit deren Fragen rund um eine gute und erf\u00fcllende Lebensgestaltung besch\u00e4ftigt. Viel Austausch miteinander in den unterschiedlichsten Gruppen(-gr\u00f6\u00dfen), Momente der Stille, kreatives Arbeiten mit den H\u00e4nden, wilde [&hellip;]<\/p>\n","protected":false},"author":1,"featured_media":0,"comment_status":"closed","ping_status":"closed","sticky":false,"template":"","format":"standard","meta":{"footnotes":""},"categories":[5],"tags":[],"class_list":["post-3262","post","type-post","status-publish","format-standard","hentry","category-blog"],"_links":{"self":[{"href":"https:\/\/www.jochenguertler.de\/index.php?rest_route=\/wp\/v2\/posts\/3262","targetHints":{"allow":["GET"]}}],"collection":[{"href":"https:\/\/www.jochenguertler.de\/index.php?rest_route=\/wp\/v2\/posts"}],"about":[{"href":"https:\/\/www.jochenguertler.de\/index.php?rest_route=\/wp\/v2\/types\/post"}],"author":[{"embeddable":true,"href":"https:\/\/www.jochenguertler.de\/index.php?rest_route=\/wp\/v2\/users\/1"}],"replies":[{"embeddable":true,"href":"https:\/\/www.jochenguertler.de\/index.php?rest_route=%2Fwp%2Fv2%2Fcomments&post=3262"}],"version-history":[{"count":0,"href":"https:\/\/www.jochenguertler.de\/index.php?rest_route=\/wp\/v2\/posts\/3262\/revisions"}],"wp:attachment":[{"href":"https:\/\/www.jochenguertler.de\/index.php?rest_route=%2Fwp%2Fv2%2Fmedia&parent=3262"}],"wp:term":[{"taxonomy":"category","embeddable":true,"href":"https:\/\/www.jochenguertler.de\/index.php?rest_route=%2Fwp%2Fv2%2Fcategories&post=3262"},{"taxonomy":"post_tag","embeddable":true,"href":"https:\/\/www.jochenguertler.de\/index.php?rest_route=%2Fwp%2Fv2%2Ftags&post=3262"}],"curies":[{"name":"wp","href":"https:\/\/api.w.org\/{rel}","templated":true}]}}