{"id":3273,"date":"2023-02-09T12:04:09","date_gmt":"2023-02-09T11:04:09","guid":{"rendered":"https:\/\/www.jochenguertler.de\/?p=3273"},"modified":"2023-02-09T12:04:09","modified_gmt":"2023-02-09T11:04:09","slug":"ein-trialog-zum-abschluss-des-wintersemesters","status":"publish","type":"post","link":"https:\/\/www.jochenguertler.de\/?p=3273","title":{"rendered":"Ein TRIALOG zum Abschluss des Wintersemesters"},"content":{"rendered":"\n<p>Auch in diesem Wintersemester hatte ich das gro\u00dfe Vergn\u00fcgen mit durchweg motivierten und interessierten Studierenden der <a href=\"https:\/\/www.linkedin.com\/company\/hochschule-karlsruhe\/\">Hochschule Karlsruhe (HKA) \/ University of Applied Sciences<\/a> an einer spannenden Fragestellung zu arbeiten, und daf\u00fcr &#8222;radikale&#8220; Innovationen zu finden.<br><br><em>&#8222;Wie k\u00f6nnen wir dem Fachkr\u00e4ftemangel im sozialen Bereich innovativ begegnen?&#8220;<\/em> &#8211; das war unser Thema, das wir zusammen mit unserem Projektpartner, der <a href=\"https:\/\/www.linkedin.com\/company\/diakonie-deutschland\/\">Diakonie Deutschland<\/a>, in mehreren Teams angegangen sind.<br><br>Auf Einladung von <a href=\"https:\/\/www.linkedin.com\/in\/ACoAABGUIAoBFCMZixXW-Uv7g6cdlBlZ70MSsrs\">Manuel K\u00f6cher<\/a> hatten die Studierende am letzten Freitag im Rahmen eines TRIALOGS die Chance, die Ergebnisse der \u00d6ffentlichkeit zu pr\u00e4sentieren.<br><br>Ein grosses Dankesch\u00f6n an das Team vom <a href=\"https:\/\/www.triangel.space\/\">Triangle Open Space<\/a> rund um <a href=\"https:\/\/www.linkedin.com\/in\/ACoAACf--PoBlMRkqs5n9GqtftReVgn-vfoj2_o\">Claudia Schwer<\/a> f\u00fcr die tolle Unterst\u00fctzung sowie an <a href=\"https:\/\/www.linkedin.com\/in\/ACoAABSkuL0B0x6QNf3MUcwdgQ03CQD6cS_zIhk\">Katja Gast<\/a>, J\u00f6rg Reitenmeyer und <a href=\"https:\/\/www.linkedin.com\/in\/ACoAAAHQMdwBU7lB9gI_NOVgr8XXyu9AUVUhgu0\">Carsten H. Hahn<\/a> f\u00fcr die zus\u00e4tzlichen Impulse am Abend und das viele Feedback an die vier Teams.<br><br>I<strong>ch habe immer wieder grossen Spass daran, meine Erfahrungen aus \u00fcber 15 Jahren &#8222;Arbeit an und mit Innovationen&#8220; weiterzugeben &#8211; vor allem, wenn die &#8222;Studis&#8220; mit so viel Spass und Energie dabei sind. Danke sch\u00f6n \ud83d\ude42<\/strong><br><\/p>\n\n\n\n<figure class=\"wp-block-image size-large is-style-default\"><a href=\"https:\/\/www.jochenguertler.de\/wp-content\/uploads\/2023\/02\/DSC04536-scaled.jpg\"><img loading=\"lazy\" decoding=\"async\" width=\"1024\" height=\"576\" src=\"https:\/\/www.jochenguertler.de\/wp-content\/uploads\/2023\/02\/DSC04536-1024x576.jpg\" alt=\"\" class=\"wp-image-3274\" srcset=\"https:\/\/www.jochenguertler.de\/wp-content\/uploads\/2023\/02\/DSC04536-1024x576.jpg 1024w, https:\/\/www.jochenguertler.de\/wp-content\/uploads\/2023\/02\/DSC04536-300x169.jpg 300w, https:\/\/www.jochenguertler.de\/wp-content\/uploads\/2023\/02\/DSC04536-768x432.jpg 768w, https:\/\/www.jochenguertler.de\/wp-content\/uploads\/2023\/02\/DSC04536-1536x864.jpg 1536w, https:\/\/www.jochenguertler.de\/wp-content\/uploads\/2023\/02\/DSC04536-2048x1152.jpg 2048w\" sizes=\"auto, (max-width: 1024px) 100vw, 1024px\" \/><\/a><\/figure>\n","protected":false},"excerpt":{"rendered":"<p>Auch in diesem Wintersemester hatte ich das gro\u00dfe Vergn\u00fcgen mit durchweg motivierten und interessierten Studierenden der Hochschule Karlsruhe (HKA) \/ University of Applied Sciences an einer spannenden Fragestellung zu arbeiten, und daf\u00fcr &#8222;radikale&#8220; Innovationen zu finden. &#8222;Wie k\u00f6nnen wir dem Fachkr\u00e4ftemangel im sozialen Bereich innovativ begegnen?&#8220; &#8211; das war unser Thema, das wir zusammen mit [&hellip;]<\/p>\n","protected":false},"author":1,"featured_media":0,"comment_status":"closed","ping_status":"closed","sticky":false,"template":"","format":"standard","meta":{"footnotes":""},"categories":[5],"tags":[27,26,51,50],"class_list":["post-3273","post","type-post","status-publish","format-standard","hentry","category-blog","tag-design-thinking","tag-innovation","tag-lehre","tag-universitat"],"_links":{"self":[{"href":"https:\/\/www.jochenguertler.de\/index.php?rest_route=\/wp\/v2\/posts\/3273","targetHints":{"allow":["GET"]}}],"collection":[{"href":"https:\/\/www.jochenguertler.de\/index.php?rest_route=\/wp\/v2\/posts"}],"about":[{"href":"https:\/\/www.jochenguertler.de\/index.php?rest_route=\/wp\/v2\/types\/post"}],"author":[{"embeddable":true,"href":"https:\/\/www.jochenguertler.de\/index.php?rest_route=\/wp\/v2\/users\/1"}],"replies":[{"embeddable":true,"href":"https:\/\/www.jochenguertler.de\/index.php?rest_route=%2Fwp%2Fv2%2Fcomments&post=3273"}],"version-history":[{"count":0,"href":"https:\/\/www.jochenguertler.de\/index.php?rest_route=\/wp\/v2\/posts\/3273\/revisions"}],"wp:attachment":[{"href":"https:\/\/www.jochenguertler.de\/index.php?rest_route=%2Fwp%2Fv2%2Fmedia&parent=3273"}],"wp:term":[{"taxonomy":"category","embeddable":true,"href":"https:\/\/www.jochenguertler.de\/index.php?rest_route=%2Fwp%2Fv2%2Fcategories&post=3273"},{"taxonomy":"post_tag","embeddable":true,"href":"https:\/\/www.jochenguertler.de\/index.php?rest_route=%2Fwp%2Fv2%2Ftags&post=3273"}],"curies":[{"name":"wp","href":"https:\/\/api.w.org\/{rel}","templated":true}]}}