{"id":3314,"date":"2023-06-09T09:52:06","date_gmt":"2023-06-09T08:52:06","guid":{"rendered":"https:\/\/www.jochenguertler.de\/?p=3314"},"modified":"2023-06-09T09:52:06","modified_gmt":"2023-06-09T08:52:06","slug":"lauter-erste-male-in-berlin","status":"publish","type":"post","link":"https:\/\/www.jochenguertler.de\/?p=3314","title":{"rendered":"&#8222;lauter erste Male&#8220; in Berlin"},"content":{"rendered":"\n<p><strong>lauter erste male<\/strong> \u2013 das ist der Titel meines Buches \u00fcber meine Wanderung vom Genfer See bis nach Rom, die ich im hei\u00dfen Sommer 2022 gegangen bin. 5 Wochen unterwegs, 1.3 Millionen Schritte und fast 900 Kilometer &#8211; und eben viele erste Male!<br><br>Gestern hatte ich die Gelegenheit, mein Buch in den wunderbaren R\u00e4umen der <a href=\"https:\/\/launchlabs.de\/\">launchlabs Berlin<\/a> vorzustellen und ein wenig daraus vorzulesen.<br><br><a href=\"http:\/\/lauter-erste-male.de\">http:\/\/ lauter-erste-male.de<\/a><br><br><strong>Das war mir eine grosse Freude!<\/strong><br><br>Denn zum einen sind so einladende und inspirierende R\u00e4ume f\u00fcr alle Teilnehmenden der perfekte Rahmen f\u00fcr &#8222;lauter erste Male&#8220; bei Workshops rund um Design Thinking und agiles Arbeiten.<br>Zum anderen hatte ich bei <a href=\"https:\/\/www.linkedin.com\/in\/ACoAAAK8xOcBuoquDcXvn1CTK8otPHVXTpfV7G8\">Simon Blake<\/a> vor vielen Jahren mein &#8222;erstes Mal&#8220; Design Thinking und war damals einfach nur &#8222;baff&#8220;!<br><br>Ich schreibe in meinem Buch nur auf den ersten Blick \u00fcbers Wandern. Denn eigentlich geht es vor allem ums Unterwegssein, ums Neugierig bleiben auf sich und das Leben, um den Schritt raus aus der eigenen Komfortzone und um den Weg zu sich selbst.<br><br>Viele Themen, f\u00fcr die solch sch\u00f6nen Workshop- und Trainingsr\u00e4umen genau der richtige Rahmen sind!<br><br>Vielen Dank an <a href=\"https:\/\/www.linkedin.com\/in\/ACoAAC9dBfkBfF8WN7kqWf4pOgDu7H7vS9LO0Gs\">Julia Seidel<\/a> f\u00fcr die tolle Betreuung und an <a href=\"https:\/\/www.linkedin.com\/in\/ACoAABIYJywBWEO-_bssytfmc2Jb3WJX3cZuz6k\">Simon Dr. Springmann<\/a> f\u00fcr die M\u00f6glichkeit, mein Buch vorzustellen.<br><\/p>\n\n\n\n<figure class=\"wp-block-image size-large is-style-default\"><a href=\"https:\/\/www.jochenguertler.de\/wp-content\/uploads\/2023\/06\/IMG_3831-scaled.jpg\"><img loading=\"lazy\" decoding=\"async\" width=\"768\" height=\"1024\" src=\"https:\/\/www.jochenguertler.de\/wp-content\/uploads\/2023\/06\/IMG_3831-768x1024.jpg\" alt=\"\" class=\"wp-image-3315\" srcset=\"https:\/\/www.jochenguertler.de\/wp-content\/uploads\/2023\/06\/IMG_3831-768x1024.jpg 768w, https:\/\/www.jochenguertler.de\/wp-content\/uploads\/2023\/06\/IMG_3831-225x300.jpg 225w, https:\/\/www.jochenguertler.de\/wp-content\/uploads\/2023\/06\/IMG_3831-1152x1536.jpg 1152w, https:\/\/www.jochenguertler.de\/wp-content\/uploads\/2023\/06\/IMG_3831-1536x2048.jpg 1536w, https:\/\/www.jochenguertler.de\/wp-content\/uploads\/2023\/06\/IMG_3831-scaled.jpg 1920w\" sizes=\"auto, (max-width: 768px) 100vw, 768px\" \/><\/a><\/figure>\n","protected":false},"excerpt":{"rendered":"<p>lauter erste male \u2013 das ist der Titel meines Buches \u00fcber meine Wanderung vom Genfer See bis nach Rom, die ich im hei\u00dfen Sommer 2022 gegangen bin. 5 Wochen unterwegs, 1.3 Millionen Schritte und fast 900 Kilometer &#8211; und eben viele erste Male! Gestern hatte ich die Gelegenheit, mein Buch in den wunderbaren R\u00e4umen der [&hellip;]<\/p>\n","protected":false},"author":1,"featured_media":0,"comment_status":"closed","ping_status":"closed","sticky":false,"template":"","format":"standard","meta":{"footnotes":""},"categories":[5],"tags":[66,27,122,153,119,167,168,166,169],"class_list":["post-3314","post","type-post","status-publish","format-standard","hentry","category-blog","tag-berlin","tag-design-thinking","tag-komfortzone","tag-lesung","tag-reisebericht","tag-transformation","tag-unterwegssein","tag-wachstum","tag-wanderbericht"],"_links":{"self":[{"href":"https:\/\/www.jochenguertler.de\/index.php?rest_route=\/wp\/v2\/posts\/3314","targetHints":{"allow":["GET"]}}],"collection":[{"href":"https:\/\/www.jochenguertler.de\/index.php?rest_route=\/wp\/v2\/posts"}],"about":[{"href":"https:\/\/www.jochenguertler.de\/index.php?rest_route=\/wp\/v2\/types\/post"}],"author":[{"embeddable":true,"href":"https:\/\/www.jochenguertler.de\/index.php?rest_route=\/wp\/v2\/users\/1"}],"replies":[{"embeddable":true,"href":"https:\/\/www.jochenguertler.de\/index.php?rest_route=%2Fwp%2Fv2%2Fcomments&post=3314"}],"version-history":[{"count":0,"href":"https:\/\/www.jochenguertler.de\/index.php?rest_route=\/wp\/v2\/posts\/3314\/revisions"}],"wp:attachment":[{"href":"https:\/\/www.jochenguertler.de\/index.php?rest_route=%2Fwp%2Fv2%2Fmedia&parent=3314"}],"wp:term":[{"taxonomy":"category","embeddable":true,"href":"https:\/\/www.jochenguertler.de\/index.php?rest_route=%2Fwp%2Fv2%2Fcategories&post=3314"},{"taxonomy":"post_tag","embeddable":true,"href":"https:\/\/www.jochenguertler.de\/index.php?rest_route=%2Fwp%2Fv2%2Ftags&post=3314"}],"curies":[{"name":"wp","href":"https:\/\/api.w.org\/{rel}","templated":true}]}}