{"id":3318,"date":"2023-06-16T11:12:02","date_gmt":"2023-06-16T10:12:02","guid":{"rendered":"https:\/\/www.jochenguertler.de\/?p=3318"},"modified":"2023-06-16T11:12:02","modified_gmt":"2023-06-16T10:12:02","slug":"die-angst-dein-bester-freund","status":"publish","type":"post","link":"https:\/\/www.jochenguertler.de\/?p=3318","title":{"rendered":"Die Angst, Dein bester Freund"},"content":{"rendered":"\n<p>Ich glaube, dass unsere Angst vor Neuem oft die gr\u00f6\u00dfte H\u00fcrde darstellt, wenn es um Ver\u00e4nderung und Transformation geht. Und das sowohl bei sehr pers\u00f6nlichen Themen als auch bei Ver\u00e4nderungsprozessen, die wir im beruflichen Kontext jeder f\u00fcr sich, als Team oder als ganze Organisation bew\u00e4ltigen m\u00fcssen.<br><br>Und gleichzeitig ist unsere Angst vor allem im beruflichen Kontext (zu) oft \u00fcberhaupt kein Thema und am Ende wundern sich alle, dass es mit der Transformation wieder nichts geworden ist.<br><br>Es ist also wichtig, uns mit unserer Angst zu besch\u00e4ftigen, wenn wir vom <strong>WOLLEN<\/strong> zum <strong>MACHEN<\/strong> kommen wollen. Umso sch\u00f6ner, dass ich auch dieses Thema im Rahmen meiner Lehrveranstaltung &#8222;Makers of Tomorrow&#8220; an der <a href=\"https:\/\/www.h-ka.de\/\">Hochschule Karlsruhe <\/a>mit den Studierenden thematisieren konnte: was ist eigentlich Angst und wo kommt sie her? Wovor habe ich Angst, wie gehe ich damit um und was w\u00e4re, wenn ich keine Angst mehr h\u00e4tte?<br><br>Viele spannende Fragen, die wir teils in stiller Reflektion und teils im Austausch behandelt haben.<br><br><strong>&#8222;Die Angst, Dein bester Freund&#8220; &#8211; wie es der Extrembergsteiger Alexander Huber in seinem wunderbaren Buch beschreibt. Eine wunderbare Vorstellung finde ich &#8211; und mit solch einem besten Freund an der Hand gelingen auch die herausforderndsten Transformationen. Versprochen!<\/strong><\/p>\n\n\n\n<figure class=\"wp-block-image size-large is-style-default\"><a href=\"https:\/\/www.jochenguertler.de\/wp-content\/uploads\/2023\/06\/IMG_3862-scaled.jpg\"><img loading=\"lazy\" decoding=\"async\" width=\"768\" height=\"1024\" src=\"https:\/\/www.jochenguertler.de\/wp-content\/uploads\/2023\/06\/IMG_3862-768x1024.jpg\" alt=\"\" class=\"wp-image-3319\" srcset=\"https:\/\/www.jochenguertler.de\/wp-content\/uploads\/2023\/06\/IMG_3862-768x1024.jpg 768w, https:\/\/www.jochenguertler.de\/wp-content\/uploads\/2023\/06\/IMG_3862-225x300.jpg 225w, https:\/\/www.jochenguertler.de\/wp-content\/uploads\/2023\/06\/IMG_3862-1152x1536.jpg 1152w, https:\/\/www.jochenguertler.de\/wp-content\/uploads\/2023\/06\/IMG_3862-1536x2048.jpg 1536w, https:\/\/www.jochenguertler.de\/wp-content\/uploads\/2023\/06\/IMG_3862-scaled.jpg 1920w\" sizes=\"auto, (max-width: 768px) 100vw, 768px\" \/><\/a><\/figure>\n","protected":false},"excerpt":{"rendered":"<p>Ich glaube, dass unsere Angst vor Neuem oft die gr\u00f6\u00dfte H\u00fcrde darstellt, wenn es um Ver\u00e4nderung und Transformation geht. Und das sowohl bei sehr pers\u00f6nlichen Themen als auch bei Ver\u00e4nderungsprozessen, die wir im beruflichen Kontext jeder f\u00fcr sich, als Team oder als ganze Organisation bew\u00e4ltigen m\u00fcssen. Und gleichzeitig ist unsere Angst vor allem im beruflichen [&hellip;]<\/p>\n","protected":false},"author":1,"featured_media":0,"comment_status":"closed","ping_status":"closed","sticky":false,"template":"","format":"standard","meta":{"footnotes":""},"categories":[5],"tags":[172,170,171,51,164,173,167,8,166],"class_list":["post-3318","post","type-post","status-publish","format-standard","hentry","category-blog","tag-einfachmalmachen-2","tag-angst","tag-hochschule-karlsruhe","tag-lehre","tag-lehrveranstaltung","tag-schrittfuerschritt","tag-transformation","tag-veranderung","tag-wachstum"],"_links":{"self":[{"href":"https:\/\/www.jochenguertler.de\/index.php?rest_route=\/wp\/v2\/posts\/3318","targetHints":{"allow":["GET"]}}],"collection":[{"href":"https:\/\/www.jochenguertler.de\/index.php?rest_route=\/wp\/v2\/posts"}],"about":[{"href":"https:\/\/www.jochenguertler.de\/index.php?rest_route=\/wp\/v2\/types\/post"}],"author":[{"embeddable":true,"href":"https:\/\/www.jochenguertler.de\/index.php?rest_route=\/wp\/v2\/users\/1"}],"replies":[{"embeddable":true,"href":"https:\/\/www.jochenguertler.de\/index.php?rest_route=%2Fwp%2Fv2%2Fcomments&post=3318"}],"version-history":[{"count":0,"href":"https:\/\/www.jochenguertler.de\/index.php?rest_route=\/wp\/v2\/posts\/3318\/revisions"}],"wp:attachment":[{"href":"https:\/\/www.jochenguertler.de\/index.php?rest_route=%2Fwp%2Fv2%2Fmedia&parent=3318"}],"wp:term":[{"taxonomy":"category","embeddable":true,"href":"https:\/\/www.jochenguertler.de\/index.php?rest_route=%2Fwp%2Fv2%2Fcategories&post=3318"},{"taxonomy":"post_tag","embeddable":true,"href":"https:\/\/www.jochenguertler.de\/index.php?rest_route=%2Fwp%2Fv2%2Ftags&post=3318"}],"curies":[{"name":"wp","href":"https:\/\/api.w.org\/{rel}","templated":true}]}}