{"id":3322,"date":"2023-06-26T15:23:01","date_gmt":"2023-06-26T14:23:01","guid":{"rendered":"https:\/\/www.jochenguertler.de\/?p=3322"},"modified":"2023-06-26T15:23:54","modified_gmt":"2023-06-26T14:23:54","slug":"its-showtime","status":"publish","type":"post","link":"https:\/\/www.jochenguertler.de\/?p=3322","title":{"rendered":"It\u00b4s Showtime!"},"content":{"rendered":"\n<p>Am letzten Samstag ging wieder einmal eine kleine Reise f\u00fcr mich zu Ende \u2013 dieses Mal aber ganz ohne H\u00f6henmeter oder knifflige Gipfelbesteigungen.<\/p>\n\n\n\n<p><strong>Denn ich stand &#8222;nur&#8220; auf der B\u00fchne &#8211; und habe davon erz\u00e4hlt, was ich beim Wandern \u00fcber mich und das Leben gelernt habe, und dar\u00fcber, wie Du der Mensch wirst, der Du wirklich bist und das Leben lebst, das Dich gl\u00fccklich und zufrieden macht.<\/strong><\/p>\n\n\n\n<p>Der Abend war der Abschluss meiner Speaker-Ausbildung bei <a href=\"https:\/\/www.peterlueder.de\/\">Peter L\u00fcder,<\/a> die ich in den letzten drei Monaten zusammen mit sechs anderen mutigen und inspirierenden Menschen bew\u00e4ltigt habe.<\/p>\n\n\n\n<p>Das Feedback aus dem Publikum hat mich sehr gefreut:<\/p>\n\n\n\n<ul class=\"wp-block-list\"><li>&#8222;Toller Vortrag, Danke!&#8220;<\/li><li>&#8222;Mich interessieren alle Deine Erlebnisse. Ich k\u00f6nnte Dir stundenlang zuh\u00f6ren.&#8220;<\/li><li>&#8222;Sehr pers\u00f6nlicher Vortrag.&#8220;<\/li><li>&#8222;Sch\u00f6ne, lebendige Pr\u00e4sentation mit tollen Bildern.&#8220;<\/li><li>&#8222;Emotionen, die anstecken und ber\u00fchren.&#8220;<\/li><li>&#8222;G\u00e4nsehaut!&#8220;<\/li><li>&#8222;Eine unglaubliche ehrliche Geschichte \u00fcbers mutig sein und durchl\u00e4ssig werden.&#8220;<\/li><li>&#8222;Tolle Beispiele und sehr schl\u00fcssig!&#8220;<\/li><li>&#8222;Emotional!&#8220;<\/li><\/ul>\n\n\n\n<p><strong>Ich bin gespannt, wie diese Reise weitergehen wird. Vielleicht mit einem Vortrag f\u00fcr Dich, Deinem Team oder Deinem Unternehmen? Ich freue mich auf Deine Anfrage.<\/strong><\/p>\n\n\n\n<figure class=\"wp-block-image size-large is-style-default\"><a href=\"https:\/\/www.jochenguertler.de\/wp-content\/uploads\/2023\/06\/IMG_3970-scaled.jpg\"><img loading=\"lazy\" decoding=\"async\" width=\"768\" height=\"1024\" src=\"https:\/\/www.jochenguertler.de\/wp-content\/uploads\/2023\/06\/IMG_3970-768x1024.jpg\" alt=\"\" class=\"wp-image-3323\" srcset=\"https:\/\/www.jochenguertler.de\/wp-content\/uploads\/2023\/06\/IMG_3970-768x1024.jpg 768w, https:\/\/www.jochenguertler.de\/wp-content\/uploads\/2023\/06\/IMG_3970-225x300.jpg 225w, https:\/\/www.jochenguertler.de\/wp-content\/uploads\/2023\/06\/IMG_3970-1152x1536.jpg 1152w, https:\/\/www.jochenguertler.de\/wp-content\/uploads\/2023\/06\/IMG_3970-1536x2048.jpg 1536w, https:\/\/www.jochenguertler.de\/wp-content\/uploads\/2023\/06\/IMG_3970-scaled.jpg 1920w\" sizes=\"auto, (max-width: 768px) 100vw, 768px\" \/><\/a><\/figure>\n","protected":false},"excerpt":{"rendered":"<p>Am letzten Samstag ging wieder einmal eine kleine Reise f\u00fcr mich zu Ende \u2013 dieses Mal aber ganz ohne H\u00f6henmeter oder knifflige Gipfelbesteigungen. Denn ich stand &#8222;nur&#8220; auf der B\u00fchne &#8211; und habe davon erz\u00e4hlt, was ich beim Wandern \u00fcber mich und das Leben gelernt habe, und dar\u00fcber, wie Du der Mensch wirst, der Du [&hellip;]<\/p>\n","protected":false},"author":1,"featured_media":0,"comment_status":"closed","ping_status":"closed","sticky":false,"template":"","format":"standard","meta":{"footnotes":""},"categories":[5],"tags":[177,97,174,175,176,126,166],"class_list":["post-3322","post","type-post","status-publish","format-standard","hentry","category-blog","tag-transformation-2","tag-keynote","tag-speaker","tag-unterwegs","tag-unterwegsamtellerrand","tag-vortrag","tag-wachstum"],"_links":{"self":[{"href":"https:\/\/www.jochenguertler.de\/index.php?rest_route=\/wp\/v2\/posts\/3322","targetHints":{"allow":["GET"]}}],"collection":[{"href":"https:\/\/www.jochenguertler.de\/index.php?rest_route=\/wp\/v2\/posts"}],"about":[{"href":"https:\/\/www.jochenguertler.de\/index.php?rest_route=\/wp\/v2\/types\/post"}],"author":[{"embeddable":true,"href":"https:\/\/www.jochenguertler.de\/index.php?rest_route=\/wp\/v2\/users\/1"}],"replies":[{"embeddable":true,"href":"https:\/\/www.jochenguertler.de\/index.php?rest_route=%2Fwp%2Fv2%2Fcomments&post=3322"}],"version-history":[{"count":0,"href":"https:\/\/www.jochenguertler.de\/index.php?rest_route=\/wp\/v2\/posts\/3322\/revisions"}],"wp:attachment":[{"href":"https:\/\/www.jochenguertler.de\/index.php?rest_route=%2Fwp%2Fv2%2Fmedia&parent=3322"}],"wp:term":[{"taxonomy":"category","embeddable":true,"href":"https:\/\/www.jochenguertler.de\/index.php?rest_route=%2Fwp%2Fv2%2Fcategories&post=3322"},{"taxonomy":"post_tag","embeddable":true,"href":"https:\/\/www.jochenguertler.de\/index.php?rest_route=%2Fwp%2Fv2%2Ftags&post=3322"}],"curies":[{"name":"wp","href":"https:\/\/api.w.org\/{rel}","templated":true}]}}