{"id":3326,"date":"2023-07-05T09:27:32","date_gmt":"2023-07-05T08:27:32","guid":{"rendered":"https:\/\/www.jochenguertler.de\/?p=3326"},"modified":"2023-07-05T09:27:32","modified_gmt":"2023-07-05T08:27:32","slug":"vom-wollen-zum-machen-2","status":"publish","type":"post","link":"https:\/\/www.jochenguertler.de\/?p=3326","title":{"rendered":"Vom WOLLEN zum MACHEN"},"content":{"rendered":"\n<p>Am Wochenende durfte ich einen sehr sch\u00f6nen und bunten Geburtstag feiern, an diesem Montag wurde ich noch einmal reich beschenkt: als Abschluss meiner Veranstaltung &#8222;Makers of Tomorrow&#8220; an der <a href=\"https:\/\/www.linkedin.com\/company\/hochschule-karlsruhe\/\">Hochschule Karlsruhe (HKA) \/ University of Applied Sciences<\/a> haben die Studierenden n\u00e4mlich in vierzehn sehr pers\u00f6nlichen und ehrlichen Vortr\u00e4gen \u00fcber ihre ganz eigenen Erfahrungen rund um Machen berichtet.<br><br>Zu Beginn des Semesters sind wir mit der Frage gestartet, wie man vom <strong>WOLLEN<\/strong> zum <strong>MACHEN<\/strong> kommt. Dar\u00fcber reden mag spannend sein, es ganz konkret zu tun aber umso hilfreicher und lehrreicher. Daher haben sich die Studierenden jeweils ein Projekt f\u00fcr das Semester ausgesucht, und sich daran geMACHT:<br><br>Endlich die Wohnung entr\u00fcmpeln und neu einrichten, eine Sprache lernen, ein dickes Buch lesen, den T3 umbauen, eine langersehten Reise mit der Schwester planen und angehen, endlich wieder anfangen zu Malen, ein Klavierst\u00fcck komponieren, Ukelele spielen lernen, Me-Time schaffen als junge Mutter oder endlich wieder fit werden.<br>Der Strau\u00df an Projekten war bunt und vielf\u00e4ltig und jede(r) hat dabei ganz eigene Erfahrungen gemacht, R\u00fcckschl\u00e4ge verarbeiten m\u00fcssen und Erfolge feiern d\u00fcrfen.<br><br>Ich bin sehr dankbar f\u00fcr die M\u00f6glichkeit, die Studierenden dabei begleitet und unterst\u00fctzt zu haben und freue mich \u00fcber tolles Feedback zu der Veranstaltung:<br><br><em>&#8222;Eine bereichernde Erfahrung, wie ich sie bisher im Studium noch nicht machen durfte.&#8220;<br>&#8222;Auf eine unerwartete Art und Weise sehr bereichernd.&#8220;<br>&#8222;Eine tolle Erfahrung die das Potential hat mein Leben positiv zu ver\u00e4ndern.&#8220;<br>&#8222;Eine sehr lehrreiche Zeit, die viel zu schnell verflogen ist.&#8220;<\/em><br><br><strong>Hast DU auch Lust vom WOLLEN zum MACHEN zu kommen? Ich unterst\u00fctze Dich, Dein Team oder Dein Unternehmen sehr gerne dabei!<\/strong><br><br>P.S. Das Bild wurde von <a href=\"https:\/\/www.linkedin.com\/in\/ACoAAC8fuwcBEYcVw4WCtmzag1mnhTgdUI4DREc\">Aylin Dursun<\/a> gestaltet, die im Rahmen der Veranstaltung ihre kreative Ader neu entdeckt hat. Das Bild fasst wie ich finde alle Inhalte der Veranstaltung ganz wunderbar zusammen: was sind Deine Tr\u00e4ume? Was sind Hindernisse? Was ist Kreativit\u00e4t? Wie wichtig ist das richtige Mindeset? Was ist mein Ikigai? Und welches Projekt m\u00f6chte ich angehen?<\/p>\n\n\n\n<figure class=\"wp-block-image size-large is-style-default\"><a href=\"https:\/\/www.jochenguertler.de\/wp-content\/uploads\/2023\/07\/Unbenannt.png\"><img loading=\"lazy\" decoding=\"async\" width=\"708\" height=\"1024\" src=\"https:\/\/www.jochenguertler.de\/wp-content\/uploads\/2023\/07\/Unbenannt-708x1024.png\" alt=\"\" class=\"wp-image-3327\" srcset=\"https:\/\/www.jochenguertler.de\/wp-content\/uploads\/2023\/07\/Unbenannt-708x1024.png 708w, https:\/\/www.jochenguertler.de\/wp-content\/uploads\/2023\/07\/Unbenannt-208x300.png 208w, https:\/\/www.jochenguertler.de\/wp-content\/uploads\/2023\/07\/Unbenannt-768x1110.png 768w, https:\/\/www.jochenguertler.de\/wp-content\/uploads\/2023\/07\/Unbenannt-1063x1536.png 1063w, https:\/\/www.jochenguertler.de\/wp-content\/uploads\/2023\/07\/Unbenannt-1417x2048.png 1417w, https:\/\/www.jochenguertler.de\/wp-content\/uploads\/2023\/07\/Unbenannt.png 1636w\" sizes=\"auto, (max-width: 708px) 100vw, 708px\" \/><\/a><\/figure>\n","protected":false},"excerpt":{"rendered":"<p>Am Wochenende durfte ich einen sehr sch\u00f6nen und bunten Geburtstag feiern, an diesem Montag wurde ich noch einmal reich beschenkt: als Abschluss meiner Veranstaltung &#8222;Makers of Tomorrow&#8220; an der Hochschule Karlsruhe (HKA) \/ University of Applied Sciences haben die Studierenden n\u00e4mlich in vierzehn sehr pers\u00f6nlichen und ehrlichen Vortr\u00e4gen \u00fcber ihre ganz eigenen Erfahrungen rund um [&hellip;]<\/p>\n","protected":false},"author":1,"featured_media":0,"comment_status":"closed","ping_status":"closed","sticky":false,"template":"","format":"standard","meta":{"footnotes":""},"categories":[5],"tags":[162,171,28,51,8,156],"class_list":["post-3326","post","type-post","status-publish","format-standard","hentry","category-blog","tag-einfachmalmachen","tag-hochschule-karlsruhe","tag-kreativitaet","tag-lehre","tag-veranderung","tag-vorlesung"],"_links":{"self":[{"href":"https:\/\/www.jochenguertler.de\/index.php?rest_route=\/wp\/v2\/posts\/3326","targetHints":{"allow":["GET"]}}],"collection":[{"href":"https:\/\/www.jochenguertler.de\/index.php?rest_route=\/wp\/v2\/posts"}],"about":[{"href":"https:\/\/www.jochenguertler.de\/index.php?rest_route=\/wp\/v2\/types\/post"}],"author":[{"embeddable":true,"href":"https:\/\/www.jochenguertler.de\/index.php?rest_route=\/wp\/v2\/users\/1"}],"replies":[{"embeddable":true,"href":"https:\/\/www.jochenguertler.de\/index.php?rest_route=%2Fwp%2Fv2%2Fcomments&post=3326"}],"version-history":[{"count":0,"href":"https:\/\/www.jochenguertler.de\/index.php?rest_route=\/wp\/v2\/posts\/3326\/revisions"}],"wp:attachment":[{"href":"https:\/\/www.jochenguertler.de\/index.php?rest_route=%2Fwp%2Fv2%2Fmedia&parent=3326"}],"wp:term":[{"taxonomy":"category","embeddable":true,"href":"https:\/\/www.jochenguertler.de\/index.php?rest_route=%2Fwp%2Fv2%2Fcategories&post=3326"},{"taxonomy":"post_tag","embeddable":true,"href":"https:\/\/www.jochenguertler.de\/index.php?rest_route=%2Fwp%2Fv2%2Ftags&post=3326"}],"curies":[{"name":"wp","href":"https:\/\/api.w.org\/{rel}","templated":true}]}}