{"id":3333,"date":"2023-07-24T08:23:54","date_gmt":"2023-07-24T07:23:54","guid":{"rendered":"https:\/\/www.jochenguertler.de\/?p=3333"},"modified":"2023-07-24T08:23:54","modified_gmt":"2023-07-24T07:23:54","slug":"you-ein-neues-workshop-format-fuer-jugendliche","status":"publish","type":"post","link":"https:\/\/www.jochenguertler.de\/?p=3333","title":{"rendered":"YOU! \u2013 ein neues Workshop-Format f\u00fcr Jugendliche"},"content":{"rendered":"\n<p>Nach \u00fcber 15 Jahren und sicherlich mehreren hundert Workshops auf (fast) der ganzen Welt w\u00fcrde ich mich als sehr erfahrenen Facilitator beschreiben.<br><br>Ich hatte und habe das Vergn\u00fcgen, immer wieder in ganz unterschiedliche (Unternehmens-) Kontexte und Themen eintauchen zu k\u00f6nnen und mich dabei immer wieder neue Herausforderungen stellen zu d\u00fcrfen.<br><br>Dabei gibt es kaum ein Umfeld, in dem ich mehr \u00fcber mich als Facilitator lernen darf, als in den Workshops mit Sch\u00fclerinnen und Sch\u00fclern. So auch letzte Woche, in der ich zusammen mit <a href=\"https:\/\/www.linkedin.com\/in\/ACoAAB54jfUBEHeBzVinTO4OTwfjYybAVFTOPR0\"><strong>Dr. Ilke Heller<\/strong><\/a> von der <a href=\"https:\/\/stell-dir-vor.org\/\"><strong>Stell dir vor! gGmbH<\/strong><\/a> an einer Stuttgarter Schule mit YOU! ein neues Format f\u00fcr Jugendliche pilotiert habe.<br><br><em>Was sind Deine St\u00e4rken? Welche Talente hast Du? Was sind Deine Vorlieben, was machst Du gerne?<\/em><br><br>Mit diesen Fragen bin ich mit sechzehn neugierigen und aufgeregten 8-Kl\u00e4sslern am Montagmorgen gestartet und gemeinsam haben wir uns m\u00f6glichen Antworten gen\u00e4hert: durch stilles Reflektieren, im Austausch miteinander und vor allem durch ganz viele &#8222;erste Male&#8220; und reichlich Gelegenheiten Neues ausprobieren: bei Warmups wie der Eye-Contact-Challenge, beim Zeichnen uns kreativ sein, beim Rappen oder beim Impro-Theater.<br><br>Die Jugendlichen waren (fast) immer mit Feuereifer dabei und haben sich jeder auf seine Weise raus aus der eigenen Komfortzone gewagt.<br><br>Das Jugendhaus Heslach war ein toller Rahmen und hat gezeigt, dass es auch im schulichen Kontext mehr als hilfreich ist, ab und an raus aus den allzu bekannten R\u00e4umlichkeiten zu kommen.<br><br>Das Feedback am Ende der Projekt-Woche hat mich sehr gefreut und ich bin gespannt, wo und wann wir dieses Workshop-Format das n\u00e4chste Mal durchf\u00fchren d\u00fcrfen.<br><br>Vielen Dank an dieser Stelle an <a href=\"https:\/\/www.linkedin.com\/in\/ACoAACDyXK0BodtiOSaqv9rufo6tduk-bNKrJTg\"><strong>L\u00e9onie Trick<\/strong><\/a> von der <strong><a href=\"https:\/\/vector-stiftung.de\/\">Vector Stiftun<\/a><a href=\"https:\/\/www.linkedin.com\/company\/vector-stiftung\/\">g<\/a> <\/strong>f\u00fcr die tolle Unters\u00fctzung, ohne die solche Workshops nicht durchf\u00fchrbar w\u00e4ren.<\/p>\n\n\n\n<figure class=\"wp-block-image size-large is-style-default\"><a href=\"https:\/\/www.jochenguertler.de\/wp-content\/uploads\/2023\/07\/Bildschirmfoto-2023-07-24-um-08.55.11.png\"><img loading=\"lazy\" decoding=\"async\" width=\"1024\" height=\"720\" src=\"https:\/\/www.jochenguertler.de\/wp-content\/uploads\/2023\/07\/Bildschirmfoto-2023-07-24-um-08.55.11-1024x720.png\" alt=\"\" class=\"wp-image-3334\" srcset=\"https:\/\/www.jochenguertler.de\/wp-content\/uploads\/2023\/07\/Bildschirmfoto-2023-07-24-um-08.55.11-1024x720.png 1024w, https:\/\/www.jochenguertler.de\/wp-content\/uploads\/2023\/07\/Bildschirmfoto-2023-07-24-um-08.55.11-300x211.png 300w, https:\/\/www.jochenguertler.de\/wp-content\/uploads\/2023\/07\/Bildschirmfoto-2023-07-24-um-08.55.11-768x540.png 768w, https:\/\/www.jochenguertler.de\/wp-content\/uploads\/2023\/07\/Bildschirmfoto-2023-07-24-um-08.55.11.png 1036w\" sizes=\"auto, (max-width: 1024px) 100vw, 1024px\" \/><\/a><\/figure>\n","protected":false},"excerpt":{"rendered":"<p>Nach \u00fcber 15 Jahren und sicherlich mehreren hundert Workshops auf (fast) der ganzen Welt w\u00fcrde ich mich als sehr erfahrenen Facilitator beschreiben. Ich hatte und habe das Vergn\u00fcgen, immer wieder in ganz unterschiedliche (Unternehmens-) Kontexte und Themen eintauchen zu k\u00f6nnen und mich dabei immer wieder neue Herausforderungen stellen zu d\u00fcrfen. Dabei gibt es kaum ein [&hellip;]<\/p>\n","protected":false},"author":1,"featured_media":0,"comment_status":"closed","ping_status":"closed","sticky":false,"template":"","format":"standard","meta":{"footnotes":""},"categories":[5],"tags":[28,134,179,112,180,23,158],"class_list":["post-3333","post","type-post","status-publish","format-standard","hentry","category-blog","tag-kreativitaet","tag-life-design","tag-schul-workshop","tag-schule","tag-staerken","tag-workshop","tag-zukunftskompetenzen"],"_links":{"self":[{"href":"https:\/\/www.jochenguertler.de\/index.php?rest_route=\/wp\/v2\/posts\/3333","targetHints":{"allow":["GET"]}}],"collection":[{"href":"https:\/\/www.jochenguertler.de\/index.php?rest_route=\/wp\/v2\/posts"}],"about":[{"href":"https:\/\/www.jochenguertler.de\/index.php?rest_route=\/wp\/v2\/types\/post"}],"author":[{"embeddable":true,"href":"https:\/\/www.jochenguertler.de\/index.php?rest_route=\/wp\/v2\/users\/1"}],"replies":[{"embeddable":true,"href":"https:\/\/www.jochenguertler.de\/index.php?rest_route=%2Fwp%2Fv2%2Fcomments&post=3333"}],"version-history":[{"count":0,"href":"https:\/\/www.jochenguertler.de\/index.php?rest_route=\/wp\/v2\/posts\/3333\/revisions"}],"wp:attachment":[{"href":"https:\/\/www.jochenguertler.de\/index.php?rest_route=%2Fwp%2Fv2%2Fmedia&parent=3333"}],"wp:term":[{"taxonomy":"category","embeddable":true,"href":"https:\/\/www.jochenguertler.de\/index.php?rest_route=%2Fwp%2Fv2%2Fcategories&post=3333"},{"taxonomy":"post_tag","embeddable":true,"href":"https:\/\/www.jochenguertler.de\/index.php?rest_route=%2Fwp%2Fv2%2Ftags&post=3333"}],"curies":[{"name":"wp","href":"https:\/\/api.w.org\/{rel}","templated":true}]}}