{"id":3337,"date":"2023-09-12T13:14:55","date_gmt":"2023-09-12T12:14:55","guid":{"rendered":"https:\/\/www.jochenguertler.de\/?p=3337"},"modified":"2023-09-12T13:17:53","modified_gmt":"2023-09-12T12:17:53","slug":"unterwegs-am-tellerrand","status":"publish","type":"post","link":"https:\/\/www.jochenguertler.de\/?p=3337","title":{"rendered":"Unterwegs am Tellerrand"},"content":{"rendered":"\n<h3 class=\"wp-block-heading\">Wie Du ganz wirst, ohne vollkommen sein zu m\u00fcssen<\/h3>\n\n\n\n<p>Heute gibt es was zu feiern: der Trailer zu meiner Keynote, die im Rahmen meiner Ausbildung bei <a href=\"https:\/\/www.peterlueder.de\/\">Peter L\u00fcder<\/a> im Fr\u00fchjahr entstanden ist, ist fertig und ich bin richtig stolz \ud83d\ude42<br><br>In <strong>UNTERWEGS AM TELLERRAND<\/strong> erz\u00e4hle ich vom Wandern und unterwegs sein. Auf dem Westweg quer durch den Schwarzwald, hinauf auf den Gipfel des Kilimandscharo und auf dem Franziskusweg bis nach Rom.<br><br>I<strong>ch m\u00f6chte mit diesem Vortrag zum Unterwegssein motivieren: sei es ganz wortw\u00f6rtlich beim Wandern oder im \u00fcbertragenen Sinne beim pers\u00f6nlichen Lernen und Wachsen.<\/strong><\/p>\n\n\n\n<figure class=\"wp-block-embed is-type-video is-provider-youtube wp-block-embed-youtube wp-embed-aspect-16-9 wp-has-aspect-ratio\"><div class=\"wp-block-embed__wrapper\">\n<iframe loading=\"lazy\" title=\"Unterwegs am Tellerrand \u2013 Wie Du ganz wirst, ohne vollkommen sein zu m\u00fcssen\" width=\"500\" height=\"281\" src=\"https:\/\/www.youtube.com\/embed\/Mt-lRDWDv4M?feature=oembed\" frameborder=\"0\" allow=\"accelerometer; autoplay; clipboard-write; encrypted-media; gyroscope; picture-in-picture; web-share\" referrerpolicy=\"strict-origin-when-cross-origin\" allowfullscreen><\/iframe>\n<\/div><\/figure>\n\n\n\n<p>Die gesamten Vortrag findest Du unter <a href=\"https:\/\/youtu.be\/fiOc7IvYuAo?si=EReqc0XSZgt10HjK\">hier<\/a>.<\/p>\n\n\n\n<p><strong>Steht bei dir, deinem Team oder deinem Unternehmen auch ein Aufbruch an? Oder bist du oder ihr schon unterwegs? Ich unterst\u00fctze dabei sehr gerne und freue mich von dir zu h\u00f6ren.<\/strong><\/p>\n","protected":false},"excerpt":{"rendered":"<p>Wie Du ganz wirst, ohne vollkommen sein zu m\u00fcssen Heute gibt es was zu feiern: der Trailer zu meiner Keynote, die im Rahmen meiner Ausbildung bei Peter L\u00fcder im Fr\u00fchjahr entstanden ist, ist fertig und ich bin richtig stolz \ud83d\ude42 In UNTERWEGS AM TELLERRAND erz\u00e4hle ich vom Wandern und unterwegs sein. Auf dem Westweg quer [&hellip;]<\/p>\n","protected":false},"author":1,"featured_media":0,"comment_status":"closed","ping_status":"closed","sticky":false,"template":"","format":"standard","meta":{"footnotes":""},"categories":[5],"tags":[97,24,119,8,126,166,169],"class_list":["post-3337","post","type-post","status-publish","format-standard","hentry","category-blog","tag-keynote","tag-personlichkeitsentwicklung","tag-reisebericht","tag-veranderung","tag-vortrag","tag-wachstum","tag-wanderbericht"],"_links":{"self":[{"href":"https:\/\/www.jochenguertler.de\/index.php?rest_route=\/wp\/v2\/posts\/3337","targetHints":{"allow":["GET"]}}],"collection":[{"href":"https:\/\/www.jochenguertler.de\/index.php?rest_route=\/wp\/v2\/posts"}],"about":[{"href":"https:\/\/www.jochenguertler.de\/index.php?rest_route=\/wp\/v2\/types\/post"}],"author":[{"embeddable":true,"href":"https:\/\/www.jochenguertler.de\/index.php?rest_route=\/wp\/v2\/users\/1"}],"replies":[{"embeddable":true,"href":"https:\/\/www.jochenguertler.de\/index.php?rest_route=%2Fwp%2Fv2%2Fcomments&post=3337"}],"version-history":[{"count":0,"href":"https:\/\/www.jochenguertler.de\/index.php?rest_route=\/wp\/v2\/posts\/3337\/revisions"}],"wp:attachment":[{"href":"https:\/\/www.jochenguertler.de\/index.php?rest_route=%2Fwp%2Fv2%2Fmedia&parent=3337"}],"wp:term":[{"taxonomy":"category","embeddable":true,"href":"https:\/\/www.jochenguertler.de\/index.php?rest_route=%2Fwp%2Fv2%2Fcategories&post=3337"},{"taxonomy":"post_tag","embeddable":true,"href":"https:\/\/www.jochenguertler.de\/index.php?rest_route=%2Fwp%2Fv2%2Ftags&post=3337"}],"curies":[{"name":"wp","href":"https:\/\/api.w.org\/{rel}","templated":true}]}}