{"id":3347,"date":"2023-09-29T11:49:41","date_gmt":"2023-09-29T10:49:41","guid":{"rendered":"https:\/\/www.jochenguertler.de\/?p=3347"},"modified":"2023-09-29T11:49:56","modified_gmt":"2023-09-29T10:49:56","slug":"gestalt-und-kreativitaet","status":"publish","type":"post","link":"https:\/\/www.jochenguertler.de\/?p=3347","title":{"rendered":"Gestalt und Kreativit\u00e4t"},"content":{"rendered":"\n<p>Ich habe mich sehr dar\u00fcber gefreut, m<strong>it <a href=\"https:\/\/www.katharina-renke.com\/\">Katharina Renke<\/a> <\/strong>im Rahmen ihres<strong> <a href=\"https:\/\/www.katharina-renke.com\/podcast-gestaltcafe\">Gestalt Caf\u00e9 Podcast <\/a><\/strong>unter dem Titel <strong>&#8222;Design Thinking meets Gestalt&#8220;<\/strong> \u00fcber die Frage zu sprechen, wie Gestalt, Kreativit\u00e4t und Design Thinking zusammenh\u00e4ngen.<\/p>\n\n\n\n<p>Was ist eigentlich Kreativit\u00e4t? Woher kommen die guten Ideen? Und was braucht es, um diese Ideen dann in die Welt zu bringen? <\/p>\n\n\n\n<p>Und wie kann mir Gestalt fernab der therapeutischen Arbeit dabei helfen, meine eigene Kreativit\u00e4t (wieder-) zuentdecken und zur Gestalterin oder dem Gestalter meines Lebens zu werden?<\/p>\n\n\n\n<p>Diese und viele andere Fragen haben wir lebhaft diskutiert und konnte dabei &#8211; einmal mehr &#8211; sp\u00fcren, wie wichtig mir Gestalt(-Therapie) als Haltung und Werkzeugkasten geworden ist.<\/p>\n\n\n\n<p><strong>Mir hat der Austausch mit Katharina grossen Spass gemacht. Danke f\u00fcr die Einladung.<\/strong><\/p>\n\n\n\n<figure class=\"wp-block-embed is-type-video is-provider-youtube wp-block-embed-youtube wp-embed-aspect-16-9 wp-has-aspect-ratio\"><div class=\"wp-block-embed__wrapper\">\n<iframe loading=\"lazy\" title=\"#66 Wie funktioniert ein kreativer Prozess? Schritt f\u00fcr Schritt erkl\u00e4rt (Design Thinking &amp; Gestalt)\" width=\"500\" height=\"281\" src=\"https:\/\/www.youtube.com\/embed\/lgk_BtIUPWA?feature=oembed\" frameborder=\"0\" allow=\"accelerometer; autoplay; clipboard-write; encrypted-media; gyroscope; picture-in-picture; web-share\" referrerpolicy=\"strict-origin-when-cross-origin\" allowfullscreen><\/iframe>\n<\/div><\/figure>\n","protected":false},"excerpt":{"rendered":"<p>Ich habe mich sehr dar\u00fcber gefreut, mit Katharina Renke im Rahmen ihres Gestalt Caf\u00e9 Podcast unter dem Titel &#8222;Design Thinking meets Gestalt&#8220; \u00fcber die Frage zu sprechen, wie Gestalt, Kreativit\u00e4t und Design Thinking zusammenh\u00e4ngen. Was ist eigentlich Kreativit\u00e4t? Woher kommen die guten Ideen? Und was braucht es, um diese Ideen dann in die Welt zu [&hellip;]<\/p>\n","protected":false},"author":1,"featured_media":0,"comment_status":"closed","ping_status":"closed","sticky":false,"template":"","format":"standard","meta":{"footnotes":""},"categories":[5],"tags":[27,17,6,183,28,182],"class_list":["post-3347","post","type-post","status-publish","format-standard","hentry","category-blog","tag-design-thinking","tag-gestalt","tag-gestaltarbeit","tag-gestalttherapie","tag-kreativitaet","tag-podcast"],"_links":{"self":[{"href":"https:\/\/www.jochenguertler.de\/index.php?rest_route=\/wp\/v2\/posts\/3347","targetHints":{"allow":["GET"]}}],"collection":[{"href":"https:\/\/www.jochenguertler.de\/index.php?rest_route=\/wp\/v2\/posts"}],"about":[{"href":"https:\/\/www.jochenguertler.de\/index.php?rest_route=\/wp\/v2\/types\/post"}],"author":[{"embeddable":true,"href":"https:\/\/www.jochenguertler.de\/index.php?rest_route=\/wp\/v2\/users\/1"}],"replies":[{"embeddable":true,"href":"https:\/\/www.jochenguertler.de\/index.php?rest_route=%2Fwp%2Fv2%2Fcomments&post=3347"}],"version-history":[{"count":0,"href":"https:\/\/www.jochenguertler.de\/index.php?rest_route=\/wp\/v2\/posts\/3347\/revisions"}],"wp:attachment":[{"href":"https:\/\/www.jochenguertler.de\/index.php?rest_route=%2Fwp%2Fv2%2Fmedia&parent=3347"}],"wp:term":[{"taxonomy":"category","embeddable":true,"href":"https:\/\/www.jochenguertler.de\/index.php?rest_route=%2Fwp%2Fv2%2Fcategories&post=3347"},{"taxonomy":"post_tag","embeddable":true,"href":"https:\/\/www.jochenguertler.de\/index.php?rest_route=%2Fwp%2Fv2%2Ftags&post=3347"}],"curies":[{"name":"wp","href":"https:\/\/api.w.org\/{rel}","templated":true}]}}