{"id":3369,"date":"2024-07-08T08:31:44","date_gmt":"2024-07-08T07:31:44","guid":{"rendered":"https:\/\/www.jochenguertler.de\/?p=3369"},"modified":"2024-07-08T08:31:52","modified_gmt":"2024-07-08T07:31:52","slug":"die-beste-version-von-sich-selbst","status":"publish","type":"post","link":"https:\/\/www.jochenguertler.de\/?p=3369","title":{"rendered":"Die beste Version von sich selbst"},"content":{"rendered":"\n<p>Letzte Woche erschien im <a href=\"https:\/\/www.spiegel.de\/\">Spiegel<\/a> ein spannendes Interview mit RALF RANGLICK, dem <a href=\"https:\/\/www.linkedin.com\/feed\/hashtag\/?keywords=trainer&amp;highlightedUpdateUrns=urn%3Ali%3Aactivity%3A7215979817723146240\">Trainer<\/a> der \u00f6sterreichischen Nationalmannschaft. In diesem Interview erkl\u00e4rt er mit vielen Details, wie er und sein Team versuchen, das bestm\u00f6gliche Umfeld f\u00fcr die Mannschaft zu schaffen (bis hin zur Auswahl der Bilder, die im Mannschaftshotel h\u00e4ngen).<br><br>Auf die Frage, ob er ein &#8222;Perfektionist&#8220; sei, antwortete er wie folgt:<br><br><em>\u201eDas Wort Perfektionist hat einen negativen Unterton. Aber sehen Sie: Mein Trainerteam und ich sind Dienstleister. Unsere Aufgabe ist es, dass unsere Mannschaft die beste Version von sich selbst sein kann. Wir \u00fcberlegen st\u00e4ndig, was sich in den Abl\u00e4ufen und der Vorbereitung verbessern l\u00e4sst; daf\u00fcr muss man auch mal unbequem sein und darf sich vor allem nicht zu schnell zufriedengeben. Ich sehe mich als Optimierer. Es ist meine Aufgabe, alles und jeden stetig weiterzuentwickeln. Sonst braucht es mich doch gar nicht.\u201c<\/em><br><br>&#8222;Die beste Version von sich selbst zu sein&#8220; \u2013 diesen Anspruch finde ich gro\u00dfartig und genau das treibt mich auch immer an, wenn ich Workshops plane. F\u00fcr den einen oder anderen ist das dann fast schon zu viel &#8222;Detailarbeit&#8220;, aber ich finde, dass ich als Facilitator nichts unversucht lassen sollte, was den Teilnehmenden sp\u00e4ter hilft, &#8222;die beste Version von sich selbst&#8220; zu sein.<br><br>Wie viel Vorbereitung und \u201ePerfektionismus\u201c braucht denn deiner Meinung nach ein wirklich guter Workshop?<\/p>\n\n\n\n<figure class=\"wp-block-image size-large is-style-default\"><a href=\"https:\/\/www.jochenguertler.de\/wp-content\/uploads\/2024\/07\/Portrait-4-scaled.jpg\"><img loading=\"lazy\" decoding=\"async\" width=\"1024\" height=\"683\" src=\"https:\/\/www.jochenguertler.de\/wp-content\/uploads\/2024\/07\/Portrait-4-1024x683.jpg\" alt=\"\" class=\"wp-image-3371\" srcset=\"https:\/\/www.jochenguertler.de\/wp-content\/uploads\/2024\/07\/Portrait-4-1024x683.jpg 1024w, https:\/\/www.jochenguertler.de\/wp-content\/uploads\/2024\/07\/Portrait-4-300x200.jpg 300w, https:\/\/www.jochenguertler.de\/wp-content\/uploads\/2024\/07\/Portrait-4-768x512.jpg 768w, https:\/\/www.jochenguertler.de\/wp-content\/uploads\/2024\/07\/Portrait-4-1536x1024.jpg 1536w, https:\/\/www.jochenguertler.de\/wp-content\/uploads\/2024\/07\/Portrait-4-2048x1365.jpg 2048w\" sizes=\"auto, (max-width: 1024px) 100vw, 1024px\" \/><\/a><\/figure>\n","protected":false},"excerpt":{"rendered":"<p>Letzte Woche erschien im Spiegel ein spannendes Interview mit RALF RANGLICK, dem Trainer der \u00f6sterreichischen Nationalmannschaft. In diesem Interview erkl\u00e4rt er mit vielen Details, wie er und sein Team versuchen, das bestm\u00f6gliche Umfeld f\u00fcr die Mannschaft zu schaffen (bis hin zur Auswahl der Bilder, die im Mannschaftshotel h\u00e4ngen). Auf die Frage, ob er ein &#8222;Perfektionist&#8220; [&hellip;]<\/p>\n","protected":false},"author":1,"featured_media":0,"comment_status":"closed","ping_status":"closed","sticky":false,"template":"","format":"standard","meta":{"footnotes":""},"categories":[5],"tags":[129,187,23],"class_list":["post-3369","post","type-post","status-publish","format-standard","hentry","category-blog","tag-best-practice","tag-facilitation","tag-workshop"],"_links":{"self":[{"href":"https:\/\/www.jochenguertler.de\/index.php?rest_route=\/wp\/v2\/posts\/3369","targetHints":{"allow":["GET"]}}],"collection":[{"href":"https:\/\/www.jochenguertler.de\/index.php?rest_route=\/wp\/v2\/posts"}],"about":[{"href":"https:\/\/www.jochenguertler.de\/index.php?rest_route=\/wp\/v2\/types\/post"}],"author":[{"embeddable":true,"href":"https:\/\/www.jochenguertler.de\/index.php?rest_route=\/wp\/v2\/users\/1"}],"replies":[{"embeddable":true,"href":"https:\/\/www.jochenguertler.de\/index.php?rest_route=%2Fwp%2Fv2%2Fcomments&post=3369"}],"version-history":[{"count":0,"href":"https:\/\/www.jochenguertler.de\/index.php?rest_route=\/wp\/v2\/posts\/3369\/revisions"}],"wp:attachment":[{"href":"https:\/\/www.jochenguertler.de\/index.php?rest_route=%2Fwp%2Fv2%2Fmedia&parent=3369"}],"wp:term":[{"taxonomy":"category","embeddable":true,"href":"https:\/\/www.jochenguertler.de\/index.php?rest_route=%2Fwp%2Fv2%2Fcategories&post=3369"},{"taxonomy":"post_tag","embeddable":true,"href":"https:\/\/www.jochenguertler.de\/index.php?rest_route=%2Fwp%2Fv2%2Ftags&post=3369"}],"curies":[{"name":"wp","href":"https:\/\/api.w.org\/{rel}","templated":true}]}}