{"id":3376,"date":"2024-07-26T09:00:02","date_gmt":"2024-07-26T08:00:02","guid":{"rendered":"https:\/\/www.jochenguertler.de\/?p=3376"},"modified":"2024-07-26T09:00:31","modified_gmt":"2024-07-26T08:00:31","slug":"ein-spannender-workshop-juli","status":"publish","type":"post","link":"https:\/\/www.jochenguertler.de\/?p=3376","title":{"rendered":"Ein spannender Workshop-Juli"},"content":{"rendered":"\n<p>Nach 10 intensiven Workshop-Tagen an 4 Schulen mit rund 100 durchweg motivierten und neugierigen Sch\u00fclerinnen und Sch\u00fclern sagen <a href=\"https:\/\/ministeriumfuerglueck.de\/\"><a href=\"https:\/\/ministeriumfuerglueck.de\/\"><\/a><a href=\"https:\/\/www.linkedin.com\/in\/ACoAABCIIxcBbjaKy3hdZWWXwewdElTF0MEsiiA\"><\/a>Gina<\/a> und ich <strong>DANKE<\/strong>!<br><br>Danke an alle Teilnehmenden f\u00fcr ganz viel Mut, Offenheit und Kreativit\u00e4t. Und Danke auch f\u00fcr die mittlerweile langj\u00e4hrige und tolle Unterst\u00fctzung durch die <a href=\"https:\/\/www.hopp-foundation.de\/\">Hopp Foundation<\/a> und <a href=\"https:\/\/www.linkedin.com\/in\/gepa-h%C3%A4usslein-6a2a047b\/\">Gepa H\u00e4usslein<\/a> ohne die solche Formate wohl nicht m\u00f6glich w\u00e4ren.<br><br><strong>Wir freuen uns wirklich sehr, dass wir mit unserem Format inspirieren und motivieren k\u00f6nnen, das eigene Gl\u00fcck Schritt f\u00fcr Schritt selbst in die Hand zu nehmen und das Leben mit viel Optimismus und Dankbarkeit anzugehen.<\/strong><br><br>Und wer sich jetzt fragt, wer wir eigentlich sind, was sich hinter <a href=\"https:\/\/www.redesign-you.de\/\">redesign YOU<\/a> verbirgt und was unsere ganz pers\u00f6nliche Motivation daf\u00fcr ist &#8211; dem sei dieses Video empfohlen \ud83d\ude42<br><\/p>\n\n\n\n<figure class=\"wp-block-embed is-type-video is-provider-youtube wp-block-embed-youtube wp-embed-aspect-16-9 wp-has-aspect-ratio\"><div class=\"wp-block-embed__wrapper\">\n<iframe loading=\"lazy\" title=\"Gina und Jochen sprechen \u00fcber sich und redesign YOU\" width=\"500\" height=\"281\" src=\"https:\/\/www.youtube.com\/embed\/V8J2nvWZNHM?feature=oembed\" frameborder=\"0\" allow=\"accelerometer; autoplay; clipboard-write; encrypted-media; gyroscope; picture-in-picture; web-share\" referrerpolicy=\"strict-origin-when-cross-origin\" allowfullscreen><\/iframe>\n<\/div><\/figure>\n","protected":false},"excerpt":{"rendered":"<p>Nach 10 intensiven Workshop-Tagen an 4 Schulen mit rund 100 durchweg motivierten und neugierigen Sch\u00fclerinnen und Sch\u00fclern sagen Gina und ich DANKE! Danke an alle Teilnehmenden f\u00fcr ganz viel Mut, Offenheit und Kreativit\u00e4t. Und Danke auch f\u00fcr die mittlerweile langj\u00e4hrige und tolle Unterst\u00fctzung durch die Hopp Foundation und Gepa H\u00e4usslein ohne die solche Formate wohl [&hellip;]<\/p>\n","protected":false},"author":1,"featured_media":0,"comment_status":"closed","ping_status":"closed","sticky":false,"template":"","format":"standard","meta":{"footnotes":""},"categories":[5],"tags":[27,24,109,112,8,23],"class_list":["post-3376","post","type-post","status-publish","format-standard","hentry","category-blog","tag-design-thinking","tag-personlichkeitsentwicklung","tag-redesign-you","tag-schule","tag-veranderung","tag-workshop"],"_links":{"self":[{"href":"https:\/\/www.jochenguertler.de\/index.php?rest_route=\/wp\/v2\/posts\/3376","targetHints":{"allow":["GET"]}}],"collection":[{"href":"https:\/\/www.jochenguertler.de\/index.php?rest_route=\/wp\/v2\/posts"}],"about":[{"href":"https:\/\/www.jochenguertler.de\/index.php?rest_route=\/wp\/v2\/types\/post"}],"author":[{"embeddable":true,"href":"https:\/\/www.jochenguertler.de\/index.php?rest_route=\/wp\/v2\/users\/1"}],"replies":[{"embeddable":true,"href":"https:\/\/www.jochenguertler.de\/index.php?rest_route=%2Fwp%2Fv2%2Fcomments&post=3376"}],"version-history":[{"count":0,"href":"https:\/\/www.jochenguertler.de\/index.php?rest_route=\/wp\/v2\/posts\/3376\/revisions"}],"wp:attachment":[{"href":"https:\/\/www.jochenguertler.de\/index.php?rest_route=%2Fwp%2Fv2%2Fmedia&parent=3376"}],"wp:term":[{"taxonomy":"category","embeddable":true,"href":"https:\/\/www.jochenguertler.de\/index.php?rest_route=%2Fwp%2Fv2%2Fcategories&post=3376"},{"taxonomy":"post_tag","embeddable":true,"href":"https:\/\/www.jochenguertler.de\/index.php?rest_route=%2Fwp%2Fv2%2Ftags&post=3376"}],"curies":[{"name":"wp","href":"https:\/\/api.w.org\/{rel}","templated":true}]}}