{"id":3383,"date":"2024-09-12T10:15:57","date_gmt":"2024-09-12T09:15:57","guid":{"rendered":"https:\/\/www.jochenguertler.de\/?p=3383"},"modified":"2024-09-12T10:15:57","modified_gmt":"2024-09-12T09:15:57","slug":"raum-fuer-begegnung-bei-guter-musik","status":"publish","type":"post","link":"https:\/\/www.jochenguertler.de\/?p=3383","title":{"rendered":"Raum f\u00fcr Begegnung \u2013 bei guter Musik!"},"content":{"rendered":"\n<p>Echte Begegnung auf Augenh\u00f6he, gemeinsames kreatives Neudenken und der konstruktive Austausch auch widerspr\u00fcchlicher Meinungen und Perspektiven braucht immer einen geeigneten Rahmen, der dies erm\u00f6glicht.<br><br>Diesen Raum zu schaffen, ist eine meiner Aufgaben als Facilitator in meinen Workshops und Projekten. Und in gewisser Weise bin ich auch der Gastgeber, der daf\u00fcr sorgt, dass sich alle (Workshop-Teilnehmenden) wohl f\u00fchlen und sich bestm\u00f6glich einbringen k\u00f6nnen.<br><br>Gastgeber bin ich auch morgen, wenn ich wieder einmal zum Sofa Concert einlade &#8211; komm vorbei und bring viele nette Leute mit. Um den Rest k\u00fcmmere ich mich \ud83d\ude42<\/p>\n\n\n\n<figure class=\"wp-block-image size-large\"><a href=\"https:\/\/www.jochenguertler.de\/wp-content\/uploads\/2024\/09\/Sofa-Concert.png\"><img loading=\"lazy\" decoding=\"async\" width=\"1024\" height=\"538\" src=\"https:\/\/www.jochenguertler.de\/wp-content\/uploads\/2024\/09\/Sofa-Concert-1024x538.png\" alt=\"\" class=\"wp-image-3384\" srcset=\"https:\/\/www.jochenguertler.de\/wp-content\/uploads\/2024\/09\/Sofa-Concert-1024x538.png 1024w, https:\/\/www.jochenguertler.de\/wp-content\/uploads\/2024\/09\/Sofa-Concert-300x158.png 300w, https:\/\/www.jochenguertler.de\/wp-content\/uploads\/2024\/09\/Sofa-Concert-768x403.png 768w, https:\/\/www.jochenguertler.de\/wp-content\/uploads\/2024\/09\/Sofa-Concert.png 1200w\" sizes=\"auto, (max-width: 1024px) 100vw, 1024px\" \/><\/a><\/figure>\n","protected":false},"excerpt":{"rendered":"<p>Echte Begegnung auf Augenh\u00f6he, gemeinsames kreatives Neudenken und der konstruktive Austausch auch widerspr\u00fcchlicher Meinungen und Perspektiven braucht immer einen geeigneten Rahmen, der dies erm\u00f6glicht. Diesen Raum zu schaffen, ist eine meiner Aufgaben als Facilitator in meinen Workshops und Projekten. Und in gewisser Weise bin ich auch der Gastgeber, der daf\u00fcr sorgt, dass sich alle (Workshop-Teilnehmenden) [&hellip;]<\/p>\n","protected":false},"author":1,"featured_media":0,"comment_status":"closed","ping_status":"closed","sticky":false,"template":"","format":"standard","meta":{"footnotes":""},"categories":[5],"tags":[142,187,131],"class_list":["post-3383","post","type-post","status-publish","format-standard","hentry","category-blog","tag-begegnung","tag-facilitation","tag-sofaconcert"],"_links":{"self":[{"href":"https:\/\/www.jochenguertler.de\/index.php?rest_route=\/wp\/v2\/posts\/3383","targetHints":{"allow":["GET"]}}],"collection":[{"href":"https:\/\/www.jochenguertler.de\/index.php?rest_route=\/wp\/v2\/posts"}],"about":[{"href":"https:\/\/www.jochenguertler.de\/index.php?rest_route=\/wp\/v2\/types\/post"}],"author":[{"embeddable":true,"href":"https:\/\/www.jochenguertler.de\/index.php?rest_route=\/wp\/v2\/users\/1"}],"replies":[{"embeddable":true,"href":"https:\/\/www.jochenguertler.de\/index.php?rest_route=%2Fwp%2Fv2%2Fcomments&post=3383"}],"version-history":[{"count":0,"href":"https:\/\/www.jochenguertler.de\/index.php?rest_route=\/wp\/v2\/posts\/3383\/revisions"}],"wp:attachment":[{"href":"https:\/\/www.jochenguertler.de\/index.php?rest_route=%2Fwp%2Fv2%2Fmedia&parent=3383"}],"wp:term":[{"taxonomy":"category","embeddable":true,"href":"https:\/\/www.jochenguertler.de\/index.php?rest_route=%2Fwp%2Fv2%2Fcategories&post=3383"},{"taxonomy":"post_tag","embeddable":true,"href":"https:\/\/www.jochenguertler.de\/index.php?rest_route=%2Fwp%2Fv2%2Ftags&post=3383"}],"curies":[{"name":"wp","href":"https:\/\/api.w.org\/{rel}","templated":true}]}}