{"id":390,"date":"2011-08-09T09:55:49","date_gmt":"2011-08-09T08:55:49","guid":{"rendered":"http:\/\/www.jochenguertler.de\/?p=390"},"modified":"2011-09-08T01:14:46","modified_gmt":"2011-09-08T00:14:46","slug":"alles-nur-in-meinem-kopf","status":"publish","type":"post","link":"https:\/\/www.jochenguertler.de\/?p=390","title":{"rendered":"Alles nur in meinem Kopf"},"content":{"rendered":"<p style=\"text-align: left;\"><em><strong><a href=\"https:\/\/www.jochenguertler.de\/wp-content\/uploads\/2011\/08\/B004ZFAD6C-large.jpg\"><img loading=\"lazy\" decoding=\"async\" class=\"alignleft size-medium wp-image-412\" title=\"B004ZFAD6C-large\" src=\"https:\/\/www.jochenguertler.de\/wp-content\/uploads\/2011\/08\/B004ZFAD6C-large-300x261.jpg\" alt=\"\" width=\"144\" height=\"126\" srcset=\"https:\/\/www.jochenguertler.de\/wp-content\/uploads\/2011\/08\/B004ZFAD6C-large-300x261.jpg 300w, https:\/\/www.jochenguertler.de\/wp-content\/uploads\/2011\/08\/B004ZFAD6C-large-150x130.jpg 150w, https:\/\/www.jochenguertler.de\/wp-content\/uploads\/2011\/08\/B004ZFAD6C-large-400x348.jpg 400w, https:\/\/www.jochenguertler.de\/wp-content\/uploads\/2011\/08\/B004ZFAD6C-large.jpg 500w\" sizes=\"auto, (max-width: 144px) 100vw, 144px\" \/><\/a>Alles nur in meinem Kopf<\/strong><\/em>.<\/p>\n<p style=\"text-align: left;\">Ganz abgesehen davon, dass meine zwei Lieblingsneffen dieses Lied gerade rauf- und auch wieder runterh\u00f6ren, finde ich die eine oder andere Zeile doch wirklich h\u00f6rens- und vor allem lesenswert (das gilt \u00fcbrigens f\u00fcr die ganze CD wie ich finde. Mein pers\u00f6nlicher Favorit ist eindeutig <em>&#8222;Wunder&#8220;<\/em>).<\/p>\n<p style=\"text-align: left;\"><em>Ich kann in 3 Sekunden die Welt erobern<br \/>\nDen Himmel st\u00fcrmen und in mir wohnen.<br \/>\nIn 2 Sekunden Frieden stiften, Liebe machen, den Feind vergiften.<br \/>\nIn &#8217;ner Sekunde Schl\u00f6sser bauen<br \/>\n2 Tage einzieh&#8217;n und alles kaputt hau&#8217;n.<br \/>\nAlles Geld der Welt verbrenn&#8216;<br \/>\nund heut&#8216; die Zukunft kenn&#8216;.<\/em><\/p>\n<p style=\"text-align: left;\">In der Tat sind da schon wirklich unendliche M\u00f6glichkeiten, die wir in unserem Kopf mit uns herumtragen. Und solange uns diese (nur) gedachten M\u00f6glichkeiten nicht vom &#8222;wahren&#8220; Leben abhalten, finde ich das auch eine prima Sache. Vor allem, wenn man zur gegebenen Zeit zumindest den einen oder anderen Gedanken in die Realit\u00e4t umsetzt. Und das dann vielleicht noch besser wird, als man es sich jemals in Gedanken ausgemalt hat?!<\/p>\n<p><em>Und das ist alles nur in meinem Kopf.<br \/>\nUnd das ist alles nur in meinem Kopf.<br \/>\nIch w\u00e4r&#8216; gern l\u00e4nger dort geblieben,<br \/>\ndoch die Gedanken kommen und fliegen.<br \/>\nAlles nur in meinem Kopf<br \/>\nUnd das ist alles nur in meinem Kopf.<\/em><\/p>\n<p><em>&#8222;Ich w\u00e4r gern l\u00e4nger dort geblieben&#8220;<\/em> &#8211; das ging mir schon bei der einen oder anderen Meditation oder Phantasiereise so. Da kann die Zeit wirklich wie im Fluge vergehen und ich wundere mich danach, wie schnell eine Stunde vergehen kann, wenn die <em>&#8222;Gedanken kommen und fliegen&#8220;<\/em>.<\/p>\n<p>Was aber tun, wenn die Gedanken vielleicht kommen, aber scheinbar nicht mehr wegwollen? Oder so viel Aufmerksamkeit einfordern, dass man vor lauter &#8222;Gedankendenken&#8220; nicht mir zum Leben leben kommt. Nur noch die gedachten Optionen sieht. Und die Chancen verpasst, die sich mitunter im Hier und Jetzt zeigen?<\/p>\n<p>Wenn man in Gedanken schon die &#8222;Hochzeit in Weiss&#8220; plant, das nette M\u00e4del am Tisch gegen\u00fcber aber noch garnicht angesprochen hat. Wenn man gedanklich noch bei der Arbeit ist, und dadurch den sch\u00f6nen Abend mit der Familie &#8222;verpasst&#8220;? Wenn man das Leben, das man sich erhofft, im wahrsten Sinne des Wortes nur in Gedanken lebt? Wenn man am Ende nur &#8222;gedacht&#8220; und nicht &#8222;gelebt&#8220; hat?<\/p>\n<p><em>Wir sind f\u00fcr 2 Sekungen Ewigkeit unsichtbar<br \/>\nIch stopp die Zeit<br \/>\nKann in Sekunden Fliegen lernen<br \/>\nUnd wei\u00df wie&#8217;s sein kann, nie zu sterben.<br \/>\nDie Welt durch deine Augen seh&#8217;n.<br \/>\nAugen zu und durch W\u00e4nde geh&#8217;n.<\/em><\/p>\n<p><em>&#8222;Kann in Sekunden fliegen&#8220; &#8211; <\/em>ist eine tolle Vorstellung, die Realit\u00e4t, die ich vor kurzem beim Sprung aus 4000 Meter erlebt habe, war aber ungleich fesselnder finde ich. F\u00fcr mich ein wunderbares Beispiel, dass es sich lohnt, den einen oder anderen bis jetzt nur gedachten &#8222;Traum&#8220; oder Gedanken auch in die Realit\u00e4t umzusetzen. <em><br \/>\n<\/em><\/p>\n<p><em>Du bist wie ich, ich bin wie du<br \/>\nWir alle sind aus Fantasie<br \/>\nWir sind aus Staub und Fantasie<br \/>\nWir sind aus Staub und Fantasie<\/em><\/p>\n<p><em>&#8222;Wir alle sind aus Fantasie&#8220;<\/em> &#8211; so sch\u00f6n Fantasien sind, mein Gegen\u00fcber m\u00f6chte ich doch wennm\u00f6glich vor allem so wahrnehmen und erleben, wie er oder sie auch ist. Nicht das Bild oder die Fantasie von ihm oder ihr. Ansonsten bliebt es wohl nur bei einem recht oberfl\u00e4chlichen &#8222;Kontakt&#8220; zwischen Fantasien.<\/p>\n<p><em>Alles nur in meinem Kopf<br \/>\nIn meinem Kopf<br \/>\nIch w\u00e4r&#8216; gern l\u00e4nger dort geblieben,<br \/>\ndoch die Gedanken kommen und fliegen<\/em><\/p>\n<p>Ich finde es wunderbar &#8222;Gedanken zu spinnen&#8220; &#8211; mal k\u00fcrzer, mal l\u00e4nger. Und dann m\u00f6chte ich den einen oder anderen Gedanken nehmen, und ihn in die Tat umsetzen. Das ist f\u00fcr mich die stimmigste Kombination.<\/p>\n<p><em><strong>Dann ist eben nicht alles nur in meinem Kopf &#8211; sondern wird Teil von meinem Leben.<\/strong><\/em><\/p>\n","protected":false},"excerpt":{"rendered":"<p>Alles nur in meinem Kopf. Ganz abgesehen davon, dass meine zwei Lieblingsneffen dieses Lied gerade rauf- und auch wieder runterh\u00f6ren, finde ich die eine oder andere Zeile doch wirklich h\u00f6rens- und vor allem lesenswert (das gilt \u00fcbrigens f\u00fcr die ganze CD wie ich finde. Mein pers\u00f6nlicher Favorit ist eindeutig &#8222;Wunder&#8220;). Ich kann in 3 Sekunden [&hellip;]<\/p>\n","protected":false},"author":1,"featured_media":0,"comment_status":"open","ping_status":"open","sticky":false,"template":"","format":"standard","meta":{"footnotes":""},"categories":[5],"tags":[11],"class_list":["post-390","post","type-post","status-publish","format-standard","hentry","category-blog","tag-meditation"],"_links":{"self":[{"href":"https:\/\/www.jochenguertler.de\/index.php?rest_route=\/wp\/v2\/posts\/390","targetHints":{"allow":["GET"]}}],"collection":[{"href":"https:\/\/www.jochenguertler.de\/index.php?rest_route=\/wp\/v2\/posts"}],"about":[{"href":"https:\/\/www.jochenguertler.de\/index.php?rest_route=\/wp\/v2\/types\/post"}],"author":[{"embeddable":true,"href":"https:\/\/www.jochenguertler.de\/index.php?rest_route=\/wp\/v2\/users\/1"}],"replies":[{"embeddable":true,"href":"https:\/\/www.jochenguertler.de\/index.php?rest_route=%2Fwp%2Fv2%2Fcomments&post=390"}],"version-history":[{"count":0,"href":"https:\/\/www.jochenguertler.de\/index.php?rest_route=\/wp\/v2\/posts\/390\/revisions"}],"wp:attachment":[{"href":"https:\/\/www.jochenguertler.de\/index.php?rest_route=%2Fwp%2Fv2%2Fmedia&parent=390"}],"wp:term":[{"taxonomy":"category","embeddable":true,"href":"https:\/\/www.jochenguertler.de\/index.php?rest_route=%2Fwp%2Fv2%2Fcategories&post=390"},{"taxonomy":"post_tag","embeddable":true,"href":"https:\/\/www.jochenguertler.de\/index.php?rest_route=%2Fwp%2Fv2%2Ftags&post=390"}],"curies":[{"name":"wp","href":"https:\/\/api.w.org\/{rel}","templated":true}]}}